{"id":301420,"date":"2026-05-08T11:05:00","date_gmt":"2026-05-08T09:05:00","guid":{"rendered":"https:\/\/www.tucomarca.com\/wordpress\/segunda\/?p=301420"},"modified":"2026-05-08T18:50:56","modified_gmt":"2026-05-08T16:50:56","slug":"la-guardia-civil-localitza-en-bon-estat-un-home-desaparegut-a-benaguasil","status":"publish","type":"post","link":"https:\/\/tucomarca.whitekongsoftware.com\/ca\/la-guardia-civil-localitza-en-bon-estat-un-home-desaparegut-a-benaguasil\/","title":{"rendered":"La Gu\u00e0rdia Civil localitza en bon estat un home desaparegut a Benaguasil"},"content":{"rendered":"\n<p class=\"wp-block-paragraph\">La Gu\u00e0rdia Civil ha localitzat un home de 74 anys que havia desaparegut ahir a la localitat valenciana de Benaguasil. La desaparici\u00f3 es va produir al voltant de les 16.00 hores, moment en qu\u00e8 es va donar av\u00eds als serveis d\u2019emerg\u00e8ncia davant la preocupaci\u00f3 dels seus familiars, ja que l\u2019home no portava amb ell la medicaci\u00f3 necess\u00e0ria per a tractar la seua malaltia.<\/p>\n\n\n\n<p class=\"wp-block-paragraph\">Despr\u00e9s de rebre l\u2019av\u00eds, es va activar un dispositiu de busca en el qual van participar patrulles de la Gu\u00e0rdia Civil i agents de la Policia Local de Benaguasil, que van coordinar les tasques de rastreig per diferents zones del municipi.<\/p>\n\n\n\n<p class=\"wp-block-paragraph\">Tres hores despr\u00e9s d\u2019iniciar-se la busca, una patrulla de la Gu\u00e0rdia Civil va aconseguir localitzar el desaparegut desorientat, encara que en bon estat f\u00edsic, posant fi a l\u2019operatiu amb un resultat satisfactori.<\/p>\n\n\n\n<p class=\"wp-block-paragraph\">La r\u00e0pida actuaci\u00f3 i la coordinaci\u00f3 entre els diferents cossos de seguretat van permetre localitzar l\u2019home en poc de temps i evitar possibles conseq\u00fc\u00e8ncies majors.<\/p>\n","protected":false},"excerpt":{"rendered":"<div class=\"mh-excerpt\">La Gu\u00e0rdia Civil ha localitzat un home de 74 anys que havia desaparegut ahir a la localitat valenciana de Benaguasil. La desaparici\u00f3 es va produir al voltant de les 16.00 hores, moment en qu\u00e8 es <a class=\"mh-excerpt-more\" href=\"https:\/\/tucomarca.whitekongsoftware.com\/ca\/la-guardia-civil-localitza-en-bon-estat-un-home-desaparegut-a-benaguasil\/\" title=\"La Gu\u00e0rdia Civil localitza en bon estat un home desaparegut a Benaguasil\">[+] <\/a><\/div>\n","protected":false},"author":1,"featured_media":301410,"comment_status":"closed","ping_status":"open","sticky":false,"template":"","format":"standard","meta":{"footnotes":""},"categories":[10952,10892,10898,10894,10896,10897],"tags":[11136,10899,11118,24297],"class_list":["post-301420","post","type-post","status-publish","format-standard","has-post-thumbnail","category-benaguasil-ca","category-camp-de-turia-ca","category-ventana-ca","category-la-comarca-ca","category-seccion-ca","category-sucesos-la-comarca-ca","tag-benaguasil-ca","tag-camp-de-turia-ca","tag-guardia-civil-ca","tag-policia-local-de-benaguasil"],"_links":{"self":[{"href":"https:\/\/tucomarca.whitekongsoftware.com\/ca\/wp-json\/wp\/v2\/posts\/301420","targetHints":{"allow":["GET"]}}],"collection":[{"href":"https:\/\/tucomarca.whitekongsoftware.com\/ca\/wp-json\/wp\/v2\/posts"}],"about":[{"href":"https:\/\/tucomarca.whitekongsoftware.com\/ca\/wp-json\/wp\/v2\/types\/post"}],"author":[{"embeddable":true,"href":"https:\/\/tucomarca.whitekongsoftware.com\/ca\/wp-json\/wp\/v2\/users\/1"}],"replies":[{"embeddable":true,"href":"https:\/\/tucomarca.whitekongsoftware.com\/ca\/wp-json\/wp\/v2\/comments?post=301420"}],"version-history":[{"count":0,"href":"https:\/\/tucomarca.whitekongsoftware.com\/ca\/wp-json\/wp\/v2\/posts\/301420\/revisions"}],"wp:featuredmedia":[{"embeddable":true,"href":"https:\/\/tucomarca.whitekongsoftware.com\/ca\/wp-json\/wp\/v2\/media\/301410"}],"wp:attachment":[{"href":"https:\/\/tucomarca.whitekongsoftware.com\/ca\/wp-json\/wp\/v2\/media?parent=301420"}],"wp:term":[{"taxonomy":"category","embeddable":true,"href":"https:\/\/tucomarca.whitekongsoftware.com\/ca\/wp-json\/wp\/v2\/categories?post=301420"},{"taxonomy":"post_tag","embeddable":true,"href":"https:\/\/tucomarca.whitekongsoftware.com\/ca\/wp-json\/wp\/v2\/tags?post=301420"}],"curies":[{"name":"wp","href":"https:\/\/api.w.org\/{rel}","templated":true}]}}