{"id":301211,"date":"2026-05-05T09:00:00","date_gmt":"2026-05-05T07:00:00","guid":{"rendered":"https:\/\/www.tucomarca.com\/wordpress\/segunda\/?p=301211"},"modified":"2026-05-06T19:48:09","modified_gmt":"2026-05-06T17:48:09","slug":"eu-up-presenta-7-allegacions-a-la-proposta-del-govern-municipal-sobre-la-modificacio-de-14-de-les-normes-subsidiaries-del-planejament-urbanistic-de-bunyol","status":"publish","type":"post","link":"https:\/\/tucomarca.whitekongsoftware.com\/ca\/eu-up-presenta-7-allegacions-a-la-proposta-del-govern-municipal-sobre-la-modificacio-de-14-de-les-normes-subsidiaries-del-planejament-urbanistic-de-bunyol\/","title":{"rendered":"EU-UP presenta 7 al\u00b7legacions a la proposta del govern municipal sobre la modificaci\u00f3 de 14 de les normes subsidi\u00e0ries del planejament urban\u00edstic de Bunyol"},"content":{"rendered":"\n<p class=\"wp-block-paragraph\">El portaveu de la formaci\u00f3 pol\u00edtica Esquerra Unida-Unides Podem (EU-UP), Chimo Masmano Ruiz, ha fet p\u00fabliques les al\u00b7legacions presentades pel seu grup a la proposta del govern municipal sobre la modificaci\u00f3 de 14 de les normes subsidi\u00e0ries del planejament urban\u00edstic de Bunyol:<\/p>\n\n\n\n<ol class=\"wp-block-list\">\n<li>La Pla\u00e7a del Poble ha de continuar sent zona verda perqu\u00e8 puga projectar-se una gran pla\u00e7a p\u00fablica que actualment no tenim i que seria urban\u00edstica i socialment important\u00edssima. (Per tant, no cal requalificar-la per a construcci\u00f3 d&#8217;habitatges).<\/li>\n\n\n\n<li>La Pla\u00e7a de la Venda ha de continuar sent zona verda i per tant no cap modificaci\u00f3 per a evitar possibles eliminacions de zona per als vianants.<\/li>\n\n\n\n<li>El col\u00b7legi de la Talaia (Sagrada Fam\u00edlia) no ha de requalificar-se perqu\u00e8 es amplie la zona escolar i per tant ha de respectar-se la zona verda, la pineda etc.<\/li>\n\n\n\n<li>Els edificis del vell Escorxador del carrer Ruiz Pons i Ernesto Gim\u00e9nez ha de ser solars municipals per a construcci\u00f3 d&#8217;habitatge p\u00fablic o protegit.<\/li>\n\n\n\n<li>El solar del carrer P\u00e9rez Gald\u00f3s propietat de Cemex ha de ser permutat a l&#8217;Ajuntament per a la construcci\u00f3 d&#8217;habitatges p\u00fablics o protegits.<\/li>\n\n\n\n<li>Tres parcel\u00b7les del pol\u00edgon industrial del Pla que estan sense construir han de qualificar-se com a solar per a construcci\u00f3 de naus industrials.<\/li>\n\n\n\n<li>Els habitatges del carrer Ernesto Gim\u00e9nez enfront de la caserna de la Gu\u00e0rdia Civil i els habitatges del carrer M\u00fasic Virgili Mas i Farmac\u00e8utic Salvador Aparisi deuen directament incorporar-se al tramat urb\u00e0 actual i no incloure&#8217;s en el futur Pla de Reforma Integral (PRI).<\/li>\n<\/ol>\n","protected":false},"excerpt":{"rendered":"<div class=\"mh-excerpt\">El portaveu de la formaci\u00f3 pol\u00edtica Esquerra Unida-Unides Podem (EU-UP), Chimo Masmano Ruiz, ha fet p\u00fabliques les al\u00b7legacions presentades pel seu grup a la proposta del govern municipal sobre la modificaci\u00f3 de 14 de les <a class=\"mh-excerpt-more\" href=\"https:\/\/tucomarca.whitekongsoftware.com\/ca\/eu-up-presenta-7-allegacions-a-la-proposta-del-govern-municipal-sobre-la-modificacio-de-14-de-les-normes-subsidiaries-del-planejament-urbanistic-de-bunyol\/\" title=\"EU-UP presenta 7 al\u00b7legacions a la proposta del govern municipal sobre la modificaci\u00f3 de 14 de les normes subsidi\u00e0ries del planejament urban\u00edstic de Bunyol\">[+] <\/a><\/div>\n","protected":false},"author":12,"featured_media":185179,"comment_status":"closed","ping_status":"open","sticky":false,"template":"","format":"standard","meta":{"footnotes":""},"categories":[10911,10948,10894,10912,10947,10896],"tags":[10913,11569,19108,10914],"class_list":["post-301211","post","type-post","status-publish","format-standard","has-post-thumbnail","category-bunol-ca","category-infraestructuras-ca","category-la-comarca-ca","category-la-hoya-ca","category-politica","category-seccion-ca","tag-bunol-ca","tag-esquerra-unida-bunol-ca","tag-eupv-unidas-podemos-ca","tag-la-hoya-de-bunol-chiva-ca"],"_links":{"self":[{"href":"https:\/\/tucomarca.whitekongsoftware.com\/ca\/wp-json\/wp\/v2\/posts\/301211","targetHints":{"allow":["GET"]}}],"collection":[{"href":"https:\/\/tucomarca.whitekongsoftware.com\/ca\/wp-json\/wp\/v2\/posts"}],"about":[{"href":"https:\/\/tucomarca.whitekongsoftware.com\/ca\/wp-json\/wp\/v2\/types\/post"}],"author":[{"embeddable":true,"href":"https:\/\/tucomarca.whitekongsoftware.com\/ca\/wp-json\/wp\/v2\/users\/12"}],"replies":[{"embeddable":true,"href":"https:\/\/tucomarca.whitekongsoftware.com\/ca\/wp-json\/wp\/v2\/comments?post=301211"}],"version-history":[{"count":0,"href":"https:\/\/tucomarca.whitekongsoftware.com\/ca\/wp-json\/wp\/v2\/posts\/301211\/revisions"}],"wp:featuredmedia":[{"embeddable":true,"href":"https:\/\/tucomarca.whitekongsoftware.com\/ca\/wp-json\/wp\/v2\/media\/185179"}],"wp:attachment":[{"href":"https:\/\/tucomarca.whitekongsoftware.com\/ca\/wp-json\/wp\/v2\/media?parent=301211"}],"wp:term":[{"taxonomy":"category","embeddable":true,"href":"https:\/\/tucomarca.whitekongsoftware.com\/ca\/wp-json\/wp\/v2\/categories?post=301211"},{"taxonomy":"post_tag","embeddable":true,"href":"https:\/\/tucomarca.whitekongsoftware.com\/ca\/wp-json\/wp\/v2\/tags?post=301211"}],"curies":[{"name":"wp","href":"https:\/\/api.w.org\/{rel}","templated":true}]}}