{"id":301080,"date":"2026-05-05T10:00:00","date_gmt":"2026-05-05T08:00:00","guid":{"rendered":"https:\/\/www.tucomarca.com\/wordpress\/segunda\/?p=301080"},"modified":"2026-05-06T19:12:51","modified_gmt":"2026-05-06T17:12:51","slug":"natalia-enguix-presenta-en-la-fira-del-llibre-la-reflexio-de-la-fiscal-susana-gisbert-sobre-la-justicia-amb-perspectiva-de-genere","status":"publish","type":"post","link":"https:\/\/tucomarca.whitekongsoftware.com\/ca\/natalia-enguix-presenta-en-la-fira-del-llibre-la-reflexio-de-la-fiscal-susana-gisbert-sobre-la-justicia-amb-perspectiva-de-genere\/","title":{"rendered":"Nat\u00e0lia Enguix presenta en la Fira del Llibre la reflexi\u00f3 de la fiscal Susana Gisbert sobre la just\u00edcia amb perspectiva de g\u00e8nere"},"content":{"rendered":"\n<h3 class=\"wp-block-heading\">L&#8217;editorial Alfons el Magn\u00e0nim de la Diputaci\u00f3 de Val\u00e8ncia publica l&#8217;\u00faltim treball de la fiscal contra delictes d&#8217;odi, que amb el t\u00edtol \u2018Exercir la just\u00edcia amb perspectiva de g\u00e8nere\u2019 mostra la seua visi\u00f3 professional dels dos \u00e0mbits.<\/h3>\n\n\n\n<h3 class=\"wp-block-heading\">La vicepresidenta Nat\u00e0lia Enguix, responsable d&#8217;Igualtat, va participar en l&#8217;acte: \u201cel llibre \u00e9s un punt d&#8217;inflexi\u00f3 que ens permet obrir un debat i transformar mentalitats de vegades aferrades a la tradici\u00f3 m\u00e9s retr\u00f2grada\u201d.<\/h3>\n\n\n\n<p class=\"wp-block-paragraph\">La vicepresidenta primera de la Diputaci\u00f3 de Val\u00e8ncia, Nat\u00e0lia Enguix, va presentar este dilluns en la Fira del Llibre \u2018Exercir la just\u00edcia amb perspectiva de g\u00e8nere\u2019, la reflexi\u00f3 de Susana Gisbert, fiscal especialitzada en delictes d&#8217;odi, sobre la necessitat de la mirada violeta en els jutjats. El t\u00edtol, publicat en la col\u00b7lecci\u00f3 Estudis Universitaris de l&#8217;editorial Alfons el Magn\u00e0nim de la Diputaci\u00f3, \u201c\u00e9s un punt d&#8217;inflexi\u00f3 que ens permet obrir el debat i transformar mentalitats de vegades aferrades a la tradici\u00f3 m\u00e9s retr\u00f2grada\u201d, va assenyalar Enguix en la presentaci\u00f3 de l&#8217;obra en la Fira de Vivers.<\/p>\n\n\n\n<p class=\"wp-block-paragraph\">Per a Nat\u00e0lia Enguix &#8220;no \u00e9s necessari justificar este tipus de publicacions, per\u00f2 per als qui mantenen eixa visi\u00f3 retr\u00f2grada de la realitat podem respondre amb fets: l&#8217;any passat van ser assassinades 46 dones a les mans de les seues parelles o ex parelles, i enguany portem 16 en menys de quatre mesos&#8221;. Qu\u00e8 t\u00e9 a veure la just\u00edcia en esta xacra social? La responsable d&#8217;Igualtat en la Diputaci\u00f3 ho t\u00e9 clar: &#8220;per a jutjar estos crims tenim un m\u00f3n judicial que, sovint, no disposa de suficient preparaci\u00f3 per a plantejar solucions, perqu\u00e8 no porten les ulleres violeta&#8221;.<\/p>\n\n\n\n<p class=\"wp-block-paragraph\">\u201cQuan s&#8217;expliquen les coses de manera did\u00e0ctica, en debats, confer\u00e8ncies o publicacions com la de Susana, o com les que venim impulsant des de l&#8217;\u00e0rea d&#8217;Igualtat, amb manuals com el de l&#8217;urbanisme amb perspectiva de g\u00e8nere, \u00e9s quan la gent comen\u00e7a a entendre el que \u00e9s eixa perspectiva i que no \u00e9s un ens abstracte inventat per les feministes\u201d, va expressar la vicepresidenta primera de la Diputaci\u00f3 en el marc de la Fira del Llibre. Per a Enguix, \u201c\u00e9s necessari ser conscients que partim d&#8217;una situaci\u00f3 de desigualtat entre homes i dones per a acabar amb eixa desigualtat i fer just\u00edcia\u201d.<\/p>\n\n\n\n<figure class=\"wp-block-gallery has-nested-images columns-default is-cropped wp-block-gallery-1 is-layout-flex wp-block-gallery-is-layout-flex\">\n<figure class=\"wp-block-image size-large\"><img loading=\"lazy\" decoding=\"async\" width=\"945\" height=\"624\" data-id=\"301073\" src=\"https:\/\/www.tucomarca.com\/wordpress\/segunda\/wp-content\/uploads\/2026\/05\/Enguix-Gisbert2.jpg\" alt=\"\" class=\"wp-image-301073\" srcset=\"https:\/\/tucomarca.whitekongsoftware.com\/wp-content\/uploads\/2026\/05\/Enguix-Gisbert2.jpg 945w, https:\/\/tucomarca.whitekongsoftware.com\/wp-content\/uploads\/2026\/05\/Enguix-Gisbert2-300x198.jpg 300w, https:\/\/tucomarca.whitekongsoftware.com\/wp-content\/uploads\/2026\/05\/Enguix-Gisbert2-768x507.jpg 768w\" sizes=\"auto, (max-width: 945px) 100vw, 945px\" \/><\/figure>\n\n\n\n<figure class=\"wp-block-image size-large\"><img loading=\"lazy\" decoding=\"async\" width=\"945\" height=\"648\" data-id=\"301075\" src=\"https:\/\/www.tucomarca.com\/wordpress\/segunda\/wp-content\/uploads\/2026\/05\/Enguix-Gisbert3.jpg\" alt=\"\" class=\"wp-image-301075\" srcset=\"https:\/\/tucomarca.whitekongsoftware.com\/wp-content\/uploads\/2026\/05\/Enguix-Gisbert3.jpg 945w, https:\/\/tucomarca.whitekongsoftware.com\/wp-content\/uploads\/2026\/05\/Enguix-Gisbert3-300x206.jpg 300w, https:\/\/tucomarca.whitekongsoftware.com\/wp-content\/uploads\/2026\/05\/Enguix-Gisbert3-768x527.jpg 768w\" sizes=\"auto, (max-width: 945px) 100vw, 945px\" \/><\/figure>\n<\/figure>\n\n\n\n<p class=\"wp-block-paragraph\"><\/p>\n\n\n\n<p class=\"wp-block-paragraph\"><strong>Les ulleres violeta<\/strong><\/p>\n\n\n\n<p class=\"wp-block-paragraph\">En paraules de Susana Gisbert, \u201cla perspectiva de g\u00e8nere \u00e9s una ferramenta d&#8217;interpretaci\u00f3 i aplicaci\u00f3 de les normes que t\u00e9 en compte eixa desigualtat existent entre homes i dones per a aplicar solucions que la corregisquen, o almenys no l&#8217;augmenten o perpetuen\u201d. Sobre la base d&#8217;esta definici\u00f3, l&#8217;autora del llibre publicat pel Magn\u00e0nim es pregunta: porten els tribunals les ulleres violeta quan impartixen just\u00edcia? La fiscal especialitzada en delictes d&#8217;odi empra un llenguatge clar, replet d&#8217;exemples reals, per a mostrar com s&#8217;aplica, o s&#8217;evita aplicar, la perspectiva de g\u00e8nere en el nostre sistema judicial.<\/p>\n\n\n\n<p class=\"wp-block-paragraph\">Gisbert ens convida a un viatge per la hist\u00f2ria recent, les lleis i els estereotips que encara pesen sobre dones, xiquetes i xiquets. A partir de casos concrets, l&#8217;autora repassa els punts cecs de la just\u00edcia i proposa camins per a corregir-los, amb la idea central que \u201cno aconseguirem la igualtat real sense eixa mirada violeta en els jutjats\u201d. En opini\u00f3 de l&#8217;autora, \u201cla igualtat que proclamen les normes continua sent nom\u00e9s formal en massa ocasions\u201d.<\/p>\n\n\n\n<p class=\"wp-block-paragraph\">Susana Gisbert (Val\u00e8ncia, 1966) \u00e9s llicenciada en Dret per la Universitat de Val\u00e8ncia i fiscal des de 1992, especialitzada en viol\u00e8ncia de g\u00e8nere, delictes d&#8217;odi i mem\u00f2ria democr\u00e0tica. Ha publicat articles d&#8217;opini\u00f3 d&#8217;\u00edndole feminista i jur\u00eddica en mitjans de comunicaci\u00f3 com El Mundo, Levante EMV, ABC, el Diario.es i El Confidencial, i \u00e9s la creadora del blog \u2018Con mi toga y mis tacones\u2019, premiat com a millor blog personal en 2021. Entre els llibres que ha publicat destaquen \u2018Descontando hasta cinco\u2019 (Jam Ediciones, 2018); \u2018101 valencianas frente al espejo\u2019 (Vinatea, 2021); \u2018Bessones\u2019 (Vincle, 2023); i \u2018Em deien Caratrista (Vincle, 2024).<\/p>\n\n\n\n<p class=\"wp-block-paragraph\"><strong>Feminari de la Diputaci\u00f3<\/strong><\/p>\n\n\n\n<p class=\"wp-block-paragraph\">La presentaci\u00f3 del llibre de Susana Gisbert obri la setmana en la qual est\u00e0 previst celebrar el nov\u00e9 Feminari de la Diputaci\u00f3, el f\u00f2rum de debat en clau feminista coordinat per l&#8217;\u00e0rea provincial d&#8217;Igualtat. \u201cEl Feminari \u00e9s un clar exemple de les activitats culturals i educatives que orientem a la sensibilitzaci\u00f3 social\u201d, va recordar la vicepresidenta Enguix, qui va avan\u00e7ar l&#8217;interessant debat d&#8217;enguany entorn de l&#8217;abolici\u00f3 de la prostituci\u00f3, amb la participaci\u00f3 d&#8217;acad\u00e8miques, juristes, periodistes, activistes i dones supervivents.<\/p>\n","protected":false},"excerpt":{"rendered":"<div class=\"mh-excerpt\">L&#8217;editorial Alfons el Magn\u00e0nim de la Diputaci\u00f3 de Val\u00e8ncia publica l&#8217;\u00faltim treball de la fiscal contra delictes d&#8217;odi, que amb el t\u00edtol \u2018Exercir la just\u00edcia amb perspectiva de g\u00e8nere\u2019 mostra la seua visi\u00f3 professional dels <a class=\"mh-excerpt-more\" href=\"https:\/\/tucomarca.whitekongsoftware.com\/ca\/natalia-enguix-presenta-en-la-fira-del-llibre-la-reflexio-de-la-fiscal-susana-gisbert-sobre-la-justicia-amb-perspectiva-de-genere\/\" title=\"Nat\u00e0lia Enguix presenta en la Fira del Llibre la reflexi\u00f3 de la fiscal Susana Gisbert sobre la just\u00edcia amb perspectiva de g\u00e8nere\">[+] <\/a><\/div>\n","protected":false},"author":12,"featured_media":301072,"comment_status":"closed","ping_status":"open","sticky":false,"template":"","format":"gallery","meta":{"footnotes":""},"categories":[10898,10894,10904,11007,10947,10896],"tags":[11246,22243,24275,24276],"class_list":["post-301080","post","type-post","status-publish","format-gallery","has-post-thumbnail","category-ventana-ca","category-la-comarca-ca","category-sin-categorizar-ca","category-ocio-y-cultura-ca","category-politica","category-seccion-ca","tag-diputacio-de-valencia-ca","tag-feria-del-libro-de-valencia-ca","tag-ix-feminario-de-la-diputacio","tag-justicia-con-perspectiva-de-genero","post_format-post-format-gallery"],"_links":{"self":[{"href":"https:\/\/tucomarca.whitekongsoftware.com\/ca\/wp-json\/wp\/v2\/posts\/301080","targetHints":{"allow":["GET"]}}],"collection":[{"href":"https:\/\/tucomarca.whitekongsoftware.com\/ca\/wp-json\/wp\/v2\/posts"}],"about":[{"href":"https:\/\/tucomarca.whitekongsoftware.com\/ca\/wp-json\/wp\/v2\/types\/post"}],"author":[{"embeddable":true,"href":"https:\/\/tucomarca.whitekongsoftware.com\/ca\/wp-json\/wp\/v2\/users\/12"}],"replies":[{"embeddable":true,"href":"https:\/\/tucomarca.whitekongsoftware.com\/ca\/wp-json\/wp\/v2\/comments?post=301080"}],"version-history":[{"count":0,"href":"https:\/\/tucomarca.whitekongsoftware.com\/ca\/wp-json\/wp\/v2\/posts\/301080\/revisions"}],"wp:featuredmedia":[{"embeddable":true,"href":"https:\/\/tucomarca.whitekongsoftware.com\/ca\/wp-json\/wp\/v2\/media\/301072"}],"wp:attachment":[{"href":"https:\/\/tucomarca.whitekongsoftware.com\/ca\/wp-json\/wp\/v2\/media?parent=301080"}],"wp:term":[{"taxonomy":"category","embeddable":true,"href":"https:\/\/tucomarca.whitekongsoftware.com\/ca\/wp-json\/wp\/v2\/categories?post=301080"},{"taxonomy":"post_tag","embeddable":true,"href":"https:\/\/tucomarca.whitekongsoftware.com\/ca\/wp-json\/wp\/v2\/tags?post=301080"}],"curies":[{"name":"wp","href":"https:\/\/api.w.org\/{rel}","templated":true}]}}