{"id":300705,"date":"2026-05-01T10:00:00","date_gmt":"2026-05-01T08:00:00","guid":{"rendered":"https:\/\/www.tucomarca.com\/wordpress\/segunda\/?p=300705"},"modified":"2026-05-02T20:17:12","modified_gmt":"2026-05-02T18:17:12","slug":"la-directora-general-de-salut-publica-visita-el-centre-de-salut-publica-dutiel-i-subratlla-la-collaboracio-amb-el-sector-vitivinicola-per-a-verificar-el-compliment-de-la-normativa-sanitaria","status":"publish","type":"post","link":"https:\/\/tucomarca.whitekongsoftware.com\/ca\/la-directora-general-de-salut-publica-visita-el-centre-de-salut-publica-dutiel-i-subratlla-la-collaboracio-amb-el-sector-vitivinicola-per-a-verificar-el-compliment-de-la-normativa-sanitaria\/","title":{"rendered":"La directora general de Salut P\u00fablica visita el Centre de Salut P\u00fablica d&#8217;Utiel i subratlla la col\u00b7laboraci\u00f3 amb el sector vitivin\u00edcola per a verificar el compliment de la normativa sanit\u00e0ria"},"content":{"rendered":"\n<h3 class=\"wp-block-heading\">Aquesta col\u00b7laboraci\u00f3 contribueix a garantir i mantindre els est\u00e0ndards de qualitat i reputaci\u00f3 dels vins amb Denominaci\u00f3 d&#8217;Origen Utiel-Requena.<\/h3>\n\n\n\n<h3 class=\"wp-block-heading\">Professionals de la Unitat de Seguretat Aliment\u00e0ria desenvolupen actuacions de control en els 104 cellers de la comarca Utiel-Requena per a supervisar els processos d&#8217;elaboraci\u00f3 i distribuci\u00f3 dels vins.<\/h3>\n\n\n\n<p class=\"wp-block-paragraph\">La directora general de Salut P\u00fablica, Bego\u00f1a Comendador, ha visitat el Centre de Salut P\u00fablica d&#8217;Utiel on ha subratllat \u201cl&#8217;estreta col\u00b7laboraci\u00f3 amb el sector vitivin\u00edcola en el proc\u00e9s d&#8217;elaboraci\u00f3 i distribuci\u00f3 dels vins de la comarca Utiel-Requena\u201d.<\/p>\n\n\n\n<p class=\"wp-block-paragraph\">En aquest sentit, Comendador ha indicat que aquesta col\u00b7laboraci\u00f3 \u201ccontribueix a garantir i mantindre els est\u00e0ndards de qualitat i reputaci\u00f3 que caracteritzen als vins amb Denominaci\u00f3 d&#8217;Origen Utiel-Requena, en compartir l&#8217;objectiu com\u00fa amb el sector vitivin\u00edcola d&#8217;oferir les m\u00e0ximes garanties al consumidor\u201d.<\/p>\n\n\n\n<p class=\"wp-block-paragraph\">A la comarca Utiel-Requena existeixen aproximadament 104 cellers, la gran majoria de xicoteta grand\u00e0ria. Algunes realitzen tot el proc\u00e9s d&#8217;elaboraci\u00f3 i envasament del vi, mentre que unes altres es dediquen exclusivament a l&#8217;envasament.<\/p>\n\n\n\n<p class=\"wp-block-paragraph\">Segons ha explicat la directora general, \u201cels professionals de la Unitat de Seguretat Aliment\u00e0ria del Centre de Salut P\u00fablica d&#8217;Utiel exerceixen un paper molt important en la labor de control oficial de les m\u00e9s de cent cellers d&#8217;aquesta comarca amb el principal objectiu d&#8217;oferir al consumidor les m\u00e0ximes garanties de seguretat aliment\u00e0ria\u201d.<\/p>\n\n\n\n<p class=\"wp-block-paragraph\"><strong>Protegir la seguretat del consumidor<\/strong><\/p>\n\n\n\n<p class=\"wp-block-paragraph\">D&#8217;aquesta manera, la labor dels professionals se centra en actuacions d&#8217;inspecci\u00f3 per a verificar el compliment de la normativa sanit\u00e0ria, garantir la higiene en totes les fases de producci\u00f3 del vi, supervisar l&#8217;emmagatzematge i distribuci\u00f3 i, en definitiva, protegir la seguretat del consumidor.<\/p>\n\n\n\n<p class=\"wp-block-paragraph\">El sector vitivin\u00edcola constitueix el principal motor econ\u00f2mic del Departament de Requena-Utiel, estretament vinculat al sector agrari, la ind\u00fastria agroaliment\u00e0ria, els serveis locals i el turisme enol\u00f2gic. A m\u00e9s de la seua import\u00e0ncia econ\u00f2mica, el vi forma part de la identitat hist\u00f2rica de la comarca.<\/p>\n\n\n\n<p class=\"wp-block-paragraph\">L&#8217;activitat del Centre de Salut P\u00fablica d&#8217;Utiel reflecteix el paper clau de la salut p\u00fablica en la protecci\u00f3 de la poblaci\u00f3 i en el suport a sectors econ\u00f2mics estrat\u00e8gics, com \u00e9s el vitivin\u00edcola. Aix\u00ed, a m\u00e9s de la labor que exerceix per a garantir la seguretat aliment\u00e0ria, compta amb unitats de sanitat ambiental, salut laboral, epidemiologia i promoci\u00f3 de la salut, que treballen de manera coordinada per a una major protecci\u00f3 i benestar de la poblaci\u00f3 d&#8217;aquesta comarca.<\/p>\n","protected":false},"excerpt":{"rendered":"<div class=\"mh-excerpt\">Aquesta col\u00b7laboraci\u00f3 contribueix a garantir i mantindre els est\u00e0ndards de qualitat i reputaci\u00f3 dels vins amb Denominaci\u00f3 d&#8217;Origen Utiel-Requena. Professionals de la Unitat de Seguretat Aliment\u00e0ria desenvolupen actuacions de control en els 104 cellers de <a class=\"mh-excerpt-more\" href=\"https:\/\/tucomarca.whitekongsoftware.com\/ca\/la-directora-general-de-salut-publica-visita-el-centre-de-salut-publica-dutiel-i-subratlla-la-collaboracio-amb-el-sector-vitivinicola-per-a-verificar-el-compliment-de-la-normativa-sanitaria\/\" title=\"La directora general de Salut P\u00fablica visita el Centre de Salut P\u00fablica d&#8217;Utiel i subratlla la col\u00b7laboraci\u00f3 amb el sector vitivin\u00edcola per a verificar el compliment de la normativa sanit\u00e0ria\">[+] <\/a><\/div>\n","protected":false},"author":12,"featured_media":300703,"comment_status":"closed","ping_status":"open","sticky":false,"template":"","format":"standard","meta":{"footnotes":""},"categories":[11010,10898,10948,10894,10947,10909,10896,11059],"tags":[24252,10910,11174],"class_list":["post-300705","post","type-post","status-publish","format-standard","has-post-thumbnail","category-canal-salud","category-ventana-ca","category-infraestructuras-ca","category-la-comarca-ca","category-politica","category-requena-utiel-ca","category-seccion-ca","category-utiel-ca","tag-centro-de-salud-publica-de-utiel","tag-requena-utiel-ca","tag-utiel-ca"],"_links":{"self":[{"href":"https:\/\/tucomarca.whitekongsoftware.com\/ca\/wp-json\/wp\/v2\/posts\/300705","targetHints":{"allow":["GET"]}}],"collection":[{"href":"https:\/\/tucomarca.whitekongsoftware.com\/ca\/wp-json\/wp\/v2\/posts"}],"about":[{"href":"https:\/\/tucomarca.whitekongsoftware.com\/ca\/wp-json\/wp\/v2\/types\/post"}],"author":[{"embeddable":true,"href":"https:\/\/tucomarca.whitekongsoftware.com\/ca\/wp-json\/wp\/v2\/users\/12"}],"replies":[{"embeddable":true,"href":"https:\/\/tucomarca.whitekongsoftware.com\/ca\/wp-json\/wp\/v2\/comments?post=300705"}],"version-history":[{"count":0,"href":"https:\/\/tucomarca.whitekongsoftware.com\/ca\/wp-json\/wp\/v2\/posts\/300705\/revisions"}],"wp:featuredmedia":[{"embeddable":true,"href":"https:\/\/tucomarca.whitekongsoftware.com\/ca\/wp-json\/wp\/v2\/media\/300703"}],"wp:attachment":[{"href":"https:\/\/tucomarca.whitekongsoftware.com\/ca\/wp-json\/wp\/v2\/media?parent=300705"}],"wp:term":[{"taxonomy":"category","embeddable":true,"href":"https:\/\/tucomarca.whitekongsoftware.com\/ca\/wp-json\/wp\/v2\/categories?post=300705"},{"taxonomy":"post_tag","embeddable":true,"href":"https:\/\/tucomarca.whitekongsoftware.com\/ca\/wp-json\/wp\/v2\/tags?post=300705"}],"curies":[{"name":"wp","href":"https:\/\/api.w.org\/{rel}","templated":true}]}}