{"id":299974,"date":"2026-04-27T09:15:00","date_gmt":"2026-04-27T07:15:00","guid":{"rendered":"https:\/\/www.tucomarca.com\/wordpress\/segunda\/?p=299974"},"modified":"2026-04-28T13:50:48","modified_gmt":"2026-04-28T11:50:48","slug":"el-cd-bunol-cau-a-casa-davant-el-cd-roda-i-complica-la-seua-situacio-quan-nomes-queden-dos-partits","status":"publish","type":"post","link":"https:\/\/tucomarca.whitekongsoftware.com\/ca\/el-cd-bunol-cau-a-casa-davant-el-cd-roda-i-complica-la-seua-situacio-quan-nomes-queden-dos-partits\/","title":{"rendered":"El CD Bunyol assegura la seua perman\u00e8ncia en Tercera malgrat caure a casa davant el CD Roda per la m\u00ednima"},"content":{"rendered":"\n<p class=\"wp-block-paragraph\">El CD Bunyol ja ha assegurat la seua perman\u00e8ncia en el Grup Sis\u00e9 de la Tercera Federaci\u00f3 malgrat caure derrotat per la m\u00ednima aquest passat cap de setmana enfront del CD Roda (0-1).&nbsp;<\/p>\n\n\n\n<p class=\"wp-block-paragraph\">El CD Bunyol va patir una derrota en una trobada disputada a casa, un partit marcat per la falta d&#8217;encert de cara a porteria per part del conjunt local.<\/p>\n\n\n\n<p class=\"wp-block-paragraph\">L&#8217;equip bu\u00f1olense va tindre les seues millors oportunitats en les botes de Pastor, que en el minut 32 va fregar el gol en una clara ocasi\u00f3; i de Pablo, que en el 76 va protagonitzar una altra arribada perillosa que va poder canviar el signe de la trobada<\/p>\n\n\n\n<p class=\"wp-block-paragraph\">Per tant, mancant dues jornades per al final de la competici\u00f3 i despr\u00e9s d&#8217;aquesta derrota a casa, el CD Bunyol se situa en la huitena posici\u00f3 de la taula gr\u00e0cies als seus 47 punts; encara que no obstant aix\u00f2 perd matem\u00e0ticament qualsevol opci\u00f3 d&#8217;arribar a la cinquena posici\u00f3, lloc que dona opci\u00f3 de jugar el play-off d&#8217;ascens de categoria.<\/p>\n\n\n\n<p class=\"wp-block-paragraph\">D&#8217;aquesta manera, encara que el CD Bunyol en els pr\u00f2xims partits nom\u00e9s es juga poder pujar als llocs 6 o 7, es tracta d&#8217;un excel\u00b7lent resultat per a una primera i estupenda temporada en aquesta categoria recentment estrenada pel conjunt de La Foia.<\/p>\n\n\n\n<figure class=\"wp-block-image size-large\"><img loading=\"lazy\" decoding=\"async\" width=\"612\" height=\"1024\" src=\"https:\/\/www.tucomarca.com\/wordpress\/segunda\/wp-content\/uploads\/2026\/04\/clasificacion-612x1024.jpg\" alt=\"\" class=\"wp-image-300168\" srcset=\"https:\/\/tucomarca.whitekongsoftware.com\/wp-content\/uploads\/2026\/04\/clasificacion-612x1024.jpg 612w, https:\/\/tucomarca.whitekongsoftware.com\/wp-content\/uploads\/2026\/04\/clasificacion-179x300.jpg 179w, https:\/\/tucomarca.whitekongsoftware.com\/wp-content\/uploads\/2026\/04\/clasificacion-768x1285.jpg 768w, https:\/\/tucomarca.whitekongsoftware.com\/wp-content\/uploads\/2026\/04\/clasificacion-918x1536.jpg 918w, https:\/\/tucomarca.whitekongsoftware.com\/wp-content\/uploads\/2026\/04\/clasificacion.jpg 956w\" sizes=\"auto, (max-width: 612px) 100vw, 612px\" \/><\/figure>\n","protected":false},"excerpt":{"rendered":"<div class=\"mh-excerpt\">El CD Bunyol ja ha assegurat la seua perman\u00e8ncia en el Grup Sis\u00e9 de la Tercera Federaci\u00f3 malgrat caure derrotat per la m\u00ednima aquest passat cap de setmana enfront del CD Roda (0-1).&nbsp; El CD <a class=\"mh-excerpt-more\" href=\"https:\/\/tucomarca.whitekongsoftware.com\/ca\/el-cd-bunol-cau-a-casa-davant-el-cd-roda-i-complica-la-seua-situacio-quan-nomes-queden-dos-partits\/\" title=\"El CD Bunyol assegura la seua perman\u00e8ncia en Tercera malgrat caure a casa davant el CD Roda per la m\u00ednima\">[+] <\/a><\/div>\n","protected":false},"author":12,"featured_media":299973,"comment_status":"closed","ping_status":"open","sticky":false,"template":"","format":"standard","meta":{"footnotes":""},"categories":[10911,11015,11003,10894,10912,10896],"tags":[10913,11126,10914],"class_list":["post-299974","post","type-post","status-publish","format-standard","has-post-thumbnail","category-bunol-ca","category-canal-futbol","category-sports","category-la-comarca-ca","category-la-hoya-ca","category-seccion-ca","tag-bunol-ca","tag-cd-bunol-ca","tag-la-hoya-de-bunol-chiva-ca"],"_links":{"self":[{"href":"https:\/\/tucomarca.whitekongsoftware.com\/ca\/wp-json\/wp\/v2\/posts\/299974","targetHints":{"allow":["GET"]}}],"collection":[{"href":"https:\/\/tucomarca.whitekongsoftware.com\/ca\/wp-json\/wp\/v2\/posts"}],"about":[{"href":"https:\/\/tucomarca.whitekongsoftware.com\/ca\/wp-json\/wp\/v2\/types\/post"}],"author":[{"embeddable":true,"href":"https:\/\/tucomarca.whitekongsoftware.com\/ca\/wp-json\/wp\/v2\/users\/12"}],"replies":[{"embeddable":true,"href":"https:\/\/tucomarca.whitekongsoftware.com\/ca\/wp-json\/wp\/v2\/comments?post=299974"}],"version-history":[{"count":0,"href":"https:\/\/tucomarca.whitekongsoftware.com\/ca\/wp-json\/wp\/v2\/posts\/299974\/revisions"}],"wp:featuredmedia":[{"embeddable":true,"href":"https:\/\/tucomarca.whitekongsoftware.com\/ca\/wp-json\/wp\/v2\/media\/299973"}],"wp:attachment":[{"href":"https:\/\/tucomarca.whitekongsoftware.com\/ca\/wp-json\/wp\/v2\/media?parent=299974"}],"wp:term":[{"taxonomy":"category","embeddable":true,"href":"https:\/\/tucomarca.whitekongsoftware.com\/ca\/wp-json\/wp\/v2\/categories?post=299974"},{"taxonomy":"post_tag","embeddable":true,"href":"https:\/\/tucomarca.whitekongsoftware.com\/ca\/wp-json\/wp\/v2\/tags?post=299974"}],"curies":[{"name":"wp","href":"https:\/\/api.w.org\/{rel}","templated":true}]}}