{"id":298716,"date":"2026-04-14T11:40:00","date_gmt":"2026-04-14T09:40:00","guid":{"rendered":"https:\/\/www.tucomarca.com\/wordpress\/segunda\/?p=298716"},"modified":"2026-04-15T21:04:48","modified_gmt":"2026-04-15T19:04:48","slug":"la-diputacio-assigna-mes-de-15-milions-deuros-per-a-gestio-forestal-i-prevencio-dincendis-en-utiel-requena-la-foia-de-bunyol-xiva-i-el-valle-de-cofrentes-ayora","status":"publish","type":"post","link":"https:\/\/tucomarca.whitekongsoftware.com\/ca\/la-diputacio-assigna-mes-de-15-milions-deuros-per-a-gestio-forestal-i-prevencio-dincendis-en-utiel-requena-la-foia-de-bunyol-xiva-i-el-valle-de-cofrentes-ayora\/","title":{"rendered":"La Diputaci\u00f3 assigna m\u00e9s de 1,5 milions d&#8217;euros per a gesti\u00f3 forestal i prevenci\u00f3 d&#8217;incendis en Utiel-Requena, la Foia de Bunyol-Xiva i el Valle de Cofrentes-Ayora\u00a0"},"content":{"rendered":"\n<h3 class=\"wp-block-heading\">El president Vicent Momp\u00f3 presenta davant alcaldes i alcaldesses de la prov\u00edncia les novetats del programa de subvencions de l&#8217;\u00e0rea de Medi Ambient per a fer-lo &#8220;m\u00e9s \u00fatil, m\u00e9s intel\u00b7ligent i profundament connectat amb la realitat dels nostres ajuntaments&#8221;.<\/h3>\n\n\n\n<h3 class=\"wp-block-heading\">La distribuci\u00f3 de les ajudes at\u00e9n criteris com la dimensi\u00f3n del municipi, l&#8217;extensi\u00f3 de massa forestal o l&#8217;exist\u00e8ncia de plans forestals.<\/h3>\n\n\n\n<h3 class=\"wp-block-heading\">El diputat de Medi Ambient, Avelino Mascarell, destaca com a novetat d&#8217;esta convocat\u00f2ria &#8220;la reducci\u00f3 de la burocr\u00e0cia per a simplificar la gesti\u00f3 per part dels ajuntaments que permetr\u00e0 que les accions es duguen a terme de manera m\u00e9s \u00e0gil&#8221;.<\/h3>\n\n\n\n<p class=\"wp-block-paragraph\">El president de la Diputaci\u00f3 de Val\u00e8ncia, Vicent Momp\u00f3, ha presentat este mat\u00ed, al costat del diputat de Medi Ambient, Avelino Mascarell, les novetats de l&#8217;edici\u00f3 2026 del programa de subvencions en mat\u00e8ria de gesti\u00f3 forestal i prevenci\u00f3 d&#8217;incendis.<\/p>\n\n\n\n<p class=\"wp-block-paragraph\">Es tracta del programa anual Gestifoc que enguany, segons ha anunciat el mateix Momp\u00f3 &#8220;ha redissenyat completament la seua operativa per a simplificar al m\u00e0xim la burocr\u00e0cia&#8221;. &#8220;D&#8217;esta manera -ha explicat el mateix president- continuem consolidant una manera d&#8217;entendre l&#8217;acci\u00f3 p\u00fablica m\u00e9s \u00fatil, m\u00e9s intel\u00b7ligent i connectada amb la realitat dels nostres ajuntaments&#8221;.<\/p>\n\n\n\n<p class=\"wp-block-paragraph\">En el Valle de Cofrentes-Ayora, l&#8217;assignaci\u00f3 global de l&#8217;\u00e0rea de Medi Ambient de la instituci\u00f3 provincial ascendix a 565.187 euros, que es distribuiran entre els 7 municipis de la comarca, mentres que Utiel-Requena suma 558.265 euros per als seus 9 ajuntaments i la Hoya de Bu\u00f1ol-Chiva, 462.714 euros en total.<\/p>\n\n\n\n<p class=\"wp-block-paragraph\">L&#8217;assignaci\u00f3 de les quantitats que corresponen a cada ajuntament s&#8217;han dut a terme segons el barem t\u00e8cnic que arreplega, entre altres aspectes, els seg\u00fcents: dimensi\u00f3 del municipi (es prioritza els m\u00e9s xicotets), superf\u00edcie forestal (com m\u00e9s muntanya, m\u00e9s ajuda), planificaci\u00f3 (plans forestals o de prevenci\u00f3 d&#8217;incendis), i l&#8217;exist\u00e8ncia d&#8217;espais naturals protegits i\/o muntanyes d&#8217;utilitat p\u00fablica.<\/p>\n\n\n\n<p class=\"wp-block-paragraph\"><strong>Caracter\u00edstiques generals del programa<\/strong><\/p>\n\n\n\n<p class=\"wp-block-paragraph\">Amb un muntant global de 8 milions d&#8217;euros, l&#8217;edici\u00f3 2026 de Gestifoc presenta com a novetat m\u00e9s rellevant, tal com explica el diputat Avelino Mascarell, &#8220;la reducci\u00f3 a la mitat de la burocr\u00e0cia que fins ara acompanyava a este pla&#8221; i destaca que &#8220;aix\u00f2 t\u00e9 un doble benefici: simplifica la gesti\u00f3 per part dels ajuntaments, i, cosa que \u00e9s m\u00e9s important, permet que les accions preventives es duguen a terme de manera m\u00e9s \u00e0gil&#8221;.<\/p>\n\n\n\n<p class=\"wp-block-paragraph\">Tamb\u00e9 emmarcat en este proc\u00e9s de simplificaci\u00f3 administrativa, l&#8217;\u00e0rea de Medi Ambient ha avan\u00e7at la convocat\u00f2ria d&#8217;estes subvencions al mes de mar\u00e7, tres mesos abans que en l&#8217;exercici anterior, la qual cosa permetr\u00e0 iniciar abans les actuacions i millorar el seu impacte preventiu.<\/p>\n\n\n\n<p class=\"wp-block-paragraph\">Quant a la modalitat de les ajudes, Gestifoc contempla dos l\u00ednies d&#8217;actuaci\u00f3. D&#8217;una banda, es destinen 2 milions d&#8217;euros als municipis propietaris de muntanyes per a desenvolupar treballs de gesti\u00f3 forestal, com a tractaments silv\u00edcoles i millora de masses vegetals. Per un altre, es mobilitzen 6 milions d&#8217;euros per a executar les infraestructures previstes en els plans locals de prevenci\u00f3 d&#8217;incendis, incloent-hi \u00e0rees tallafocs, millora de camins forestals i punts d&#8217;aigua per a l&#8217;extinci\u00f3.<\/p>\n\n\n\n<p class=\"wp-block-paragraph\"><\/p>\n\n\n\n<p class=\"wp-block-paragraph\"><strong>MUNICIPIOS DEL VALLE DE COFRENTES-AYORA<\/strong><\/p>\n\n\n\n<figure class=\"wp-block-table\"><table class=\"has-fixed-layout\"><tbody><tr><td><br><\/td><td><strong>PREVENCI\u00d3N INCENDIOS<\/strong><\/td><td><strong>GESTI\u00d3N FORESTAL<\/strong><\/td><td><strong>TOTAL<\/strong><\/td><\/tr><tr><td>Ayora<\/td><td>95.109,28 \u20ac<\/td><td>15.585,60 \u20ac<\/td><td>110.694,88 \u20ac<\/td><\/tr><tr><td>Cofrentes<\/td><td>45.386,77 \u20ac<\/td><td>22.453,05 \u20ac<\/td><td>67.839,82 \u20ac<\/td><\/tr><tr><td>Cortes de Pall\u00e1s<\/td><td>88.095,62 \u20ac<\/td><td>21.110,66 \u20ac<\/td><td>109.206,28 \u20ac<\/td><\/tr><tr><td>Jalance<\/td><td>51.253,00 \u20ac<\/td><td>19.946,49 \u20ac<\/td><td>71.199,49 \u20ac<\/td><\/tr><tr><td>Jarafuel<\/td><td>49.766,77 \u20ac<\/td><td>19.189,70 \u20ac<\/td><td>68.956,47 \u20ac<\/td><\/tr><tr><td>Teresa de Cofrentes<\/td><td>51.110,95 \u20ac<\/td><td>16.632,51 \u20ac<\/td><td>67.743,46 \u20ac<\/td><\/tr><tr><td>Zarra<\/td><td>41.345,96 \u20ac<\/td><td>23.053,30 \u20ac<\/td><td>64.399,26 \u20ac<\/td><\/tr><\/tbody><\/table><\/figure>\n\n\n\n<p class=\"wp-block-paragraph\"><strong>TOTAL VALLE DE COFRENTES-AYORA: 560.039,66 \u20ac<\/strong><\/p>\n\n\n\n<p class=\"wp-block-paragraph\"><\/p>\n\n\n\n<p class=\"wp-block-paragraph\"><strong>MUNICIPIOS DE UTIEL-REQUENA<\/strong><\/p>\n\n\n\n<figure class=\"wp-block-table\"><table class=\"has-fixed-layout\"><tbody><tr><td><br><\/td><td><strong>PREVENCI\u00d3N INCENDIOS<\/strong><\/td><td><strong>GESTI\u00d3N FORESTAL<\/strong><\/td><td><strong>TOTAL<\/strong><\/td><\/tr><tr><td>Camporrobles<\/td><td>30.055,39 \u20ac<\/td><td>21.870,80 \u20ac<\/td><td>51.926,19 \u20ac<\/td><\/tr><tr><td>Caudete de las Fuentes<\/td><td>28.527,84 \u20ac<\/td><td><br><\/td><td>28.527,84 \u20ac<\/td><\/tr><tr><td>Chera<\/td><td>34.299,64 \u20ac<\/td><td>17.422,65 \u20ac<\/td><td>51.722,29 \u20ac<\/td><\/tr><tr><td>Fuenterrobles<\/td><td>29.377,79 \u20ac<\/td><td><br><\/td><td>29.377,79 \u20ac<\/td><\/tr><tr><td>Requena<\/td><td>119.614,62 \u20ac<\/td><td><br><\/td><td>119.614,62 \u20ac<\/td><\/tr><tr><td>Sinarcas<\/td><td>43.315,41 \u20ac<\/td><td>22.420,97 \u20ac<\/td><td>65.736,38 \u20ac<\/td><\/tr><tr><td>Utiel<\/td><td>51.162,89 \u20ac<\/td><td>24.104,28 \u20ac<\/td><td>75.267,17 \u20ac<\/td><\/tr><tr><td>Venta del Moro<\/td><td>58.087,24 \u20ac<\/td><td>18.181,75 \u20ac<\/td><td>76.268,99 \u20ac<\/td><\/tr><tr><td>Villargordo del Cabriel<\/td><td>41.114,98 \u20ac<\/td><td>18.709,37 \u20ac<\/td><td>59.824,35 \u20ac<\/td><\/tr><\/tbody><\/table><\/figure>\n\n\n\n<p class=\"wp-block-paragraph\"><strong>TOTAL UTIEL-REQUENA: 558.265,62 \u20ac<\/strong><\/p>\n\n\n\n<p class=\"wp-block-paragraph\"><\/p>\n\n\n\n<p class=\"wp-block-paragraph\"><strong>MUNICIPIOS DE LA HOYA DE BU\u00d1OL-CHIVA<\/strong><\/p>\n\n\n\n<figure class=\"wp-block-table\"><table class=\"has-fixed-layout\"><tbody><tr><td><br><\/td><td><strong>PREVENCI\u00d3N INCENDIOS<\/strong><\/td><td><strong>GESTI\u00d3N FORESTAL<\/strong><\/td><td><strong>TOTAL<\/strong><\/td><\/tr><tr><td>Alborache<\/td><td>28.285,45 \u20ac<\/td><td><br><\/td><td>28.285,45 \u20ac<\/td><\/tr><tr><td>Bu\u00f1ol<\/td><td>50.561,24 \u20ac<\/td><td>20.233,57 \u20ac<\/td><td>70.794,81 \u20ac<\/td><\/tr><tr><td>Cheste<\/td><td>25.115,44 \u20ac<\/td><td><br><\/td><td>25.115,44 \u20ac<\/td><\/tr><tr><td>Chiva<\/td><td>48.174,29 \u20ac<\/td><td>21.283,76 \u20ac<\/td><td>69.458,05 \u20ac<\/td><\/tr><tr><td>Dos Aguas<\/td><td>52.366,20 \u20ac<\/td><td>17.035,50 \u20ac<\/td><td>69.401,70 \u20ac<\/td><\/tr><tr><td>Godelleta<\/td><td>9.677,88 \u20ac<\/td><td><br><\/td><td>9.677,88 \u20ac<\/td><\/tr><tr><td>Macastre<\/td><td>29.751,22 \u20ac<\/td><td><br><\/td><td>29.751,22 \u20ac<\/td><\/tr><tr><td>Siete Aguas<\/td><td>59.894,56 \u20ac<\/td><td>24.213,95 \u20ac<\/td><td>84.108,51 \u20ac<\/td><\/tr><tr><td>Y\u00e1tova<\/td><td>54.220,75 \u20ac<\/td><td>21.900,40 \u20ac<\/td><td>76.121,15 \u20ac<\/td><\/tr><\/tbody><\/table><\/figure>\n\n\n\n<p class=\"wp-block-paragraph\"><strong>TOTAL HOYA BU\u00d1OL-CHIVA: 462.714,21 \u20ac<\/strong><\/p>\n","protected":false},"excerpt":{"rendered":"<div class=\"mh-excerpt\">El president Vicent Momp\u00f3 presenta davant alcaldes i alcaldesses de la prov\u00edncia les novetats del programa de subvencions de l&#8217;\u00e0rea de Medi Ambient per a fer-lo &#8220;m\u00e9s \u00fatil, m\u00e9s intel\u00b7ligent i profundament connectat amb la <a class=\"mh-excerpt-more\" href=\"https:\/\/tucomarca.whitekongsoftware.com\/ca\/la-diputacio-assigna-mes-de-15-milions-deuros-per-a-gestio-forestal-i-prevencio-dincendis-en-utiel-requena-la-foia-de-bunyol-xiva-i-el-valle-de-cofrentes-ayora\/\" title=\"La Diputaci\u00f3 assigna m\u00e9s de 1,5 milions d&#8217;euros per a gesti\u00f3 forestal i prevenci\u00f3 d&#8217;incendis en Utiel-Requena, la Foia de Bunyol-Xiva i el Valle de Cofrentes-Ayora\u00a0\">[+] <\/a><\/div>\n","protected":false},"author":12,"featured_media":298715,"comment_status":"closed","ping_status":"open","sticky":false,"template":"","format":"standard","meta":{"footnotes":""},"categories":[10951,10898,10948,10894,10912,10903,10947,10909,10896,10897],"tags":[11246,10914,10910,11440],"class_list":["post-298716","post","type-post","status-publish","format-standard","has-post-thumbnail","category-ayora-cofrentes-ca","category-ventana-ca","category-infraestructuras-ca","category-la-comarca-ca","category-la-hoya-ca","category-medio-ambiente-la-comarca-ca","category-politica","category-requena-utiel-ca","category-seccion-ca","category-sucesos-la-comarca-ca","tag-diputacio-de-valencia-ca","tag-la-hoya-de-bunol-chiva-ca","tag-requena-utiel-ca","tag-valle-de-ayora-cofrentes-ca"],"_links":{"self":[{"href":"https:\/\/tucomarca.whitekongsoftware.com\/ca\/wp-json\/wp\/v2\/posts\/298716","targetHints":{"allow":["GET"]}}],"collection":[{"href":"https:\/\/tucomarca.whitekongsoftware.com\/ca\/wp-json\/wp\/v2\/posts"}],"about":[{"href":"https:\/\/tucomarca.whitekongsoftware.com\/ca\/wp-json\/wp\/v2\/types\/post"}],"author":[{"embeddable":true,"href":"https:\/\/tucomarca.whitekongsoftware.com\/ca\/wp-json\/wp\/v2\/users\/12"}],"replies":[{"embeddable":true,"href":"https:\/\/tucomarca.whitekongsoftware.com\/ca\/wp-json\/wp\/v2\/comments?post=298716"}],"version-history":[{"count":0,"href":"https:\/\/tucomarca.whitekongsoftware.com\/ca\/wp-json\/wp\/v2\/posts\/298716\/revisions"}],"wp:featuredmedia":[{"embeddable":true,"href":"https:\/\/tucomarca.whitekongsoftware.com\/ca\/wp-json\/wp\/v2\/media\/298715"}],"wp:attachment":[{"href":"https:\/\/tucomarca.whitekongsoftware.com\/ca\/wp-json\/wp\/v2\/media?parent=298716"}],"wp:term":[{"taxonomy":"category","embeddable":true,"href":"https:\/\/tucomarca.whitekongsoftware.com\/ca\/wp-json\/wp\/v2\/categories?post=298716"},{"taxonomy":"post_tag","embeddable":true,"href":"https:\/\/tucomarca.whitekongsoftware.com\/ca\/wp-json\/wp\/v2\/tags?post=298716"}],"curies":[{"name":"wp","href":"https:\/\/api.w.org\/{rel}","templated":true}]}}