{"id":298687,"date":"2026-04-14T09:50:00","date_gmt":"2026-04-14T07:50:00","guid":{"rendered":"https:\/\/www.tucomarca.com\/wordpress\/segunda\/?p=298687"},"modified":"2026-04-14T21:00:36","modified_gmt":"2026-04-14T19:00:36","slug":"la-diputacio-forma-als-empleats-publics-de-la-provincia-per-a-millorar-la-comunicacio-de-les-administracions-amb-la-ciutadania","status":"publish","type":"post","link":"https:\/\/tucomarca.whitekongsoftware.com\/ca\/la-diputacio-forma-als-empleats-publics-de-la-provincia-per-a-millorar-la-comunicacio-de-les-administracions-amb-la-ciutadania\/","title":{"rendered":"La Diputaci\u00f3 forma als empleats p\u00fablics de la prov\u00edncia per a millorar la comunicaci\u00f3 de les administracions amb la ciutadania"},"content":{"rendered":"\n<h3 class=\"wp-block-heading\">Les \u00e0rees de Formaci\u00f3 i Foment de l\u2019\u00das del Valenci\u00e0 posen en marxa la segona edici\u00f3 del curs DIVALComunica, per a estendre en l&#8217;administraci\u00f3 l&#8217;\u00fas d&#8217;un llenguatge m\u00e9s clar i comprensible per a la ciutadania.<\/h3>\n\n\n\n<p class=\"wp-block-paragraph\">La Diputaci\u00f3 de Val\u00e8ncia ha posat en marxa este dimarts la segona edici\u00f3 de l&#8217;itinerari formatiu \u2018DIVALComunica. Llenguatge planer per a l&#8217;Administraci\u00f3\u2019, una iniciativa pionera que t\u00e9 com a objectiu principal millorar la comunicaci\u00f3 i la informaci\u00f3 a la ciutadania, tant oral com escrita, per part d&#8217;els professionals de les administracions locals, a trav\u00e9s de l&#8217;\u00fas d&#8217;un llenguatge m\u00e9s clar i comprensible per a tots els ciutadans.<\/p>\n\n\n\n<p class=\"wp-block-paragraph\">Organitzat pel departament de Foment de l\u2019\u00das del Valenci\u00e0, en col\u00b7laboraci\u00f3 amb l&#8217;\u00e0rea de Formaci\u00f3 que dirigix el diputat Ricardo Gabald\u00f3n, i impulsat per la secretaria general de la corporaci\u00f3 provincial, es tracta d&#8217;un curs en el qual els empleats p\u00fablics de les entitats locals aprendran com usar el llenguatge de manera que les comunicacions que ixen de l&#8217;Administraci\u00f3 resulten m\u00e9s directes i f\u00e0cils d&#8217;entendre.&nbsp;<\/p>\n\n\n\n<p class=\"wp-block-paragraph\">La principal novetat d&#8217;esta edici\u00f3 \u00e9s que, despr\u00e9s de l&#8217;\u00e8xit de participaci\u00f3 de l&#8217;any passat, on l&#8217;itinerari formatiu es va impartir \u00fanicament al personal de la Diputaci\u00f3, enguany DIVALComunica va dirigit al personal empleat p\u00fablic de totes les entitats locals de la prov\u00edncia de Val\u00e8ncia, sent este el percentatge majoritari d&#8217;alumnes del curs. Tots ells eixiran de l&#8217;itinerari amb les ferramentes necess\u00e0ries per a oferir una administraci\u00f3 local m\u00e9s pr\u00f2xima i m\u00e9s accessible a la ciutadania, millorant la relaci\u00f3 i l&#8217;experi\u00e8ncia en el dia a dia.<\/p>\n\n\n\n<p class=\"wp-block-paragraph\">El diputat de Formaci\u00f3, Ricardo Gabald\u00f3n, ha subratllat \u201cla import\u00e0ncia de poder realitzar accions formatives que faciliten la relaci\u00f3 i milloren la comunicaci\u00f3 entre les administracions p\u00fabliques i la ciutadania per a realitzar qualsevol tipus de gesti\u00f3 di\u00e0ria\u201d. Gabald\u00f3n ha expressat a m\u00e9s la intenci\u00f3 que t\u00e9 la Diputaci\u00f3 de \u201cconsolidar DIVALComunica en els pr\u00f2xims anys en tot el territori provincial, igual que hem fet amb el seu \u2018germ\u00e0 major\u2019: DIVALDirectia, referent en l&#8217;\u00e0mbit de la formaci\u00f3 en l&#8217;administraci\u00f3 local per la qualitat i aplicabilitat real dels seus continguts\u201d<\/p>\n\n\n\n<figure class=\"wp-block-image size-large\"><img loading=\"lazy\" decoding=\"async\" width=\"1024\" height=\"768\" src=\"https:\/\/www.tucomarca.com\/wordpress\/segunda\/wp-content\/uploads\/2026\/04\/DIVALComunica2-1024x768.jpg\" alt=\"\" class=\"wp-image-298690\" srcset=\"https:\/\/tucomarca.whitekongsoftware.com\/wp-content\/uploads\/2026\/04\/DIVALComunica2-1024x768.jpg 1024w, https:\/\/tucomarca.whitekongsoftware.com\/wp-content\/uploads\/2026\/04\/DIVALComunica2-300x225.jpg 300w, https:\/\/tucomarca.whitekongsoftware.com\/wp-content\/uploads\/2026\/04\/DIVALComunica2-768x576.jpg 768w, https:\/\/tucomarca.whitekongsoftware.com\/wp-content\/uploads\/2026\/04\/DIVALComunica2-1536x1152.jpg 1536w, https:\/\/tucomarca.whitekongsoftware.com\/wp-content\/uploads\/2026\/04\/DIVALComunica2-678x509.jpg 678w, https:\/\/tucomarca.whitekongsoftware.com\/wp-content\/uploads\/2026\/04\/DIVALComunica2-326x245.jpg 326w, https:\/\/tucomarca.whitekongsoftware.com\/wp-content\/uploads\/2026\/04\/DIVALComunica2-80x60.jpg 80w, https:\/\/tucomarca.whitekongsoftware.com\/wp-content\/uploads\/2026\/04\/DIVALComunica2.jpg 2048w\" sizes=\"auto, (max-width: 1024px) 100vw, 1024px\" \/><\/figure>\n\n\n\n<p class=\"wp-block-paragraph\"><\/p>\n\n\n\n<p class=\"wp-block-paragraph\"><strong>El curs<\/strong><\/p>\n\n\n\n<p class=\"wp-block-paragraph\">L&#8217;itinerari formatiu \u2018DIVALComunica. Llenguatge planer per a l&#8217;Administraci\u00f3\u2019, que compta amb una duraci\u00f3 de 110 hores, es prolongar\u00e0 fins el mes vinent de juny. El curs s&#8217;ha organitzat en sis m\u00f2duls, en els quals es combina la presencialitat a les aules amb les jornades en l\u00ednia.<\/p>\n\n\n\n<p class=\"wp-block-paragraph\">Destaca a m\u00e9s la qualitat dels ponents del curs, ja que a m\u00e9s de personal especialista de la pr\u00f2pia corporaci\u00f3, participaran professionals de l&#8217;Acad\u00e8mia Valenciana de la Llengua, personal docent universitari i especialistes del m\u00f3n de la comunicaci\u00f3. Dins dels continguts s&#8217;oferix una visi\u00f3 multidisciplin\u00e0ria que afecta la comunicaci\u00f3, i que es treballar\u00e0 tant des del contingut com des del continent sense oblidar aspectes de la comunicaci\u00f3 no verbal<\/p>\n\n\n\n<p class=\"wp-block-paragraph\">Este dimarts ha tingut lloc en ADEIT l&#8217;obertura del curs i la sessi\u00f3 inaugural, que ha comptat amb la participaci\u00f3 de les coordinadores de DIVALComunica, Immaculada Cerd\u00e0, cap del servici de Foment de l&#8217;\u00das del Valenci\u00e0, Carme Navarro, cap d&#8217;Assessorament Ling\u00fc\u00edstic del mateix servici, i Eva Navarrete, cap de servici de Formaci\u00f3, que han explicat els aspectes m\u00e9s destacats de l&#8217;itinerari, els objectius i el desenvolupament d&#8217;este. La pon\u00e8ncia de la jornada ha sigut a c\u00e0rrec de la presidenta de l&#8217;AVL, Ver\u00f2nica Cant\u00f3.<\/p>\n","protected":false},"excerpt":{"rendered":"<div class=\"mh-excerpt\">Les \u00e0rees de Formaci\u00f3 i Foment de l\u2019\u00das del Valenci\u00e0 posen en marxa la segona edici\u00f3 del curs DIVALComunica, per a estendre en l&#8217;administraci\u00f3 l&#8217;\u00fas d&#8217;un llenguatge m\u00e9s clar i comprensible per a la ciutadania. <a class=\"mh-excerpt-more\" href=\"https:\/\/tucomarca.whitekongsoftware.com\/ca\/la-diputacio-forma-als-empleats-publics-de-la-provincia-per-a-millorar-la-comunicacio-de-les-administracions-amb-la-ciutadania\/\" title=\"La Diputaci\u00f3 forma als empleats p\u00fablics de la prov\u00edncia per a millorar la comunicaci\u00f3 de les administracions amb la ciutadania\">[+] <\/a><\/div>\n","protected":false},"author":12,"featured_media":298689,"comment_status":"closed","ping_status":"open","sticky":false,"template":"","format":"standard","meta":{"footnotes":""},"categories":[10898,10948,10894,10904,10947,10896],"tags":[22269,11246,24124],"class_list":["post-298687","post","type-post","status-publish","format-standard","has-post-thumbnail","category-ventana-ca","category-infraestructuras-ca","category-la-comarca-ca","category-sin-categorizar-ca","category-politica","category-seccion-ca","tag-adeit-ca","tag-diputacio-de-valencia-ca","tag-divalcomunica"],"_links":{"self":[{"href":"https:\/\/tucomarca.whitekongsoftware.com\/ca\/wp-json\/wp\/v2\/posts\/298687","targetHints":{"allow":["GET"]}}],"collection":[{"href":"https:\/\/tucomarca.whitekongsoftware.com\/ca\/wp-json\/wp\/v2\/posts"}],"about":[{"href":"https:\/\/tucomarca.whitekongsoftware.com\/ca\/wp-json\/wp\/v2\/types\/post"}],"author":[{"embeddable":true,"href":"https:\/\/tucomarca.whitekongsoftware.com\/ca\/wp-json\/wp\/v2\/users\/12"}],"replies":[{"embeddable":true,"href":"https:\/\/tucomarca.whitekongsoftware.com\/ca\/wp-json\/wp\/v2\/comments?post=298687"}],"version-history":[{"count":0,"href":"https:\/\/tucomarca.whitekongsoftware.com\/ca\/wp-json\/wp\/v2\/posts\/298687\/revisions"}],"wp:featuredmedia":[{"embeddable":true,"href":"https:\/\/tucomarca.whitekongsoftware.com\/ca\/wp-json\/wp\/v2\/media\/298689"}],"wp:attachment":[{"href":"https:\/\/tucomarca.whitekongsoftware.com\/ca\/wp-json\/wp\/v2\/media?parent=298687"}],"wp:term":[{"taxonomy":"category","embeddable":true,"href":"https:\/\/tucomarca.whitekongsoftware.com\/ca\/wp-json\/wp\/v2\/categories?post=298687"},{"taxonomy":"post_tag","embeddable":true,"href":"https:\/\/tucomarca.whitekongsoftware.com\/ca\/wp-json\/wp\/v2\/tags?post=298687"}],"curies":[{"name":"wp","href":"https:\/\/api.w.org\/{rel}","templated":true}]}}