{"id":298369,"date":"2026-04-09T12:30:00","date_gmt":"2026-04-09T10:30:00","guid":{"rendered":"https:\/\/www.tucomarca.com\/wordpress\/segunda\/?p=298369"},"modified":"2026-04-09T20:34:19","modified_gmt":"2026-04-09T18:34:19","slug":"perez-llorca-defen-una-politica-fiscal-justa-i-responsable-amb-mes-deduccions-socials-a-les-rendes-baixes-i-mitjanes-per-a-millorar-la-vida-de-les-persones","status":"publish","type":"post","link":"https:\/\/tucomarca.whitekongsoftware.com\/ca\/perez-llorca-defen-una-politica-fiscal-justa-i-responsable-amb-mes-deduccions-socials-a-les-rendes-baixes-i-mitjanes-per-a-millorar-la-vida-de-les-persones\/","title":{"rendered":"P\u00e9rez Llorca def\u00e9n una pol\u00edtica fiscal justa i responsable amb m\u00e9s deduccions socials a les rendes baixes i mitjanes per a millorar la vida de les persones"},"content":{"rendered":"\n<h3 class=\"wp-block-heading\">La inclusi\u00f3 de desgravacions per gastos musicals, l\u2019ampliaci\u00f3 de les sociosanit\u00e0ries i esportives i el refor\u00e7 de les familiars, entre altres vinculades a la vivenda i incentius a la inversi\u00f3 empresarial, principals novetats.<\/h3>\n\n\n\n<h3 class=\"wp-block-heading\">Un mili\u00f3 de contribuents de la Comunitat Valenciana es podran beneficiar de les deduccions de car\u00e0cter social, amb un estalvi pr\u00f2xim als 100 milions d\u2019euros.<\/h3>\n\n\n\n<h3 class=\"wp-block-heading\">Es mantenen els beneficis fiscals per als damnificats per la dana amb deduccions del 100 % dels gastos de reparaci\u00f3 de la vivenda habitual i de fins al 45 % en empreses.<\/h3>\n\n\n\n<h3 class=\"wp-block-heading\">El cap del Consell assenyala que \u201chem demostrat que \u00e9s possible abaixar impostos i recaptar m\u00e9s per als nostres servicis p\u00fablics\u201d i critica la fiscalitat del Govern per pujar quasi un centenar d\u2019impostos i taxes.<\/h3>\n\n\n\n<p class=\"wp-block-paragraph\">El president de la Generalitat, Juanfran P\u00e9rez Llorca, ha advocat perqu\u00e8 els impostos \u201cestiguen al servici de les persones, especialment de les classes mitjanes i treballadores\u201d i ha mostrat el seu comprom\u00eds amb una c\u00e0rrega tribut\u00e0ria \u201cjusta, responsable i no confiscat\u00f2ria per a construir una societat justa i una economia sense traves, abaixant els impostos que va pujar l\u2019anterior Govern del Bot\u00e0nic perqu\u00e8 els valencians puguen ser lliures d\u2019invertir els seus diners a on consideren\u201d.<\/p>\n\n\n\n<p class=\"wp-block-paragraph\">El president s\u2019ha pronunciat aix\u00ed en la presentaci\u00f3 de la campanya de la Renda corresponent a 2025, en un acte al qual ha assistit el conseller d\u2019Economia, Hisenda i Administraci\u00f3 P\u00fablica, Jos\u00e9 Antonio Rovira, i a on s\u2019han abordat les principals novetats d\u2019enguany.&nbsp;<\/p>\n\n\n\n<p class=\"wp-block-paragraph\">Durant la seua intervenci\u00f3, P\u00e9rez Llorca ha def\u00e9s la pol\u00edtica fiscal que \u201cno castiga, no ofega i no es limita a recaptar\u201d.&nbsp;<\/p>\n\n\n\n<p class=\"wp-block-paragraph\">Al respecte, ha al\u00b7ludit al fet que el Govern des de 2018 \u201cha apujat quasi un centenar d\u2019impostos i taxes que afecten especialment aut\u00f2noms i treballadors, recaptant en 2025 el m\u00e0xim hist\u00f2ric amb 325.000 milions d\u2019euros, un 10,4 % m\u00e9s que l\u2019any anterior\u201d, la qual cosa ha contraposat amb la pol\u00edtica fiscal del Consell, de la qual ha assegurat que \u201cha demostrat en el primer exercici fiscal que \u00e9s possible abaixar els impostos i recaptar m\u00e9s\u201d, la qual cosa es tradu\u00efx en \u201cm\u00e9s recursos per als nostres servicis p\u00fablics\u201d.<\/p>\n\n\n\n<p class=\"wp-block-paragraph\">De fet, l\u2019Ag\u00e8ncia Tribut\u00e0ria Valenciana (ATV) va tancar 2025 amb 2.882 milions d\u2019euros recaptats, la qual cosa suposa un 13,39 % m\u00e9s respecte a l\u2019any anterior.<\/p>\n\n\n\n<p class=\"wp-block-paragraph\">\u201cLa Generalitat necessita recursos per a garantir els servicis p\u00fablics, per\u00f2 els ciutadans necessiten pagar els impostos justos\u201d ha afirmat el cap del Consell, qui ha considerat una injust\u00edcia \u201cque els valencians paguen l\u2019infrafinan\u00e7ament de la Comunitat Valenciana per part del Govern d\u2019Espanya\u201d, al mateix temps que ha mostrat el comprom\u00eds de la Generalitat de \u201cgestionar b\u00e9 els diners de tots\u201d.<\/p>\n\n\n\n<p class=\"wp-block-paragraph\">Aix\u00ed mateix, ha ratificat l\u2019aposta del Consell per \u201ccontinuar abaixant impostos a les classes mitjanes treballadores fins a aconseguir una societat m\u00e9s justa\u201d i \u201cseguir per este cam\u00ed que \u00e9s la senda de la confian\u00e7a, l\u2019estabilitat, la just\u00edcia i perqu\u00e8 \u00e9s el cam\u00ed de les persones\u201d.&nbsp;<\/p>\n\n\n\n<figure class=\"wp-block-image size-full\"><img loading=\"lazy\" decoding=\"async\" width=\"945\" height=\"607\" src=\"https:\/\/www.tucomarca.com\/wordpress\/segunda\/wp-content\/uploads\/2026\/04\/09RENTA25-03.jpg\" alt=\"\" class=\"wp-image-298366\" srcset=\"https:\/\/tucomarca.whitekongsoftware.com\/wp-content\/uploads\/2026\/04\/09RENTA25-03.jpg 945w, https:\/\/tucomarca.whitekongsoftware.com\/wp-content\/uploads\/2026\/04\/09RENTA25-03-300x193.jpg 300w, https:\/\/tucomarca.whitekongsoftware.com\/wp-content\/uploads\/2026\/04\/09RENTA25-03-768x493.jpg 768w\" sizes=\"auto, (max-width: 945px) 100vw, 945px\" \/><\/figure>\n\n\n\n<p class=\"wp-block-paragraph\"><\/p>\n\n\n\n<p class=\"wp-block-paragraph\"><strong>Deduccions auton\u00f2miques&nbsp;<\/strong><\/p>\n\n\n\n<p class=\"wp-block-paragraph\">Entre les principals novetats en la campanya de la renda, el cap del Consell ha ressaltat l\u2019ampliaci\u00f3 del l\u00edmit de renda (fins a 60.000 euros en el cas de les individuals i fins a 78.000 euros en les conjuntes) per a les deduccions fiscals sociosanit\u00e0ries en el tram auton\u00f2mic de l\u2019IRPF per gastos vinculats a la salut o la pr\u00e0ctica esportiva. Esta ampliaci\u00f3 de renda suposar\u00e0 un estalvi estimat de 27,2 milions d\u2019euros, als quals se sumen prop de 70 milions ja previstos amb els l\u00edmits de renda anteriors (32.000 euros en rendes individuals i 48.000 en les conjuntes).&nbsp;<\/p>\n\n\n\n<p class=\"wp-block-paragraph\">L\u2019ampliaci\u00f3 inclour\u00e0 300.000 beneficiaris m\u00e9s, de manera que un mili\u00f3 de valencians es podran acollir directament a les deduccions auton\u00f2miques per gastos en salut i activitats saludables \u201cque disposaran de 100 milions d\u2019euros en les seues butxaques\u201d, ha emfatitzat P\u00e9rez Llorca.&nbsp;<\/p>\n\n\n\n<p class=\"wp-block-paragraph\">Igualment, ha destacat la introducci\u00f3 de bonificacions sobre l\u2019ensenyan\u00e7a musical amb rebaixes fiscals per la compra d\u2019instruments, quotes per ensenyances impartides en bandes i taxes de conservatoris o gastos vinculats a la formaci\u00f3 i perfeccionament. La Comunitat Valenciana \u00e9s l\u2019\u00fanica regi\u00f3 d\u2019Espanya que aplica esta mesura de la qual es beneficiaran prop de 200.000 contribuents.&nbsp;<\/p>\n\n\n\n<p class=\"wp-block-paragraph\">A m\u00e9s, en esta campanya s\u2019impulsen les deduccions de suport a les fam\u00edlies per naixement, adopci\u00f3 o acollida, discapacitat, conciliaci\u00f3, guarderies, contractaci\u00f3 de cuidadors i material escolar.&nbsp;<\/p>\n\n\n\n<p class=\"wp-block-paragraph\">De fet, s\u2019amplien els imports dedu\u00efbles per naixement, adopci\u00f3 o acollida, de manera que es dupliquen els imports en el cas del primer fill i arriben a triplicar-se si es tracta del tercer fill i successius.<\/p>\n\n\n\n<p class=\"wp-block-paragraph\">Destaquen tamb\u00e9 els beneficis fiscals vinculats a la vivenda i els incentius per a la inversi\u00f3 empresarial, l\u2019emprenedoria, les iniciatives en municipis en risc de despoblament i la mobilitat sostenible, incloent deduccions per adquisici\u00f3 de vehicles el\u00e8ctrics.<\/p>\n\n\n\n<p class=\"wp-block-paragraph\"><strong>Mesures tribut\u00e0ries DANA en l\u2019IRPF<\/strong><\/p>\n\n\n\n<p class=\"wp-block-paragraph\">Durant la seua intervenci\u00f3, el cap de l\u2019executiu valenci\u00e0 ha explicat que en esta campanya de la renda la Generalitat es continua atenent les conseq\u00fc\u00e8ncies de la dana amb desgravacions del 100 % dels gastos de reparaci\u00f3 de la vivenda habitual.&nbsp;<\/p>\n\n\n\n<p class=\"wp-block-paragraph\">Tamb\u00e9 s\u2019incentiva la inversi\u00f3 en empreses afectades, amb deduccions de fins al 45 % per a facilitar la recuperaci\u00f3 econ\u00f2mica de les zones m\u00e9s afectades per les inundacions.<\/p>\n\n\n\n<p class=\"wp-block-paragraph\"><strong>Campanya de la renda 2025<\/strong><\/p>\n\n\n\n<p class=\"wp-block-paragraph\">El president ha assenyalat que per a esta campanya de la renda s\u2019ha posat a la disposici\u00f3 dels contribuents m\u00e9s recursos, m\u00e9s horaris i m\u00e9s proximitat per a facilitar que els ciutadans puguen complir amb les seues obligacions.<\/p>\n\n\n\n<p class=\"wp-block-paragraph\">La presentaci\u00f3 per internet de la renda 2025 va arrancar el 8 d\u2019abril i s\u2019estendr\u00e0 fins al 30 de juny. El 29 d\u2019abril s\u2019obrir\u00e0 el termini per a sol\u00b7licitar cita per a assist\u00e8ncia telef\u00f2nica per a poder confeccionar les declaracions per tel\u00e8fon. A m\u00e9s, l\u20191 de juny s\u2019iniciar\u00e0 l\u2019atenci\u00f3 presencial fins al 30 del mateix mes.<\/p>\n\n\n\n<p class=\"wp-block-paragraph\">L\u2019Ag\u00e8ncia Tribut\u00e0ria Valenciana es desplegar\u00e0 en 68 municipis de les tres prov\u00edncies, i ha habilitat 42 llocs d\u2019atenci\u00f3 telef\u00f2nica el mes de maig i 104 llocs presencials el mes de juny.&nbsp;<\/p>\n\n\n\n<p class=\"wp-block-paragraph\">Igualment, i juntament amb l\u2019Institut Valenci\u00e0 de Servicis Socials, s\u2019oferir\u00e0 suport perqu\u00e8 les persones amb diversitat funcional puguen presentar les seues declaracions de la renda o revisar dades fiscals.&nbsp;<\/p>\n\n\n\n<p class=\"wp-block-paragraph\">Tota la informaci\u00f3 sobre la campanya est\u00e0 disponible en la web oficial de l\u2019ATV:&nbsp;<a href=\"https:\/\/atv.gva.es\/es\/\">https:\/\/atv.gva.es\/es\/&nbsp;<\/a><\/p>\n","protected":false},"excerpt":{"rendered":"<div class=\"mh-excerpt\">La inclusi\u00f3 de desgravacions per gastos musicals, l\u2019ampliaci\u00f3 de les sociosanit\u00e0ries i esportives i el refor\u00e7 de les familiars, entre altres vinculades a la vivenda i incentius a la inversi\u00f3 empresarial, principals novetats. Un mili\u00f3 <a class=\"mh-excerpt-more\" href=\"https:\/\/tucomarca.whitekongsoftware.com\/ca\/perez-llorca-defen-una-politica-fiscal-justa-i-responsable-amb-mes-deduccions-socials-a-les-rendes-baixes-i-mitjanes-per-a-millorar-la-vida-de-les-persones\/\" title=\"P\u00e9rez Llorca def\u00e9n una pol\u00edtica fiscal justa i responsable amb m\u00e9s deduccions socials a les rendes baixes i mitjanes per a millorar la vida de les persones\">[+] <\/a><\/div>\n","protected":false},"author":12,"featured_media":298365,"comment_status":"closed","ping_status":"open","sticky":false,"template":"","format":"standard","meta":{"footnotes":""},"categories":[21466,10898,10948,10894,10904,10903,10947,10896,10897],"tags":[15409,11498,22569,24116],"class_list":["post-298369","post","type-post","status-publish","format-standard","has-post-thumbnail","category-dana-ca","category-ventana-ca","category-infraestructuras-ca","category-la-comarca-ca","category-sin-categorizar-ca","category-medio-ambiente-la-comarca-ca","category-politica","category-seccion-ca","category-sucesos-la-comarca-ca","tag-dana-2-ca","tag-generalitat-valenciana-ca","tag-irpf-ca","tag-politica-fiscal-justa"],"_links":{"self":[{"href":"https:\/\/tucomarca.whitekongsoftware.com\/ca\/wp-json\/wp\/v2\/posts\/298369","targetHints":{"allow":["GET"]}}],"collection":[{"href":"https:\/\/tucomarca.whitekongsoftware.com\/ca\/wp-json\/wp\/v2\/posts"}],"about":[{"href":"https:\/\/tucomarca.whitekongsoftware.com\/ca\/wp-json\/wp\/v2\/types\/post"}],"author":[{"embeddable":true,"href":"https:\/\/tucomarca.whitekongsoftware.com\/ca\/wp-json\/wp\/v2\/users\/12"}],"replies":[{"embeddable":true,"href":"https:\/\/tucomarca.whitekongsoftware.com\/ca\/wp-json\/wp\/v2\/comments?post=298369"}],"version-history":[{"count":0,"href":"https:\/\/tucomarca.whitekongsoftware.com\/ca\/wp-json\/wp\/v2\/posts\/298369\/revisions"}],"wp:featuredmedia":[{"embeddable":true,"href":"https:\/\/tucomarca.whitekongsoftware.com\/ca\/wp-json\/wp\/v2\/media\/298365"}],"wp:attachment":[{"href":"https:\/\/tucomarca.whitekongsoftware.com\/ca\/wp-json\/wp\/v2\/media?parent=298369"}],"wp:term":[{"taxonomy":"category","embeddable":true,"href":"https:\/\/tucomarca.whitekongsoftware.com\/ca\/wp-json\/wp\/v2\/categories?post=298369"},{"taxonomy":"post_tag","embeddable":true,"href":"https:\/\/tucomarca.whitekongsoftware.com\/ca\/wp-json\/wp\/v2\/tags?post=298369"}],"curies":[{"name":"wp","href":"https:\/\/api.w.org\/{rel}","templated":true}]}}