{"id":298192,"date":"2026-04-09T12:15:00","date_gmt":"2026-04-09T10:15:00","guid":{"rendered":"https:\/\/www.tucomarca.com\/wordpress\/segunda\/?p=298192"},"modified":"2026-04-09T20:31:45","modified_gmt":"2026-04-09T18:31:45","slug":"la-diputacio-aprova-14-nous-projectes-del-pla-obert-a-la-ribera-amb-una-inversio-de-255-milions-deuros","status":"publish","type":"post","link":"https:\/\/tucomarca.whitekongsoftware.com\/ca\/la-diputacio-aprova-14-nous-projectes-del-pla-obert-a-la-ribera-amb-una-inversio-de-255-milions-deuros\/","title":{"rendered":"La Diputaci\u00f3 aprova 14 nous projectes del Pla Obert a la Ribera amb una inversi\u00f3 de 2,55 milions d&#8217;euros"},"content":{"rendered":"\n<h3 class=\"wp-block-heading\">L&#8217;\u00faltim decret del pla inversor que coordina la vicepresidenta Nat\u00e0lia Enguix dona llum verda a 11 actuacions en nou municipis de la Ribera Alta i altres tres en dos localitats i la Mancomunitat de la Ribera Baixa.<\/h3>\n\n\n\n<h3 class=\"wp-block-heading\">Entre els projectes aprovats destacan la urbanitzaci\u00f3 de la pla\u00e7a i un nou edifici p\u00fablic en el Cam\u00ed de la Fonteta d&#8217;Antella, i la renovaci\u00f3 de paviments tant a Algemes\u00ed com a Corbera.<\/h3>\n\n\n\n<p class=\"wp-block-paragraph\">La Diputaci\u00f3 de Val\u00e8ncia ha aprovat un nou decret del Pla Obert, el principal programa inversor de la corporaci\u00f3, en el qual es dona llum verda a 11 projectes de la Ribera Alta, els quals sumen una inversi\u00f3 total de 2.080.000 euros; i a altres tres projectes a la Ribera Baixa, amb una inversi\u00f3 de 467.000 euros. En concret, la instituci\u00f3 provincial finan\u00e7ar\u00e0 11 nous projectes en els municipis de Tous, Cotes, Massalav\u00e9s, Algemes\u00ed, Alfarb, Castell\u00f3, Benimodo, Sellent i Antella; i altres tres a Corbera, Fortaleny i la Mancomunitat de la Ribera Baixa.<\/p>\n\n\n\n<p class=\"wp-block-paragraph\">Entre les obres m\u00e9s destacades aprovades per a la Ribera Alta en l&#8217;\u00faltim decret del Pla Obert, destaca la urbanitzaci\u00f3 de la pla\u00e7a i la construcci\u00f3 d&#8217;un nou edifici p\u00fablic en el Cam\u00ed de la Fonteta d&#8217;Antella, uns treballs que la Diputaci\u00f3 finan\u00e7ar\u00e0 amb 873.000 euros. Tamb\u00e9 s\u00f3n rellevants la renovaci\u00f3 de voreres al carrer Joan Fuster d&#8217;Algemes\u00ed, que requerir\u00e0 una inversi\u00f3 de 402.000 euros, i l&#8217;ampliaci\u00f3 i condicionament del Cam\u00ed de Resalany a Massalav\u00e9s, un projecte per al qual la Diputaci\u00f3 destinar\u00e0 291.000 euros.<\/p>\n\n\n\n<p class=\"wp-block-paragraph\">L&#8217;Ajuntament de Tous ha rebut llum verda per a dos dels seus projectes: la rehabilitaci\u00f3 de la zona infantil i la millora de l&#8217;accessibilitat al parc San Miguel i els treballs de millora en el col\u00b7legi Santa B\u00e0rbara. Aix\u00ed mateix, la localitat de Cotes podr\u00e0 dur a terme l&#8217;expropiaci\u00f3 d&#8217;una parcel\u00b7la i l&#8217;adquisici\u00f3 d&#8217;una solar per a ampliar el centre social.<\/p>\n\n\n\n<p class=\"wp-block-paragraph\">Altres projectes que finan\u00e7ar\u00e0 la Diputaci\u00f3 en esta comarca s\u00f3n l&#8217;adequaci\u00f3 i millores al Parc del Com de Castell\u00f3; la instal\u00b7laci\u00f3 d&#8217;enllumenat p\u00fablic a Sellent; l&#8217;adquisici\u00f3 d&#8217;un carret\u00f3 elevador el\u00e8ctric per part de l&#8217;Ajuntament d&#8217;Alfarb; i millores en la xarxa d&#8217;aigua de Benimodo.<\/p>\n\n\n\n<p class=\"wp-block-paragraph\">Quant a la Ribera Baixa, sobre\u00efx el projecte de renovaci\u00f3 de l&#8217;asfaltat en les avingudes Blasco Ib\u00e1\u00f1ez, Alzira i Ribera Baixa, aix\u00ed com als carrers Sant Roc, Generalitat, Fortaleny i Ram\u00f3n y Cajal en el municipi de Corbera. Es tracta d&#8217;unes obres que comptaran amb una inversi\u00f3 de 425.000 euros procedents de la Diputaci\u00f3. A m\u00e9s en la localitat de Fortaleny s&#8217;escometr\u00e0 una instal\u00b7laci\u00f3 solar fotovoltaica en el col\u00b7legi sant Antoni Abat; mentres que en l&#8217;edifici de la Mancomunitat de la Ribera Baixa es finan\u00e7ar\u00e0 la substituci\u00f3 de 65 pantalles LED.<\/p>\n\n\n\n<p class=\"wp-block-paragraph\"><strong>Pla Obert<\/strong><\/p>\n\n\n\n<p class=\"wp-block-paragraph\">El Pla Obert de la Diputaci\u00f3 suma ja 1.053 projectes en marxa o executats a les comarques valencianes, amb una inversi\u00f3 de 158 milions d&#8217;euros dels 350 milions dels quals consta el pla quadriennal, principal programa inversor de la corporaci\u00f3. A estes xifres s&#8217;arriba despr\u00e9s de l&#8217;aprovaci\u00f3 de l&#8217;\u00faltim decret, amb data 30 de mar\u00e7, en el qual es dona llum verda a 66 iniciatives presentades per 49 ajuntaments i dos mancomunitats. \u201cEl Pla Obert incrementa el seu ritme amb el transcurs de la legislatura, tal com hav\u00edem previst en dotar-lo de major flexibilitat i sense temps tancats\u201d, destaca la vicepresidenta Nat\u00e0lia Enguix.<\/p>\n\n\n\n<p class=\"wp-block-paragraph\">Enguix \u00e9s la responsable de Cooperaci\u00f3 Municipal, l&#8217;\u00e0rea que coordina el major pla inversor en la hist\u00f2ria de la Diputaci\u00f3 de Val\u00e8ncia. En la seua opini\u00f3, \u201cl&#8217;evoluci\u00f3 del programa demostra que no ens varem equivocar concedint m\u00e9s facilitats als ajuntaments per a presentar les seues sol\u00b7licituds en qualsevol moment, permetent que maduren la decisi\u00f3 d&#8217;en qu\u00e8 invertir els diners, b\u00e9 siga en xicotetes obres i adquisici\u00f3 de material o en grans projectes de legislatura que amb menys temps \u00e9s complicat posar en marxa\u201d.<\/p>\n\n\n\n<p class=\"wp-block-paragraph\">La responsable de Cooperaci\u00f3 coincidix amb el president de la Diputaci\u00f3, Vicent Momp\u00f3, que el Pla Obert \u201c\u00e9s el reflex de la proximitat que la instituci\u00f3 ha de tindre amb els 266 municipis de la prov\u00edncia, les entitats locals menors i les mancomunitats\u201d. Per a Momp\u00f3, el programa inversor inclou \u201ctot all\u00f2 que ens plantegen els ajuntaments i que necessiten les seues ve\u00efnes i ve\u00efns, des d&#8217;actuacions urban\u00edstiques fins a millores de l&#8217;accessibilitat i les zones verdes i esportives, passant per l&#8217;adequaci\u00f3 d&#8217;edificis i la renovaci\u00f3 del cicle de l&#8217;aigua, entre moltes altres sol\u00b7licituds com l&#8217;adquisici\u00f3 de materials i vehicles municipals\u201d.<\/p>\n\n\n\n<p class=\"wp-block-paragraph\"><\/p>\n","protected":false},"excerpt":{"rendered":"<div class=\"mh-excerpt\">L&#8217;\u00faltim decret del pla inversor que coordina la vicepresidenta Nat\u00e0lia Enguix dona llum verda a 11 actuacions en nou municipis de la Ribera Alta i altres tres en dos localitats i la Mancomunitat de la <a class=\"mh-excerpt-more\" href=\"https:\/\/tucomarca.whitekongsoftware.com\/ca\/la-diputacio-aprova-14-nous-projectes-del-pla-obert-a-la-ribera-amb-una-inversio-de-255-milions-deuros\/\" title=\"La Diputaci\u00f3 aprova 14 nous projectes del Pla Obert a la Ribera amb una inversi\u00f3 de 2,55 milions d&#8217;euros\">[+] <\/a><\/div>\n","protected":false},"author":12,"featured_media":274289,"comment_status":"closed","ping_status":"open","sticky":false,"template":"","format":"standard","meta":{"footnotes":""},"categories":[10982,10983,10984,10988,10992,10898,10948,10894,10902,10903,10947,10896,11050],"tags":[11246,19988,11356],"class_list":["post-298192","post","type-post","status-publish","format-standard","has-post-thumbnail","category-alfarp-ca","category-algemesi-ca","category-antella-ca","category-benimodo-ca","category-cotes-ca","category-ventana-ca","category-infraestructuras-ca","category-la-comarca-ca","category-la-ribera-ca","category-medio-ambiente-la-comarca-ca","category-politica","category-seccion-ca","category-sellent-ca","tag-diputacio-de-valencia-ca","tag-pla-obert-dinversions-ca","tag-ribera-alta-ca"],"_links":{"self":[{"href":"https:\/\/tucomarca.whitekongsoftware.com\/ca\/wp-json\/wp\/v2\/posts\/298192","targetHints":{"allow":["GET"]}}],"collection":[{"href":"https:\/\/tucomarca.whitekongsoftware.com\/ca\/wp-json\/wp\/v2\/posts"}],"about":[{"href":"https:\/\/tucomarca.whitekongsoftware.com\/ca\/wp-json\/wp\/v2\/types\/post"}],"author":[{"embeddable":true,"href":"https:\/\/tucomarca.whitekongsoftware.com\/ca\/wp-json\/wp\/v2\/users\/12"}],"replies":[{"embeddable":true,"href":"https:\/\/tucomarca.whitekongsoftware.com\/ca\/wp-json\/wp\/v2\/comments?post=298192"}],"version-history":[{"count":0,"href":"https:\/\/tucomarca.whitekongsoftware.com\/ca\/wp-json\/wp\/v2\/posts\/298192\/revisions"}],"wp:featuredmedia":[{"embeddable":true,"href":"https:\/\/tucomarca.whitekongsoftware.com\/ca\/wp-json\/wp\/v2\/media\/274289"}],"wp:attachment":[{"href":"https:\/\/tucomarca.whitekongsoftware.com\/ca\/wp-json\/wp\/v2\/media?parent=298192"}],"wp:term":[{"taxonomy":"category","embeddable":true,"href":"https:\/\/tucomarca.whitekongsoftware.com\/ca\/wp-json\/wp\/v2\/categories?post=298192"},{"taxonomy":"post_tag","embeddable":true,"href":"https:\/\/tucomarca.whitekongsoftware.com\/ca\/wp-json\/wp\/v2\/tags?post=298192"}],"curies":[{"name":"wp","href":"https:\/\/api.w.org\/{rel}","templated":true}]}}