{"id":297516,"date":"2026-04-02T09:15:00","date_gmt":"2026-04-02T07:15:00","guid":{"rendered":"https:\/\/www.tucomarca.com\/wordpress\/segunda\/?p=297516"},"modified":"2026-04-02T14:38:55","modified_gmt":"2026-04-02T12:38:55","slug":"bunyol-celebra-la-setmana-santa-en-les-parroquies-san-pedro-apostol-i-la-nostra-senyora-dels-dolors","status":"publish","type":"post","link":"https:\/\/tucomarca.whitekongsoftware.com\/ca\/bunyol-celebra-la-setmana-santa-en-les-parroquies-san-pedro-apostol-i-la-nostra-senyora-dels-dolors\/","title":{"rendered":"Bunyol celebra la Setmana Santa en les parr\u00f2quies San Pedro Ap\u00f3stol i La nostra Senyora dels Dolors"},"content":{"rendered":"\n<p class=\"wp-block-paragraph\">Bunyol celebra la Setmana Santa en les parr\u00f2quies de La nostra Senyora dels Dolors i Sant Pere Ap\u00f3stol, amb un ampli calendari d&#8217;actes lit\u00fargics i processionals.<\/p>\n\n\n\n<p class=\"wp-block-paragraph\">Les celebracions ha comen\u00e7at este Dilluns Sant amb eucaristies i actes penitencials comunitaris, donant pas a una intensa setmana marcada per processons, viacrucis i celebracions religioses.<\/p>\n\n\n\n<p class=\"wp-block-paragraph\">Un dels moments m\u00e9s destacats ha tingut lloc el Dimecres Sant amb la Process\u00f3 del Silenci, que ha recorregut els carrers des de l&#8217;esgl\u00e9sia de Sant Rafael fins a la parr\u00f2quia de La nostra Senyora dels Dolores, en un dels actes m\u00e9s solemnes de la programaci\u00f3.<\/p>\n\n\n\n<p class=\"wp-block-paragraph\">Durant el Dijous Sant se celebren les misses del Sopar del Senyor en tots dos temples, seguides de processons i la tradicional Hora Santa, mentre que el Divendres Sant estar\u00e0 marcat pels viacrucis, la celebraci\u00f3 de la Passi\u00f3 i les processons del Sant Enterrament.<\/p>\n\n\n\n<p class=\"wp-block-paragraph\">El Dissabte de Gloria se celebrar\u00e0 la solemne Vig\u00edlia Pasqual en totes dues parr\u00f2quies, un dels actes centrals del calendari lit\u00fargic.<\/p>\n\n\n\n<p class=\"wp-block-paragraph\">La programaci\u00f3 culminar\u00e0 el diumenge de Pasqua amb la tradicional Trobada en la pla\u00e7a del Castell, conegut popularment com \u201cArrempuj\u00f3n\u201d, seguit de la missa de Resurrecci\u00f3 en la parr\u00f2quia de Sant Pere Ap\u00f3stol.<\/p>\n","protected":false},"excerpt":{"rendered":"<div class=\"mh-excerpt\">Bunyol celebra la Setmana Santa en les parr\u00f2quies de La nostra Senyora dels Dolors i Sant Pere Ap\u00f3stol, amb un ampli calendari d&#8217;actes lit\u00fargics i processionals. Les celebracions ha comen\u00e7at este Dilluns Sant amb eucaristies <a class=\"mh-excerpt-more\" href=\"https:\/\/tucomarca.whitekongsoftware.com\/ca\/bunyol-celebra-la-setmana-santa-en-les-parroquies-san-pedro-apostol-i-la-nostra-senyora-dels-dolors\/\" title=\"Bunyol celebra la Setmana Santa en les parr\u00f2quies San Pedro Ap\u00f3stol i La nostra Senyora dels Dolors\">[+] <\/a><\/div>\n","protected":false},"author":12,"featured_media":216602,"comment_status":"closed","ping_status":"open","sticky":false,"template":"","format":"standard","meta":{"footnotes":""},"categories":[11019,10911,10894,10912,11007,10896],"tags":[10913,10914,24086],"class_list":["post-297516","post","type-post","status-publish","format-standard","has-post-thumbnail","category-agenda-ca","category-bunol-ca","category-la-comarca-ca","category-la-hoya-ca","category-ocio-y-cultura-ca","category-seccion-ca","tag-bunol-ca","tag-la-hoya-de-bunol-chiva-ca","tag-semana-santa-2026"],"_links":{"self":[{"href":"https:\/\/tucomarca.whitekongsoftware.com\/ca\/wp-json\/wp\/v2\/posts\/297516","targetHints":{"allow":["GET"]}}],"collection":[{"href":"https:\/\/tucomarca.whitekongsoftware.com\/ca\/wp-json\/wp\/v2\/posts"}],"about":[{"href":"https:\/\/tucomarca.whitekongsoftware.com\/ca\/wp-json\/wp\/v2\/types\/post"}],"author":[{"embeddable":true,"href":"https:\/\/tucomarca.whitekongsoftware.com\/ca\/wp-json\/wp\/v2\/users\/12"}],"replies":[{"embeddable":true,"href":"https:\/\/tucomarca.whitekongsoftware.com\/ca\/wp-json\/wp\/v2\/comments?post=297516"}],"version-history":[{"count":0,"href":"https:\/\/tucomarca.whitekongsoftware.com\/ca\/wp-json\/wp\/v2\/posts\/297516\/revisions"}],"wp:featuredmedia":[{"embeddable":true,"href":"https:\/\/tucomarca.whitekongsoftware.com\/ca\/wp-json\/wp\/v2\/media\/216602"}],"wp:attachment":[{"href":"https:\/\/tucomarca.whitekongsoftware.com\/ca\/wp-json\/wp\/v2\/media?parent=297516"}],"wp:term":[{"taxonomy":"category","embeddable":true,"href":"https:\/\/tucomarca.whitekongsoftware.com\/ca\/wp-json\/wp\/v2\/categories?post=297516"},{"taxonomy":"post_tag","embeddable":true,"href":"https:\/\/tucomarca.whitekongsoftware.com\/ca\/wp-json\/wp\/v2\/tags?post=297516"}],"curies":[{"name":"wp","href":"https:\/\/api.w.org\/{rel}","templated":true}]}}