{"id":297268,"date":"2026-03-31T10:00:00","date_gmt":"2026-03-31T08:00:00","guid":{"rendered":"https:\/\/www.tucomarca.com\/wordpress\/segunda\/?p=297268"},"modified":"2026-03-31T13:36:00","modified_gmt":"2026-03-31T11:36:00","slug":"la-diputacio-de-valencia-aferma-el-seu-suport-als-municipis-i-consorcis-en-la-gestio-de-residus","status":"publish","type":"post","link":"https:\/\/tucomarca.whitekongsoftware.com\/ca\/la-diputacio-de-valencia-aferma-el-seu-suport-als-municipis-i-consorcis-en-la-gestio-de-residus\/","title":{"rendered":"La Diputaci\u00f3 de Val\u00e8ncia aferma el seu suport als municipis i consorcis en la gesti\u00f3 de residus"},"content":{"rendered":"\n<h3 class=\"wp-block-heading\">El diputat Paco Comes ha explicat que les dos l\u00ednies de subvencions &#8220;reafirmen el nostre comprom\u00eds amb els municipis i estructures supramunicipals que treballen per a adaptar els seus sistemes de gesti\u00f3 als nous requisits normatius i ambientals&#8221;.<\/h3>\n\n\n\n<p class=\"wp-block-paragraph\">La Diputaci\u00f3 de Val\u00e8ncia mant\u00e9 el seu comprom\u00eds amb les entitats locals i els consorcis de residus de la prov\u00edncia amb la publicaci\u00f3 d&#8217;una nova convocat\u00f2ria de les seues dos l\u00ednies destinades a impulsar la millora de la gesti\u00f3 dels residus municipals. Estes ajudes s&#8217;emmarquen en l&#8217;estrat\u00e8gia provincial per a avan\u00e7ar cap a un model m\u00e9s eficient, sostenible i alineat amb les obligacions establides per la Llei 7\/2022 de residus i s\u00f2ls contaminats per a una economia circular. Aix\u00ed ho ha explicat este mat\u00ed el diputat responsable del servici d&#8217;Aigua, Residus i Empreses P\u00fabliques de la corporaci\u00f3 provincial, Paco Comes.<\/p>\n\n\n\n<p class=\"wp-block-paragraph\">En esta convocat\u00f2ria, la instituci\u00f3 provincial destina 1,6 milions d&#8217;euros a la l\u00ednia d&#8217;Implantaci\u00f3 de Plans Locals de Gesti\u00f3 de Residus, dirigida a ajuntaments, mancomunitats i entitats locals menors. La distribuci\u00f3 ser\u00e0 d&#8217;1.339.340 euros per a ajuntaments, 250.000 euros per a mancomunitats i 28.000 euros per a entitats locals menors. Estes ajudes financen projectes d&#8217;inversi\u00f3 en mat\u00e8ria de residus, amb un m\u00e0xim de 28.000 euros (IVA incl\u00f2s), per a actuacions vinculades als plans locals de gesti\u00f3, com la recollida separada de noves fraccions, la digitalitzaci\u00f3 de la gesti\u00f3, la implantaci\u00f3 de sistemes de pagament per generaci\u00f3 o la millora de l&#8217;efici\u00e8ncia en la recollida de voluminosos i utensilis.<\/p>\n\n\n\n<p class=\"wp-block-paragraph\">D&#8217;altra banda, la l\u00ednia dirigida als Consorcis de Residus i a l&#8217;Entitat Metropolitana per al Tractament de Residus (EMTRE) comptar\u00e0 en 2026 amb una dotaci\u00f3 de 750.000 euros, destinats a finan\u00e7ar inversions en instal\u00b7lacions i processos de tractament. Estes ajudes prioritzen la incorporaci\u00f3 de tecnologies que permeten la valoritzaci\u00f3 de residus i la reducci\u00f3 de la fracci\u00f3 de rebuig que s&#8217;envia a abocador.<\/p>\n\n\n\n<p class=\"wp-block-paragraph\">&#8220;Des de l&#8217;any 2024, la Diputaci\u00f3 de Val\u00e8ncia ha consolidat un esfor\u00e7 continuat en el finan\u00e7ament de la gesti\u00f3 de residus&#8221;, ha destacat el diputat responsable del servici d&#8217;Aigua, Residus i Empreses P\u00fabliques de la corporaci\u00f3 provincial, Paco Comes. Sumant els imports de totes les convocat\u00f2ries -inclosos els 1.785.000 euros per a implantaci\u00f3 i els 750.000 euros per a consorcis i EMTRE en 2024, aix\u00ed com els 1.785.000 euros i 1.000.000 euros respectius en 2025- la inversi\u00f3 acumulada fins a 2026 en estes l\u00ednies de subvenci\u00f3 aconseguix els 7.687.340 euros. &#8220;Este volum de recursos reafirma el comprom\u00eds de la instituci\u00f3 amb els municipis i estructures supramunicipals que treballen per a adaptar els seus sistemes de gesti\u00f3 als nous requisits normatius i ambientals&#8221;, apunta el responsable del servici.<\/p>\n\n\n\n<p class=\"wp-block-paragraph\"><strong>Plans Locals de Gesti\u00f3 de Residus<\/strong><\/p>\n\n\n\n<p class=\"wp-block-paragraph\">En les pr\u00f2ximes setmanes, la Diputaci\u00f3 de Val\u00e8ncia publicar\u00e0 a m\u00e9s una convocat\u00f2ria destinada a impulsar dos \u00e0mbits essencials en l&#8217;exercici de les compet\u00e8ncies municipals en mat\u00e8ria de gesti\u00f3 de residus. D&#8217;una banda, es donar\u00e0 suport a la redacci\u00f3, actualitzaci\u00f3 i revisi\u00f3 dels Plans Locals de Gesti\u00f3 de Residus (PLGR) \u2014denominats programes de gesti\u00f3 de residus segons l&#8217;article 15 de la Llei 7\/2022, de 8 d&#8217;abril, de residus i s\u00f2ls contaminats per a una economia circular\u2014. D&#8217;altra banda, es refor\u00e7ar\u00e0 el control i seguiment t\u00e8cnic del servici municipal de recollida de residus, amb independ\u00e8ncia que esta prestaci\u00f3 s&#8217;efectue mitjan\u00e7ant gesti\u00f3 directa o indirecta, garantint aix\u00ed una supervisi\u00f3 m\u00e9s efica\u00e7 i una millora cont\u00ednua del servici p\u00fablic.<\/p>\n\n\n\n<p class=\"wp-block-paragraph\">Per a Paco Comes, estes iniciatives &#8220;s\u00f3n una mostra m\u00e9s de la voluntat de la Diputaci\u00f3: continuar sent aliat clau en la transici\u00f3 cap a un model de gesti\u00f3 de residus avan\u00e7at, responsable i plenament alineat amb les exig\u00e8ncies legals, ambientals i socials actuals&#8221;.<\/p>\n","protected":false},"excerpt":{"rendered":"<div class=\"mh-excerpt\">El diputat Paco Comes ha explicat que les dos l\u00ednies de subvencions &#8220;reafirmen el nostre comprom\u00eds amb els municipis i estructures supramunicipals que treballen per a adaptar els seus sistemes de gesti\u00f3 als nous requisits <a class=\"mh-excerpt-more\" href=\"https:\/\/tucomarca.whitekongsoftware.com\/ca\/la-diputacio-de-valencia-aferma-el-seu-suport-als-municipis-i-consorcis-en-la-gestio-de-residus\/\" title=\"La Diputaci\u00f3 de Val\u00e8ncia aferma el seu suport als municipis i consorcis en la gesti\u00f3 de residus\">[+] <\/a><\/div>\n","protected":false},"author":12,"featured_media":297265,"comment_status":"closed","ping_status":"open","sticky":false,"template":"","format":"standard","meta":{"footnotes":""},"categories":[10898,10948,10894,10904,10903,10947,10896],"tags":[11246,13866],"class_list":["post-297268","post","type-post","status-publish","format-standard","has-post-thumbnail","category-ventana-ca","category-infraestructuras-ca","category-la-comarca-ca","category-sin-categorizar-ca","category-medio-ambiente-la-comarca-ca","category-politica","category-seccion-ca","tag-diputacio-de-valencia-ca","tag-gestion-de-residuos-ca"],"_links":{"self":[{"href":"https:\/\/tucomarca.whitekongsoftware.com\/ca\/wp-json\/wp\/v2\/posts\/297268","targetHints":{"allow":["GET"]}}],"collection":[{"href":"https:\/\/tucomarca.whitekongsoftware.com\/ca\/wp-json\/wp\/v2\/posts"}],"about":[{"href":"https:\/\/tucomarca.whitekongsoftware.com\/ca\/wp-json\/wp\/v2\/types\/post"}],"author":[{"embeddable":true,"href":"https:\/\/tucomarca.whitekongsoftware.com\/ca\/wp-json\/wp\/v2\/users\/12"}],"replies":[{"embeddable":true,"href":"https:\/\/tucomarca.whitekongsoftware.com\/ca\/wp-json\/wp\/v2\/comments?post=297268"}],"version-history":[{"count":0,"href":"https:\/\/tucomarca.whitekongsoftware.com\/ca\/wp-json\/wp\/v2\/posts\/297268\/revisions"}],"wp:featuredmedia":[{"embeddable":true,"href":"https:\/\/tucomarca.whitekongsoftware.com\/ca\/wp-json\/wp\/v2\/media\/297265"}],"wp:attachment":[{"href":"https:\/\/tucomarca.whitekongsoftware.com\/ca\/wp-json\/wp\/v2\/media?parent=297268"}],"wp:term":[{"taxonomy":"category","embeddable":true,"href":"https:\/\/tucomarca.whitekongsoftware.com\/ca\/wp-json\/wp\/v2\/categories?post=297268"},{"taxonomy":"post_tag","embeddable":true,"href":"https:\/\/tucomarca.whitekongsoftware.com\/ca\/wp-json\/wp\/v2\/tags?post=297268"}],"curies":[{"name":"wp","href":"https:\/\/api.w.org\/{rel}","templated":true}]}}