{"id":297259,"date":"2026-03-30T09:15:00","date_gmt":"2026-03-30T07:15:00","guid":{"rendered":"https:\/\/www.tucomarca.com\/wordpress\/segunda\/?p=297259"},"modified":"2026-03-30T21:57:32","modified_gmt":"2026-03-30T19:57:32","slug":"la-diputacio-destina-dos-milions-a-una-nova-convocatoria-dajudes-per-a-promocionar-les-bandes-de-musica","status":"publish","type":"post","link":"https:\/\/tucomarca.whitekongsoftware.com\/ca\/la-diputacio-destina-dos-milions-a-una-nova-convocatoria-dajudes-per-a-promocionar-les-bandes-de-musica\/","title":{"rendered":"La Diputaci\u00f3 destina dos milions a una nova convocat\u00f2ria d&#8217;ajudes per a promocionar les bandes de m\u00fasica"},"content":{"rendered":"\n<h3 class=\"wp-block-heading\">Les ajudes Excel\u00b7lent repartiran enguany 1.970.000 euros per a la celebraci\u00f3 de concerts dins i fora de la prov\u00edncia, les escoles d&#8217;educands i l&#8217;adquisici\u00f3 d&#8217;instruments i partitures.<\/h3>\n\n\n\n<h3 class=\"wp-block-heading\">El diputat Ricardo Gabald\u00f3n destaca \u201cl&#8217;aposta ferma de la corporaci\u00f3 per la consolidaci\u00f3 de les nostres bandes, les seues escoles i la projecci\u00f3 de la m\u00fasica de banda dins i fora del nostre territori\u201d.<\/h3>\n\n\n\n<p class=\"wp-block-paragraph\">La Diputaci\u00f3 de Val\u00e8ncia ha convocat les ajudes Excel\u00b7lent 2026 per a les bandes de m\u00fasica, amb una dotaci\u00f3 d&#8217;1.970.000 euros que confirma \u201cl&#8217;aposta de la corporaci\u00f3 per la consolidaci\u00f3 d&#8217;estes societats, les seues escoles i la projecci\u00f3 de la m\u00fasica de banda dins i fora del nostre territori\u201d. Les paraules s\u00f3n del diputat de Bandes, Ricardo Gabald\u00f3n, qui destaca \u201cel manteniment d&#8217;una subvenci\u00f3 que pot destinar-se tant a l&#8217;organitzaci\u00f3 de concerts com al manteniment d&#8217;escoles i la compra d&#8217;instruments i partitures\u201d.<\/p>\n\n\n\n<p class=\"wp-block-paragraph\">La convocat\u00f2ria es va publicar en el BOP el 23 de mar\u00e7 i hi ha un termini de 15 dies h\u00e0bils perqu\u00e8 les societats musicals puguen realitzar les sol\u00b7licituds en la seu electr\u00f2nica de la Diputaci\u00f3 (www.sede.dival.es, en el cat\u00e0leg de tr\u00e0mits-cultura-ajudes Excel\u00b7lent 2026). L&#8217;assignaci\u00f3 econ\u00f2mica es distribu\u00efx en cinc modalitats, des de la subvenci\u00f3 de concerts a la prov\u00edncia, entre l&#8217;1 de gener i el 21 d&#8217;octubre d&#8217;enguany, fins a l&#8217;organitzaci\u00f3 de concerts fora del territori valenci\u00e0 per a les guanyadores de l&#8217;\u00faltim certamen provincial. Tamb\u00e9 hi ha cr\u00e8dit per al manteniment de les escoles de m\u00fasica i l&#8217;adquisici\u00f3 d&#8217;instruments i partitures.<\/p>\n\n\n\n<p class=\"wp-block-paragraph\">Ricardo Gabald\u00f3n insistix en \u201cla promoci\u00f3 i projecci\u00f3 de les nostres bandes dins i fora de les comarques valencianes\u201d. El diputat responsable de Bandes de M\u00fasica posa en valor \u201cl&#8217;organitzaci\u00f3 d&#8217;esdeveniments musicals que ajuden a difondre la nostra m\u00fasica i el llegat que transmet en cada poble, per\u00f2 tamb\u00e9 fora de les nostres fronteres\u201d. En este sentit, dos de les l\u00ednies subvencionades s\u00f3n la consolidaci\u00f3 de les societats musicals amb la celebraci\u00f3 de concerts, amb una ajuda d&#8217;entre 2.000 i 2.500 euros per banda; i la possibilitat de les bandes guanyadores en cadascuna de les categories de l&#8217;\u00faltim certamen provincial de tocar fora de la prov\u00edncia, amb ajudes que oscil\u00b7len entre els 15.000 i els 30.000 euros en funci\u00f3 de la categoria.<\/p>\n\n\n\n<figure class=\"wp-block-image size-full\"><img loading=\"lazy\" decoding=\"async\" width=\"945\" height=\"630\" src=\"https:\/\/www.tucomarca.com\/wordpress\/segunda\/wp-content\/uploads\/2026\/03\/GuadassuarBanda.jpg\" alt=\"\" class=\"wp-image-297256\" srcset=\"https:\/\/tucomarca.whitekongsoftware.com\/wp-content\/uploads\/2026\/03\/GuadassuarBanda.jpg 945w, https:\/\/tucomarca.whitekongsoftware.com\/wp-content\/uploads\/2026\/03\/GuadassuarBanda-300x200.jpg 300w, https:\/\/tucomarca.whitekongsoftware.com\/wp-content\/uploads\/2026\/03\/GuadassuarBanda-768x512.jpg 768w\" sizes=\"auto, (max-width: 945px) 100vw, 945px\" \/><\/figure>\n\n\n\n<p class=\"wp-block-paragraph\"><strong>Escoles, instruments i partitures<\/strong><\/p>\n\n\n\n<p class=\"wp-block-paragraph\">En el cas de les escoles de m\u00fasica, l&#8217;assignaci\u00f3 que poden sol\u00b7licitar les bandes oscil\u00b7la entre els 1.500 i els 2.800 euros, en funci\u00f3 del nombre d&#8217;educands. \u201cAmb esta l\u00ednia donem suport a la continu\u00eftat d&#8217;estos espais educatius fonamentals per al futur de les societats\u201d, apunta Gabald\u00f3n, qui t\u00e9 clara \u201cla rellev\u00e0ncia cultural de la m\u00fasica de banda en els nostres municipis, aix\u00ed com el paper fonamental que juga la m\u00fasica en el teixit social de la prov\u00edncia\u201d.<\/p>\n\n\n\n<p class=\"wp-block-paragraph\">Les altres dos modalitats de les ajudes Excel\u00b7lent s\u00f3n l&#8217;adquisici\u00f3 d&#8217;instruments i partitures. En el primer cas, les societats poden presentar la sol\u00b7licitud per a comprar instruments i tauletes electr\u00f2niques destinades a les escoles de m\u00fasica, amb un m\u00e0xim de 2.000 euros. En el cas de les partitures, la subvenci\u00f3 est\u00e0 destinada a les bandes que participen al certamen provincial, que poden obtindre un m\u00e0xim de 700 euros per a les partitures interpretades en l&#8217;apartat d&#8217;obra lliure.<\/p>\n\n\n\n<p class=\"wp-block-paragraph\">Des de la Diputaci\u00f3 garantixen la continu\u00eftat d&#8217;estes ajudes dirigides a l&#8217;impuls i projecci\u00f3 de la m\u00fasica de banda, que tornar\u00e0 a tindre enguany la seua gran cita amb la celebraci\u00f3 del 49\u00e9 Certamen Provincial, que tindr\u00e0 lloc els dies 2 i 3 de maig en el Palau de la M\u00fasica de Val\u00e8ncia, amb 12 agrupacions musicals participants.<\/p>\n","protected":false},"excerpt":{"rendered":"<div class=\"mh-excerpt\">Les ajudes Excel\u00b7lent repartiran enguany 1.970.000 euros per a la celebraci\u00f3 de concerts dins i fora de la prov\u00edncia, les escoles d&#8217;educands i l&#8217;adquisici\u00f3 d&#8217;instruments i partitures. El diputat Ricardo Gabald\u00f3n destaca \u201cl&#8217;aposta ferma de <a class=\"mh-excerpt-more\" href=\"https:\/\/tucomarca.whitekongsoftware.com\/ca\/la-diputacio-destina-dos-milions-a-una-nova-convocatoria-dajudes-per-a-promocionar-les-bandes-de-musica\/\" title=\"La Diputaci\u00f3 destina dos milions a una nova convocat\u00f2ria d&#8217;ajudes per a promocionar les bandes de m\u00fasica\">[+] <\/a><\/div>\n","protected":false},"author":12,"featured_media":297255,"comment_status":"closed","ping_status":"open","sticky":false,"template":"","format":"standard","meta":{"footnotes":""},"categories":[11005,10894,10904,11007,10896],"tags":[20855,11246],"class_list":["post-297259","post","type-post","status-publish","format-standard","has-post-thumbnail","category-canal-musica","category-la-comarca-ca","category-sin-categorizar-ca","category-ocio-y-cultura-ca","category-seccion-ca","tag-bandas-de-musica-valencianas-ca","tag-diputacio-de-valencia-ca"],"_links":{"self":[{"href":"https:\/\/tucomarca.whitekongsoftware.com\/ca\/wp-json\/wp\/v2\/posts\/297259","targetHints":{"allow":["GET"]}}],"collection":[{"href":"https:\/\/tucomarca.whitekongsoftware.com\/ca\/wp-json\/wp\/v2\/posts"}],"about":[{"href":"https:\/\/tucomarca.whitekongsoftware.com\/ca\/wp-json\/wp\/v2\/types\/post"}],"author":[{"embeddable":true,"href":"https:\/\/tucomarca.whitekongsoftware.com\/ca\/wp-json\/wp\/v2\/users\/12"}],"replies":[{"embeddable":true,"href":"https:\/\/tucomarca.whitekongsoftware.com\/ca\/wp-json\/wp\/v2\/comments?post=297259"}],"version-history":[{"count":0,"href":"https:\/\/tucomarca.whitekongsoftware.com\/ca\/wp-json\/wp\/v2\/posts\/297259\/revisions"}],"wp:featuredmedia":[{"embeddable":true,"href":"https:\/\/tucomarca.whitekongsoftware.com\/ca\/wp-json\/wp\/v2\/media\/297255"}],"wp:attachment":[{"href":"https:\/\/tucomarca.whitekongsoftware.com\/ca\/wp-json\/wp\/v2\/media?parent=297259"}],"wp:term":[{"taxonomy":"category","embeddable":true,"href":"https:\/\/tucomarca.whitekongsoftware.com\/ca\/wp-json\/wp\/v2\/categories?post=297259"},{"taxonomy":"post_tag","embeddable":true,"href":"https:\/\/tucomarca.whitekongsoftware.com\/ca\/wp-json\/wp\/v2\/tags?post=297259"}],"curies":[{"name":"wp","href":"https:\/\/api.w.org\/{rel}","templated":true}]}}