{"id":297216,"date":"2026-03-30T11:00:00","date_gmt":"2026-03-30T09:00:00","guid":{"rendered":"https:\/\/www.tucomarca.com\/wordpress\/segunda\/?p=297216"},"modified":"2026-03-30T22:06:28","modified_gmt":"2026-03-30T20:06:28","slug":"video-albaes-de-les-falles-de-turis-2026-presidents-i-falleres-majors-comisio-placeta-del-marques","status":"publish","type":"post","link":"https:\/\/tucomarca.whitekongsoftware.com\/ca\/video-albaes-de-les-falles-de-turis-2026-presidents-i-falleres-majors-comisio-placeta-del-marques\/","title":{"rendered":"V\u00eddeo: Albaes de les Falles de Tur\u00eds 2026. Presidents i Falleres Majors comisi\u00f3 Placeta del Marqu\u00e9s"},"content":{"rendered":"\n<figure class=\"wp-block-embed is-type-video is-provider-youtube wp-block-embed-youtube wp-embed-aspect-16-9 wp-has-aspect-ratio\"><div class=\"wp-block-embed__wrapper\">\n<iframe loading=\"lazy\" title=\"V\u00eddeo: Albaes Falles Tur\u00eds 2026. Presidents i Falleres Majors Falla Placeta del Marqu\u00e9s.\" width=\"500\" height=\"281\" src=\"https:\/\/www.youtube.com\/embed\/yxcB3TgpG88?feature=oembed\" frameborder=\"0\" allow=\"accelerometer; autoplay; clipboard-write; encrypted-media; gyroscope; picture-in-picture; web-share\" referrerpolicy=\"strict-origin-when-cross-origin\" allowfullscreen><\/iframe>\n<\/div><\/figure>\n\n\n\n<p class=\"wp-block-paragraph\"><\/p>\n\n\n\n<p class=\"wp-block-paragraph\">V\u00eddeograbaci\u00f3 a c\u00e0rrec de <strong>tucomarca televisi\u00f3 <\/strong>de la tradicional nit d&#8217;albaes de les Falles de Tur\u00eds 2026 a la comissi\u00f3 Placeta del Marqu\u00e9s pel grup de Cant Valenci\u00e0 del Puig de Santa Maria. <\/p>\n","protected":false},"excerpt":{"rendered":"<div class=\"mh-excerpt\">V\u00eddeograbaci\u00f3 a c\u00e0rrec de tucomarca televisi\u00f3 de la tradicional nit d&#8217;albaes de les Falles de Tur\u00eds 2026 a la comissi\u00f3 Placeta del Marqu\u00e9s pel grup de Cant Valenci\u00e0 del Puig de Santa Maria.<\/div>\n","protected":false},"author":1,"featured_media":297214,"comment_status":"closed","ping_status":"open","sticky":false,"template":"","format":"video","meta":{"footnotes":""},"categories":[11005,10898,10894,10904,10902,11004,11007,11008,10896,11047,11062],"tags":[16744,11499,11500,11077,11093],"class_list":["post-297216","post","type-post","status-publish","format-video","has-post-thumbnail","category-canal-musica","category-ventana-ca","category-la-comarca-ca","category-sin-categorizar-ca","category-la-ribera-ca","category-la-semana-en-imagenes-ca","category-ocio-y-cultura-ca","category-pueblos-en-fiestas-ca","category-seccion-ca","category-turis-ca","category-videos","tag-albaes-ca","tag-fallas-ca","tag-falles-ca","tag-la-ribera-alta-ca","tag-turis-ca","post_format-post-format-video"],"_links":{"self":[{"href":"https:\/\/tucomarca.whitekongsoftware.com\/ca\/wp-json\/wp\/v2\/posts\/297216","targetHints":{"allow":["GET"]}}],"collection":[{"href":"https:\/\/tucomarca.whitekongsoftware.com\/ca\/wp-json\/wp\/v2\/posts"}],"about":[{"href":"https:\/\/tucomarca.whitekongsoftware.com\/ca\/wp-json\/wp\/v2\/types\/post"}],"author":[{"embeddable":true,"href":"https:\/\/tucomarca.whitekongsoftware.com\/ca\/wp-json\/wp\/v2\/users\/1"}],"replies":[{"embeddable":true,"href":"https:\/\/tucomarca.whitekongsoftware.com\/ca\/wp-json\/wp\/v2\/comments?post=297216"}],"version-history":[{"count":0,"href":"https:\/\/tucomarca.whitekongsoftware.com\/ca\/wp-json\/wp\/v2\/posts\/297216\/revisions"}],"wp:featuredmedia":[{"embeddable":true,"href":"https:\/\/tucomarca.whitekongsoftware.com\/ca\/wp-json\/wp\/v2\/media\/297214"}],"wp:attachment":[{"href":"https:\/\/tucomarca.whitekongsoftware.com\/ca\/wp-json\/wp\/v2\/media?parent=297216"}],"wp:term":[{"taxonomy":"category","embeddable":true,"href":"https:\/\/tucomarca.whitekongsoftware.com\/ca\/wp-json\/wp\/v2\/categories?post=297216"},{"taxonomy":"post_tag","embeddable":true,"href":"https:\/\/tucomarca.whitekongsoftware.com\/ca\/wp-json\/wp\/v2\/tags?post=297216"}],"curies":[{"name":"wp","href":"https:\/\/api.w.org\/{rel}","templated":true}]}}