{"id":297152,"date":"2026-03-30T09:00:00","date_gmt":"2026-03-30T07:00:00","guid":{"rendered":"https:\/\/www.tucomarca.com\/wordpress\/segunda\/?p=297152"},"modified":"2026-03-30T21:44:32","modified_gmt":"2026-03-30T19:44:32","slug":"lorquestra-de-requena-i-el-orfeo-valencia-inicien-la-setmana-santa-amb-un-interessant-concert","status":"publish","type":"post","link":"https:\/\/tucomarca.whitekongsoftware.com\/ca\/lorquestra-de-requena-i-el-orfeo-valencia-inicien-la-setmana-santa-amb-un-interessant-concert\/","title":{"rendered":"L&#8217;Orquestra de Requena i el Orfe\u00f3 Valenci\u00e0 inicien la Setmana Santa amb un interessant concert"},"content":{"rendered":"\n<h3 class=\"wp-block-heading\">La formaci\u00f3, dirigida per Francisco Melero, i l&#8217;agrupaci\u00f3 coral, sota la direcci\u00f3 de Josep Llu\u00eds Valldecabres, van oferir un programa amb obres de Rheinberger i Haydn molt celebrat pel p\u00fablic que va omplir l&#8217;aforament de l&#8217;Esgl\u00e9sia de Santa Mar\u00eda de Requena.<\/h3>\n\n\n\n<p class=\"wp-block-paragraph\">L&#8217;Orquestra Filharm\u00f2nica Fundaci\u00f3 Ciutat de Requena, dirigida per Francisco Melero, va donar inici a la Setmana Santa amb un concert, molt celebrat pel p\u00fablic que va omplir l&#8217;aforament de l&#8217;Esgl\u00e9sia de Santa Mar\u00eda, el dissabte 28. La formaci\u00f3 i el Orfe\u00f3 Valenci\u00e0, sota la direcci\u00f3 coral de Josep Llu\u00eds Valldecabres, van oferir un programa, Ressons de la passi\u00f3, que va incloure les obres Stabat Mater opus 138 de Josef Rheinberger i la Missa in angustiis n\u00famero 11, &#8216;Nelson Mass&#8217; de Joseph Haydn.<\/p>\n\n\n\n<p class=\"wp-block-paragraph\">El repertori, de profunda espiritualitat, va conjuminar la intensitat expressiva de l&#8217;obra del compositor de Liechtenstein, amb la for\u00e7a, esperan\u00e7a i lluminositat de la partitura de l&#8217;austr\u00edac, en una experi\u00e8ncia musical que va estar carregada d&#8217;emoci\u00f3 i transcend\u00e8ncia. El concert, dedicat a Francisco Prada, president de la Fundaci\u00f3 Ciutat de Requena, va comptar amb els artistes Teresa Albero (soprano), Myriam Arnouk (mezzosoprano), Miguel \u00c1ngel Ariza (tenor), Santiago Tiscornia (bar\u00edton).<\/p>\n\n\n\n<p class=\"wp-block-paragraph\">L&#8217;Orquestra Filharm\u00f2nica de Requena oferir\u00e0 un total de deu concerts agrupats entorn del cicle Les quatre estacions i el Festival Internacional de M\u00fasica la Verema i el Vi (FiMuVin) en els quals participaran prestigiosos artistes i m\u00fasics en 2026, any en qu\u00e8 celebra el seu 20\u00e9 aniversari. L&#8217;orquestra incrementa la seua oferta cultural respecte a l&#8217;any passat, que ja va experimentar un augment substancial de les seues propostes musicals, i tamb\u00e9 organitzar\u00e0 el Curs de Direcci\u00f3 Orquestra Ciutat de Requena impartit per Francisco Melero, titular de la formaci\u00f3, i el Concurs de Direcci\u00f3 d&#8217;Orquestra Maestro Collado, en un any en qu\u00e8 Requena ha sigut designada Ciutat Espanyola del Vi.<\/p>\n\n\n\n<figure class=\"wp-block-gallery has-nested-images columns-default is-cropped wp-block-gallery-1 is-layout-flex wp-block-gallery-is-layout-flex\">\n<figure class=\"wp-block-image size-large\"><img loading=\"lazy\" decoding=\"async\" width=\"945\" height=\"628\" data-id=\"297149\" src=\"https:\/\/www.tucomarca.com\/wordpress\/segunda\/wp-content\/uploads\/2026\/03\/OrquestaRequena02.jpg\" alt=\"\" class=\"wp-image-297149\" srcset=\"https:\/\/tucomarca.whitekongsoftware.com\/wp-content\/uploads\/2026\/03\/OrquestaRequena02.jpg 945w, https:\/\/tucomarca.whitekongsoftware.com\/wp-content\/uploads\/2026\/03\/OrquestaRequena02-300x199.jpg 300w, https:\/\/tucomarca.whitekongsoftware.com\/wp-content\/uploads\/2026\/03\/OrquestaRequena02-768x510.jpg 768w\" sizes=\"auto, (max-width: 945px) 100vw, 945px\" \/><\/figure>\n\n\n\n<figure class=\"wp-block-image size-large\"><img loading=\"lazy\" decoding=\"async\" width=\"945\" height=\"543\" data-id=\"297147\" src=\"https:\/\/www.tucomarca.com\/wordpress\/segunda\/wp-content\/uploads\/2026\/03\/OrquestaRequena01.jpg\" alt=\"\" class=\"wp-image-297147\" srcset=\"https:\/\/tucomarca.whitekongsoftware.com\/wp-content\/uploads\/2026\/03\/OrquestaRequena01.jpg 945w, https:\/\/tucomarca.whitekongsoftware.com\/wp-content\/uploads\/2026\/03\/OrquestaRequena01-300x172.jpg 300w, https:\/\/tucomarca.whitekongsoftware.com\/wp-content\/uploads\/2026\/03\/OrquestaRequena01-768x441.jpg 768w\" sizes=\"auto, (max-width: 945px) 100vw, 945px\" \/><\/figure>\n<\/figure>\n\n\n\n<p class=\"has-small-font-size wp-block-paragraph\"><em>L&#8217;Orquestra Filharm\u00f2nica Fundaci\u00f3 Ciutat de Requena, dirigida per Francisco Melero, i el Orfe\u00f3 Valenci\u00e0, sota la direcci\u00f3 coral de Josep Llu\u00eds Valldecabres, en el Concert de Setmana Santa 2026. <strong>Fotos: Roberto Poveda.<\/strong><\/em><\/p>\n","protected":false},"excerpt":{"rendered":"<div class=\"mh-excerpt\">La formaci\u00f3, dirigida per Francisco Melero, i l&#8217;agrupaci\u00f3 coral, sota la direcci\u00f3 de Josep Llu\u00eds Valldecabres, van oferir un programa amb obres de Rheinberger i Haydn molt celebrat pel p\u00fablic que va omplir l&#8217;aforament de <a class=\"mh-excerpt-more\" href=\"https:\/\/tucomarca.whitekongsoftware.com\/ca\/lorquestra-de-requena-i-el-orfeo-valencia-inicien-la-setmana-santa-amb-un-interessant-concert\/\" title=\"L&#8217;Orquestra de Requena i el Orfe\u00f3 Valenci\u00e0 inicien la Setmana Santa amb un interessant concert\">[+] <\/a><\/div>\n","protected":false},"author":12,"featured_media":297146,"comment_status":"closed","ping_status":"open","sticky":false,"template":"","format":"gallery","meta":{"footnotes":""},"categories":[11005,10894,11007,10908,10909,10896],"tags":[20901,10910],"class_list":["post-297152","post","type-post","status-publish","format-gallery","has-post-thumbnail","category-canal-musica","category-la-comarca-ca","category-ocio-y-cultura-ca","category-requena-ca","category-requena-utiel-ca","category-seccion-ca","tag-orquesta-ciudad-de-requena-ca","tag-requena-utiel-ca","post_format-post-format-gallery"],"_links":{"self":[{"href":"https:\/\/tucomarca.whitekongsoftware.com\/ca\/wp-json\/wp\/v2\/posts\/297152","targetHints":{"allow":["GET"]}}],"collection":[{"href":"https:\/\/tucomarca.whitekongsoftware.com\/ca\/wp-json\/wp\/v2\/posts"}],"about":[{"href":"https:\/\/tucomarca.whitekongsoftware.com\/ca\/wp-json\/wp\/v2\/types\/post"}],"author":[{"embeddable":true,"href":"https:\/\/tucomarca.whitekongsoftware.com\/ca\/wp-json\/wp\/v2\/users\/12"}],"replies":[{"embeddable":true,"href":"https:\/\/tucomarca.whitekongsoftware.com\/ca\/wp-json\/wp\/v2\/comments?post=297152"}],"version-history":[{"count":0,"href":"https:\/\/tucomarca.whitekongsoftware.com\/ca\/wp-json\/wp\/v2\/posts\/297152\/revisions"}],"wp:featuredmedia":[{"embeddable":true,"href":"https:\/\/tucomarca.whitekongsoftware.com\/ca\/wp-json\/wp\/v2\/media\/297146"}],"wp:attachment":[{"href":"https:\/\/tucomarca.whitekongsoftware.com\/ca\/wp-json\/wp\/v2\/media?parent=297152"}],"wp:term":[{"taxonomy":"category","embeddable":true,"href":"https:\/\/tucomarca.whitekongsoftware.com\/ca\/wp-json\/wp\/v2\/categories?post=297152"},{"taxonomy":"post_tag","embeddable":true,"href":"https:\/\/tucomarca.whitekongsoftware.com\/ca\/wp-json\/wp\/v2\/tags?post=297152"}],"curies":[{"name":"wp","href":"https:\/\/api.w.org\/{rel}","templated":true}]}}