{"id":297013,"date":"2026-03-27T11:00:00","date_gmt":"2026-03-27T10:00:00","guid":{"rendered":"https:\/\/www.tucomarca.com\/wordpress\/segunda\/?p=297013"},"modified":"2026-03-27T15:54:05","modified_gmt":"2026-03-27T14:54:05","slug":"de-les-dades-a-les-decisions-revital-ia-impulsa-la-gestio-intelligent-local","status":"publish","type":"post","link":"https:\/\/tucomarca.whitekongsoftware.com\/ca\/de-les-dades-a-les-decisions-revital-ia-impulsa-la-gestio-intelligent-local\/","title":{"rendered":"De les dades a les decisions: Revital-IA impulsa la gesti\u00f3 intel\u00b7ligent local"},"content":{"rendered":"\n<h3 class=\"wp-block-heading\">ValgrAI i WonderBits desenvolupen, amb el suport de la Diputaci\u00f3 de Val\u00e8ncia i la Generalitat Valenciana, una iniciativa pionera per a la revitalitzaci\u00f3 social, econ\u00f2mica i mediambiental dels municipis valencians.<\/h3>\n\n\n\n<p class=\"wp-block-paragraph\">El Museu Valenci\u00e0 de la Il\u00b7lustraci\u00f3 i la Modernitat (MuVIM) ha acollit este mat\u00ed la jornada de presentaci\u00f3 del projecte Revital-IA, una iniciativa pionera que posiciona la intel\u00b7lig\u00e8ncia artificial com una palanca estrat\u00e8gica per a la revitalitzaci\u00f3 social, econ\u00f2mica i mediambiental dels municipis xicotets i mitjans de la Comunitat Valenciana.<\/p>\n\n\n\n<p class=\"wp-block-paragraph\">El projecte, liderat per la Fundaci\u00f3 ValgrAI junt amb la tecnol\u00f2gica WonderBits i amb el suport de la Diputaci\u00f3 de Val\u00e8ncia i la Generalitat Valenciana, s\u2019emmarca en el programa nacional d\u2019ajudes al desenvolupament experimental en intel\u00b7lig\u00e8ncia artificial i espais de dades. Amb una inversi\u00f3 superior als 500.000 euros, Revital-IA naix amb l\u2019objectiu de reduir la bretxa digital, dinamitzar l\u2019economia local i millorar la qualitat de vida als municipis, situant la tecnologia al servei de les persones i del territori.<\/p>\n\n\n\n<figure class=\"wp-block-image size-full\"><img loading=\"lazy\" decoding=\"async\" width=\"886\" height=\"665\" src=\"https:\/\/www.tucomarca.com\/wordpress\/segunda\/wp-content\/uploads\/2026\/03\/ValgrAI2.jpg\" alt=\"\" class=\"wp-image-297010\" srcset=\"https:\/\/tucomarca.whitekongsoftware.com\/wp-content\/uploads\/2026\/03\/ValgrAI2.jpg 886w, https:\/\/tucomarca.whitekongsoftware.com\/wp-content\/uploads\/2026\/03\/ValgrAI2-300x225.jpg 300w, https:\/\/tucomarca.whitekongsoftware.com\/wp-content\/uploads\/2026\/03\/ValgrAI2-768x576.jpg 768w, https:\/\/tucomarca.whitekongsoftware.com\/wp-content\/uploads\/2026\/03\/ValgrAI2-678x509.jpg 678w, https:\/\/tucomarca.whitekongsoftware.com\/wp-content\/uploads\/2026\/03\/ValgrAI2-326x245.jpg 326w, https:\/\/tucomarca.whitekongsoftware.com\/wp-content\/uploads\/2026\/03\/ValgrAI2-80x60.jpg 80w\" sizes=\"auto, (max-width: 886px) 100vw, 886px\" \/><\/figure>\n\n\n\n<p class=\"wp-block-paragraph\">L\u2019esdeveniment ha reunit representants institucionals, experts tecnol\u00f2gics, investigadors i responsables municipals per a mostrar, des d\u2019un enfocament pr\u00e0ctic, com la intel\u00b7lig\u00e8ncia artificial pot transformar la gesti\u00f3 p\u00fablica local. La inauguraci\u00f3 ha comptat amb la participaci\u00f3 de Vicent Botti, director general de ValgrAI; Eloy Sentana Gadea, cap de servei de Projectes Estrat\u00e8gics i Tecnologies Habilitadores Digitals de la Generalitat Valenciana; i Juan Pablo Pe\u00f1arrubia, responsable d\u2019Intel\u00b7lig\u00e8ncia Artificial de la Diputaci\u00f3 de Val\u00e8ncia.<\/p>\n\n\n\n<p class=\"wp-block-paragraph\">Durant la seua intervenci\u00f3, Dario Terr\u00e9s, CEO de WonderBits, ha presentat la plataforma com una soluci\u00f3 dissenyada per a millorar la gesti\u00f3 municipal i l\u2019experi\u00e8ncia de la ciutadania i visitants. Impulsada des de la Diputaci\u00f3 de Val\u00e8ncia, la iniciativa busca acostar la tecnologia al territori i facilitar l\u2019acc\u00e9s a serveis digitals avan\u00e7ats, especialment en aquells municipis amb menor capacitat t\u00e8cnica.<\/p>\n\n\n\n<p class=\"wp-block-paragraph\">Revital-IA permet organitzar, estructurar i connectar la informaci\u00f3 municipal \u2014serveis, tr\u00e0mits, agenda o recursos locals\u2014 per a oferir una experi\u00e8ncia m\u00e9s accessible i personalitzada a trav\u00e9s d\u2019assistents intel\u00b7ligents. D\u2019esta manera, se supera el model actual d\u2019informaci\u00f3 dispersa i s\u2019avan\u00e7a cap a un sistema integrat capa\u00e7 d\u2019oferir respostes contextualitzades i alineades amb la informaci\u00f3 oficial de cada ajuntament.<\/p>\n\n\n\n<p class=\"wp-block-paragraph\">La plataforma incorpora, a m\u00e9s, un m\u00f2dul d\u2019efici\u00e8ncia energ\u00e8tica orientat a la gesti\u00f3 interna municipal. Este sistema permet analitzar el consum energ\u00e8tic d\u2019edificis i instal\u00b7lacions p\u00fabliques, detectar inefici\u00e8ncies, identificar anomalies i anticipar comportaments mitjan\u00e7ant models predictius. Tot aix\u00f2 facilita la presa de decisions, optimitza recursos, redu\u00efx costos i contribu\u00efx a una gesti\u00f3 m\u00e9s sostenible.<\/p>\n\n\n\n<p class=\"wp-block-paragraph\">Dissenyada com una infraestructura comuna, escalable i evolutiva, Revital-IA permet als municipis avan\u00e7ar en el seu proc\u00e9s de digitalitzaci\u00f3 de manera progressiva, sense incrementar la seua complexitat t\u00e8cnica. El projecte est\u00e0 finan\u00e7at per la Uni\u00f3 Europea a trav\u00e9s dels fons NextGenerationEU, en el marc del Pla de Recuperaci\u00f3, Transformaci\u00f3 i Resili\u00e8ncia (PRTR) i la iniciativa RETECH, i compta amb la col\u00b7laboraci\u00f3 de la Universitat Jaume I.<\/p>\n\n\n\n<p class=\"wp-block-paragraph\">En l\u2019\u00e0mbit institucional, la diputada delegada d\u2019Intel\u00b7lig\u00e8ncia Artificial de la Diputaci\u00f3 de Val\u00e8ncia, Amparo Folgado, ha subratllat la import\u00e0ncia d\u2019acompanyar els ajuntaments no sols en la incorporaci\u00f3 de tecnologia, sin\u00f3 tamb\u00e9 en el seu aprofitament estrat\u00e8gic. En este sentit, ha destacat la necessitat de dotar les administracions locals de recursos, formaci\u00f3 i assessorament especialitzat per a garantir una adopci\u00f3 efica\u00e7, permetent incl\u00fas als municipis amb menor capacitat t\u00e8cnica accedir a solucions innovadores i millorar els seus serveis p\u00fablics.<\/p>\n\n\n\n<p class=\"wp-block-paragraph\">Per la seua part, Rafael Berlanga, catedr\u00e0tic de la Universitat Jaume I i membre de la unitat mixta d\u2019investigaci\u00f3 de ValgrAI, junt amb Hugo Ferrer, CEO de Semantic Bots, han posat el focus en el paper dels agents intel\u00b7ligents en la comunicaci\u00f3 ciutadana i l\u2019impuls del turisme. Ambd\u00f3s han destacat la necessitat de superar els actuals \u201csilos d\u2019informaci\u00f3\u201d en les administracions p\u00fabliques, integrant dades procedents de diferents fonts \u2014portals municipals, seus electr\u00f2niques o serveis tur\u00edstics\u2014 per a oferir una experi\u00e8ncia m\u00e9s \u00e0gil, accessible i eficient.<\/p>\n\n\n\n<p class=\"wp-block-paragraph\">Aix\u00ed mateix, han explicat com la creaci\u00f3 de bases de coneixement espec\u00edfiques per a cada municipi, combinades amb models avan\u00e7ats d\u2019intel\u00b7lig\u00e8ncia artificial, permet oferir respostes fiables, contextualitzades i alineades amb la realitat local, millorant l\u2019atenci\u00f3 ciutadana, optimitzant els serveis socials i refor\u00e7ant la promoci\u00f3 tur\u00edstica.<\/p>\n\n\n\n<p class=\"wp-block-paragraph\">Un altre dels eixos clau del projecte \u00e9s la capacitaci\u00f3 de la ciutadania. En este context, s\u2019ha presentat el programa Digital-IA de la Fundaci\u00f3 ValgrAI, que ja est\u00e0 formant milers de persones en compet\u00e8ncies digitals i intel\u00b7lig\u00e8ncia artificial, especialment en municipis de menys de 20.000 habitants. Esta iniciativa contribu\u00efx a reduir la bretxa digital i facilita l\u2019acc\u00e9s a estes tecnologies a col\u00b7lectius com persones majors, joves o desocupats.<\/p>\n\n\n\n<p class=\"wp-block-paragraph\">La jornada ha incorporat tamb\u00e9 una proposta innovadora que ha combinat art i intel\u00b7lig\u00e8ncia artificial, oferint una mirada diferent sobre l\u2019impacte d\u2019estes tecnologies en la societat. L\u2019esdeveniment ha concl\u00f2s amb diversos <em>workshops<\/em> demostratius en els quals els assistents han pogut interactuar amb els casos d\u2019\u00fas desenvolupats en el marc del projecte.<\/p>\n\n\n\n<p class=\"wp-block-paragraph\">Revital-IA s\u2019implementar\u00e0 inicialment en municipis pilot, la qual cosa permetr\u00e0 validar el seu impacte en entorns reals abans del seu desplegament a major escala en el conjunt del territori.<\/p>\n\n\n\n<p class=\"wp-block-paragraph\">Amb iniciatives com esta, la Comunitat Valenciana refor\u00e7a la seua aposta per una intel\u00b7lig\u00e8ncia artificial \u00fatil, accessible i alineada amb les necessitats del territori, consolidant la innovaci\u00f3 com una ferramenta clau per al desenvolupament sostenible i la revitalitzaci\u00f3 dels municipis.<\/p>\n","protected":false},"excerpt":{"rendered":"<div class=\"mh-excerpt\">ValgrAI i WonderBits desenvolupen, amb el suport de la Diputaci\u00f3 de Val\u00e8ncia i la Generalitat Valenciana, una iniciativa pionera per a la revitalitzaci\u00f3 social, econ\u00f2mica i mediambiental dels municipis valencians. El Museu Valenci\u00e0 de la <a class=\"mh-excerpt-more\" href=\"https:\/\/tucomarca.whitekongsoftware.com\/ca\/de-les-dades-a-les-decisions-revital-ia-impulsa-la-gestio-intelligent-local\/\" title=\"De les dades a les decisions: Revital-IA impulsa la gesti\u00f3 intel\u00b7ligent local\">[+] <\/a><\/div>\n","protected":false},"author":12,"featured_media":297009,"comment_status":"closed","ping_status":"open","sticky":false,"template":"","format":"standard","meta":{"footnotes":""},"categories":[10898,10948,10894,10904,11007,10947,10896],"tags":[11246,24078,24058,24079],"class_list":["post-297013","post","type-post","status-publish","format-standard","has-post-thumbnail","category-ventana-ca","category-infraestructuras-ca","category-la-comarca-ca","category-sin-categorizar-ca","category-ocio-y-cultura-ca","category-politica","category-seccion-ca","tag-diputacio-de-valencia-ca","tag-revital-ia","tag-valgrai","tag-wonderbits"],"_links":{"self":[{"href":"https:\/\/tucomarca.whitekongsoftware.com\/ca\/wp-json\/wp\/v2\/posts\/297013","targetHints":{"allow":["GET"]}}],"collection":[{"href":"https:\/\/tucomarca.whitekongsoftware.com\/ca\/wp-json\/wp\/v2\/posts"}],"about":[{"href":"https:\/\/tucomarca.whitekongsoftware.com\/ca\/wp-json\/wp\/v2\/types\/post"}],"author":[{"embeddable":true,"href":"https:\/\/tucomarca.whitekongsoftware.com\/ca\/wp-json\/wp\/v2\/users\/12"}],"replies":[{"embeddable":true,"href":"https:\/\/tucomarca.whitekongsoftware.com\/ca\/wp-json\/wp\/v2\/comments?post=297013"}],"version-history":[{"count":0,"href":"https:\/\/tucomarca.whitekongsoftware.com\/ca\/wp-json\/wp\/v2\/posts\/297013\/revisions"}],"wp:featuredmedia":[{"embeddable":true,"href":"https:\/\/tucomarca.whitekongsoftware.com\/ca\/wp-json\/wp\/v2\/media\/297009"}],"wp:attachment":[{"href":"https:\/\/tucomarca.whitekongsoftware.com\/ca\/wp-json\/wp\/v2\/media?parent=297013"}],"wp:term":[{"taxonomy":"category","embeddable":true,"href":"https:\/\/tucomarca.whitekongsoftware.com\/ca\/wp-json\/wp\/v2\/categories?post=297013"},{"taxonomy":"post_tag","embeddable":true,"href":"https:\/\/tucomarca.whitekongsoftware.com\/ca\/wp-json\/wp\/v2\/tags?post=297013"}],"curies":[{"name":"wp","href":"https:\/\/api.w.org\/{rel}","templated":true}]}}