{"id":296693,"date":"2026-03-24T09:15:00","date_gmt":"2026-03-24T08:15:00","guid":{"rendered":"https:\/\/www.tucomarca.com\/wordpress\/segunda\/?p=296693"},"modified":"2026-03-24T18:52:08","modified_gmt":"2026-03-24T17:52:08","slug":"el-jazz-i-la-musica-espanyola-es-donen-la-ma-aquest-dissabte-a-bunyol-amb-kiza-classic-duo","status":"publish","type":"post","link":"https:\/\/tucomarca.whitekongsoftware.com\/ca\/el-jazz-i-la-musica-espanyola-es-donen-la-ma-aquest-dissabte-a-bunyol-amb-kiza-classic-duo\/","title":{"rendered":"El jazz i la m\u00fasica espanyola es donen la m\u00e0 aquest dissabte a Bunyol amb Kiza Classic Duo"},"content":{"rendered":"\n<p class=\"wp-block-paragraph\">El Palau de la M\u00fasica de Bunyol acollir\u00e0 dissabte que ve 28 de mar\u00e7 el concert \u201cFusi\u00f3 de m\u00fasica espanyola i jazz\u201d, una proposta original que promet conquistar al p\u00fablic amb la combinaci\u00f3 d&#8217;estils i sonoritats.<\/p>\n\n\n<div class=\"wp-block-image\">\n<figure class=\"alignleft size-large is-resized\"><img loading=\"lazy\" decoding=\"async\" width=\"819\" height=\"1024\" src=\"https:\/\/www.tucomarca.com\/wordpress\/segunda\/wp-content\/uploads\/2026\/03\/AgendaJazzFalla-819x1024.jpg\" alt=\"\" class=\"wp-image-296687\" style=\"aspect-ratio:0.7998324373385464;width:310px;height:auto\" srcset=\"https:\/\/tucomarca.whitekongsoftware.com\/wp-content\/uploads\/2026\/03\/AgendaJazzFalla-819x1024.jpg 819w, https:\/\/tucomarca.whitekongsoftware.com\/wp-content\/uploads\/2026\/03\/AgendaJazzFalla-240x300.jpg 240w, https:\/\/tucomarca.whitekongsoftware.com\/wp-content\/uploads\/2026\/03\/AgendaJazzFalla-768x960.jpg 768w, https:\/\/tucomarca.whitekongsoftware.com\/wp-content\/uploads\/2026\/03\/AgendaJazzFalla.jpg 1080w\" sizes=\"auto, (max-width: 819px) 100vw, 819px\" \/><\/figure>\n<\/div>\n\n\n<p class=\"wp-block-paragraph\">El recital estar\u00e0 a c\u00e0rrec de Kiza Classic Duo, que oferir\u00e0 un recorregut musical per les obres de grans compositors com Manuel de Falla i George Gershwin, fusionant la tradici\u00f3 de la m\u00fasica espanyola amb l&#8217;energia i el dinamisme del jazz.<\/p>\n\n\n\n<p class=\"wp-block-paragraph\">El concert donar\u00e0 principi a les 19:30 hores i tindr\u00e0 un preu de 5 euros, sent el pagament exclusivament amb targeta. L&#8217;activitat est\u00e0 organitzada per la Regidoria de Cultura, que continua apostant per una programaci\u00f3 variada i de qualitat per a tots els p\u00fablics.<\/p>\n\n\n\n<p class=\"wp-block-paragraph\">Amb aquesta proposta, Bunyol ofereix una experi\u00e8ncia musical \u00fanica que uneix dos mons sonors en un mateix escenari.<\/p>\n","protected":false},"excerpt":{"rendered":"<div class=\"mh-excerpt\">El Palau de la M\u00fasica de Bunyol acollir\u00e0 dissabte que ve 28 de mar\u00e7 el concert \u201cFusi\u00f3 de m\u00fasica espanyola i jazz\u201d, una proposta original que promet conquistar al p\u00fablic amb la combinaci\u00f3 d&#8217;estils i <a class=\"mh-excerpt-more\" href=\"https:\/\/tucomarca.whitekongsoftware.com\/ca\/el-jazz-i-la-musica-espanyola-es-donen-la-ma-aquest-dissabte-a-bunyol-amb-kiza-classic-duo\/\" title=\"El jazz i la m\u00fasica espanyola es donen la m\u00e0 aquest dissabte a Bunyol amb Kiza Classic Duo\">[+] <\/a><\/div>\n","protected":false},"author":12,"featured_media":296690,"comment_status":"closed","ping_status":"open","sticky":false,"template":"","format":"standard","meta":{"footnotes":""},"categories":[11019,10911,11005,10894,10912,11007,10896],"tags":[10913,24051,10914],"class_list":["post-296693","post","type-post","status-publish","format-standard","has-post-thumbnail","category-agenda-ca","category-bunol-ca","category-canal-musica","category-la-comarca-ca","category-la-hoya-ca","category-ocio-y-cultura-ca","category-seccion-ca","tag-bunol-ca","tag-kiza-classic-duo","tag-la-hoya-de-bunol-chiva-ca"],"_links":{"self":[{"href":"https:\/\/tucomarca.whitekongsoftware.com\/ca\/wp-json\/wp\/v2\/posts\/296693","targetHints":{"allow":["GET"]}}],"collection":[{"href":"https:\/\/tucomarca.whitekongsoftware.com\/ca\/wp-json\/wp\/v2\/posts"}],"about":[{"href":"https:\/\/tucomarca.whitekongsoftware.com\/ca\/wp-json\/wp\/v2\/types\/post"}],"author":[{"embeddable":true,"href":"https:\/\/tucomarca.whitekongsoftware.com\/ca\/wp-json\/wp\/v2\/users\/12"}],"replies":[{"embeddable":true,"href":"https:\/\/tucomarca.whitekongsoftware.com\/ca\/wp-json\/wp\/v2\/comments?post=296693"}],"version-history":[{"count":0,"href":"https:\/\/tucomarca.whitekongsoftware.com\/ca\/wp-json\/wp\/v2\/posts\/296693\/revisions"}],"wp:featuredmedia":[{"embeddable":true,"href":"https:\/\/tucomarca.whitekongsoftware.com\/ca\/wp-json\/wp\/v2\/media\/296690"}],"wp:attachment":[{"href":"https:\/\/tucomarca.whitekongsoftware.com\/ca\/wp-json\/wp\/v2\/media?parent=296693"}],"wp:term":[{"taxonomy":"category","embeddable":true,"href":"https:\/\/tucomarca.whitekongsoftware.com\/ca\/wp-json\/wp\/v2\/categories?post=296693"},{"taxonomy":"post_tag","embeddable":true,"href":"https:\/\/tucomarca.whitekongsoftware.com\/ca\/wp-json\/wp\/v2\/tags?post=296693"}],"curies":[{"name":"wp","href":"https:\/\/api.w.org\/{rel}","templated":true}]}}