{"id":296637,"date":"2026-03-23T09:30:00","date_gmt":"2026-03-23T08:30:00","guid":{"rendered":"https:\/\/www.tucomarca.com\/wordpress\/segunda\/?p=296637"},"modified":"2026-03-23T21:29:39","modified_gmt":"2026-03-23T20:29:39","slug":"el-cd-bunyol-cau-davant-lhercules-cf-b-i-es-mante-en-la-zona-mitjana-de-la-classificacio","status":"publish","type":"post","link":"https:\/\/tucomarca.whitekongsoftware.com\/ca\/el-cd-bunyol-cau-davant-lhercules-cf-b-i-es-mante-en-la-zona-mitjana-de-la-classificacio\/","title":{"rendered":"El CD Bunyol cau davant l\u2019H\u00e9rcules CF B i es mant\u00e9 en la zona mitjana de la classificaci\u00f3"},"content":{"rendered":"\n<p class=\"wp-block-paragraph\">El CD Bunyol no va poder sumar en la seua visita al camp de l\u2019H\u00e9rcules CF B i va caure derrotat per 3-1 en el partit corresponent a la jornada 27, en un encontre condicionat per l\u2019efic\u00e0cia del conjunt local.<\/p>\n\n\n\n<p class=\"wp-block-paragraph\">El filial alacant\u00ed va saber aprofitar les seues ocasions des dels primers compassos, avan\u00e7ant-se en el marcador i marcant el ritme del partit. El Bunyol, per la seua part, va intentar reaccionar i va tindre una clara oportunitat en el minut 42 amb una acci\u00f3 de Mangel que va poder canviar el rumb del xoc.<\/p>\n\n\n\n<p class=\"wp-block-paragraph\">Ja en la segona part, el conjunt bunyolenc va aconseguir retallar dist\u00e0ncies en el minut 63 gr\u00e0cies a un gol de Kim, que retornava l\u2019esperan\u00e7a als visitants. No obstant aix\u00f2, l\u2019H\u00e9rcules CF B va mantindre la seua solidesa i va acabar tancant el partit amb un 3-1 definitiu.<\/p>\n\n\n\n<p class=\"wp-block-paragraph\">Amb este resultat, el CD Bunyol es queda amb 40 punts i ocupa la vuitena posici\u00f3 en la classificaci\u00f3, en la zona mitjana de la taula, mentre que el filial hercul\u00e0 suma tres punts importants en el seu objectiu de la temporada.<\/p>\n","protected":false},"excerpt":{"rendered":"<div class=\"mh-excerpt\">El CD Bunyol no va poder sumar en la seua visita al camp de l\u2019H\u00e9rcules CF B i va caure derrotat per 3-1 en el partit corresponent a la jornada 27, en un encontre condicionat <a class=\"mh-excerpt-more\" href=\"https:\/\/tucomarca.whitekongsoftware.com\/ca\/el-cd-bunyol-cau-davant-lhercules-cf-b-i-es-mante-en-la-zona-mitjana-de-la-classificacio\/\" title=\"El CD Bunyol cau davant l\u2019H\u00e9rcules CF B i es mant\u00e9 en la zona mitjana de la classificaci\u00f3\">[+] <\/a><\/div>\n","protected":false},"author":12,"featured_media":296642,"comment_status":"closed","ping_status":"open","sticky":false,"template":"","format":"standard","meta":{"footnotes":""},"categories":[10911,11015,11003,10894,10912,10896],"tags":[10913,11126,10914],"class_list":["post-296637","post","type-post","status-publish","format-standard","has-post-thumbnail","category-bunol-ca","category-canal-futbol","category-sports","category-la-comarca-ca","category-la-hoya-ca","category-seccion-ca","tag-bunol-ca","tag-cd-bunol-ca","tag-la-hoya-de-bunol-chiva-ca"],"_links":{"self":[{"href":"https:\/\/tucomarca.whitekongsoftware.com\/ca\/wp-json\/wp\/v2\/posts\/296637","targetHints":{"allow":["GET"]}}],"collection":[{"href":"https:\/\/tucomarca.whitekongsoftware.com\/ca\/wp-json\/wp\/v2\/posts"}],"about":[{"href":"https:\/\/tucomarca.whitekongsoftware.com\/ca\/wp-json\/wp\/v2\/types\/post"}],"author":[{"embeddable":true,"href":"https:\/\/tucomarca.whitekongsoftware.com\/ca\/wp-json\/wp\/v2\/users\/12"}],"replies":[{"embeddable":true,"href":"https:\/\/tucomarca.whitekongsoftware.com\/ca\/wp-json\/wp\/v2\/comments?post=296637"}],"version-history":[{"count":0,"href":"https:\/\/tucomarca.whitekongsoftware.com\/ca\/wp-json\/wp\/v2\/posts\/296637\/revisions"}],"wp:featuredmedia":[{"embeddable":true,"href":"https:\/\/tucomarca.whitekongsoftware.com\/ca\/wp-json\/wp\/v2\/media\/296642"}],"wp:attachment":[{"href":"https:\/\/tucomarca.whitekongsoftware.com\/ca\/wp-json\/wp\/v2\/media?parent=296637"}],"wp:term":[{"taxonomy":"category","embeddable":true,"href":"https:\/\/tucomarca.whitekongsoftware.com\/ca\/wp-json\/wp\/v2\/categories?post=296637"},{"taxonomy":"post_tag","embeddable":true,"href":"https:\/\/tucomarca.whitekongsoftware.com\/ca\/wp-json\/wp\/v2\/tags?post=296637"}],"curies":[{"name":"wp","href":"https:\/\/api.w.org\/{rel}","templated":true}]}}