{"id":296573,"date":"2026-03-22T12:00:00","date_gmt":"2026-03-22T11:00:00","guid":{"rendered":"https:\/\/www.tucomarca.com\/wordpress\/segunda\/?p=296573"},"modified":"2026-03-23T14:27:43","modified_gmt":"2026-03-23T13:27:43","slug":"educacio-publica-els-contractes-per-a-la-reconstruccio-de-lies-alameda-i-el-conservatori-dutiel","status":"publish","type":"post","link":"https:\/\/tucomarca.whitekongsoftware.com\/ca\/educacio-publica-els-contractes-per-a-la-reconstruccio-de-lies-alameda-i-el-conservatori-dutiel\/","title":{"rendered":"Educaci\u00f3 publica els contractes per a la reconstrucci\u00f3 de l\u2019IES Alameda i el Conservatori d\u2019Utiel"},"content":{"rendered":"\n<h3 class=\"wp-block-heading\">La inversi\u00f3 est\u00e0 estimada en 884.426 euros en el cas de l\u2019institut i 408.330 euros per al centre art\u00edstic.<\/h3>\n\n\n\n<h3 class=\"wp-block-heading\">La reforma beneficia m\u00e9s de 400 alumnes derivats a altres col\u00b7legis des de la riuada.<\/h3>\n\n\n\n<p class=\"wp-block-paragraph\">La Conselleria d\u2019Educaci\u00f3, Cultura i Universitats ha publicat en la Plataforma de Contractaci\u00f3 del Sector P\u00fablic els contractes de licitaci\u00f3 per a la reconstrucci\u00f3 de l\u2019IES Alameda i el Conservatori d\u2019Utiel despr\u00e9s del pas de la dana.&nbsp;<\/p>\n\n\n\n<p class=\"wp-block-paragraph\">L\u2019import dels dos contractes ascendix, IVA incl\u00f2s, a 884.426,51 euros en el cas de l\u2019IES Alameda i a 408.330,73 euros en el cas del conservatori, amb un termini d\u2019execuci\u00f3 de 34 mesos. Les ofertes podran ser presentades fins al pr\u00f2xim 14 d\u2019abril.&nbsp;<\/p>\n\n\n\n<p class=\"wp-block-paragraph\">La rehabilitaci\u00f3 de l\u2019institut permetr\u00e0 el retorn de l\u2019activitat lectiva a este centre, que abans de la riuada acollia 400 alumnes. Tots ells han sigut derivats a altres col\u00b7legis del municipi.&nbsp;<\/p>\n\n\n\n<p class=\"wp-block-paragraph\"><strong>Nova ubicaci\u00f3 del conservatori<\/strong><\/p>\n\n\n\n<p class=\"wp-block-paragraph\">El Conservatori de M\u00fasica d\u2019Utiel, tamb\u00e9 arreplegat en el proc\u00e9s de licitaci\u00f3, haur\u00e0 de canviar d\u2019ubicaci\u00f3. La seua nova localitzaci\u00f3 se situar\u00e0 en el carrer Caudete de las Fuentes, davant el risc d\u2019inundaci\u00f3 del seu anterior empla\u00e7ament.&nbsp;<\/p>\n\n\n\n<p class=\"wp-block-paragraph\">El centre tindr\u00e0 m\u00e9s de 1.900 metres quadrats i una capacitat de 260 alumnes, amb millores en la seguretat i l\u2019accessibilitat.&nbsp;<\/p>\n","protected":false},"excerpt":{"rendered":"<div class=\"mh-excerpt\">La inversi\u00f3 est\u00e0 estimada en 884.426 euros en el cas de l\u2019institut i 408.330 euros per al centre art\u00edstic. La reforma beneficia m\u00e9s de 400 alumnes derivats a altres col\u00b7legis des de la riuada. La <a class=\"mh-excerpt-more\" href=\"https:\/\/tucomarca.whitekongsoftware.com\/ca\/educacio-publica-els-contractes-per-a-la-reconstruccio-de-lies-alameda-i-el-conservatori-dutiel\/\" title=\"Educaci\u00f3 publica els contractes per a la reconstrucci\u00f3 de l\u2019IES Alameda i el Conservatori d\u2019Utiel\">[+] <\/a><\/div>\n","protected":false},"author":12,"featured_media":296572,"comment_status":"closed","ping_status":"open","sticky":false,"template":"","format":"standard","meta":{"footnotes":""},"categories":[21466,10898,10948,10894,10904,10903,10947,10909,10896,10897,11059],"tags":[16310,15409,10910,11174],"class_list":["post-296573","post","type-post","status-publish","format-standard","has-post-thumbnail","category-dana-ca","category-ventana-ca","category-infraestructuras-ca","category-la-comarca-ca","category-sin-categorizar-ca","category-medio-ambiente-la-comarca-ca","category-politica","category-requena-utiel-ca","category-seccion-ca","category-sucesos-la-comarca-ca","category-utiel-ca","tag-conselleria-de-educacio-ca","tag-dana-2-ca","tag-requena-utiel-ca","tag-utiel-ca"],"_links":{"self":[{"href":"https:\/\/tucomarca.whitekongsoftware.com\/ca\/wp-json\/wp\/v2\/posts\/296573","targetHints":{"allow":["GET"]}}],"collection":[{"href":"https:\/\/tucomarca.whitekongsoftware.com\/ca\/wp-json\/wp\/v2\/posts"}],"about":[{"href":"https:\/\/tucomarca.whitekongsoftware.com\/ca\/wp-json\/wp\/v2\/types\/post"}],"author":[{"embeddable":true,"href":"https:\/\/tucomarca.whitekongsoftware.com\/ca\/wp-json\/wp\/v2\/users\/12"}],"replies":[{"embeddable":true,"href":"https:\/\/tucomarca.whitekongsoftware.com\/ca\/wp-json\/wp\/v2\/comments?post=296573"}],"version-history":[{"count":0,"href":"https:\/\/tucomarca.whitekongsoftware.com\/ca\/wp-json\/wp\/v2\/posts\/296573\/revisions"}],"wp:featuredmedia":[{"embeddable":true,"href":"https:\/\/tucomarca.whitekongsoftware.com\/ca\/wp-json\/wp\/v2\/media\/296572"}],"wp:attachment":[{"href":"https:\/\/tucomarca.whitekongsoftware.com\/ca\/wp-json\/wp\/v2\/media?parent=296573"}],"wp:term":[{"taxonomy":"category","embeddable":true,"href":"https:\/\/tucomarca.whitekongsoftware.com\/ca\/wp-json\/wp\/v2\/categories?post=296573"},{"taxonomy":"post_tag","embeddable":true,"href":"https:\/\/tucomarca.whitekongsoftware.com\/ca\/wp-json\/wp\/v2\/tags?post=296573"}],"curies":[{"name":"wp","href":"https:\/\/api.w.org\/{rel}","templated":true}]}}