{"id":295956,"date":"2026-03-17T16:30:00","date_gmt":"2026-03-17T15:30:00","guid":{"rendered":"https:\/\/www.tucomarca.com\/wordpress\/segunda\/?p=295956"},"modified":"2026-03-20T14:56:06","modified_gmt":"2026-03-20T13:56:06","slug":"la-diputacio-de-valencia-subvenciona-a-750-comissions-falleres-amb-un-total-de-375-000-euros","status":"publish","type":"post","link":"https:\/\/tucomarca.whitekongsoftware.com\/ca\/la-diputacio-de-valencia-subvenciona-a-750-comissions-falleres-amb-un-total-de-375-000-euros\/","title":{"rendered":"La Diputaci\u00f3 de Val\u00e8ncia subvenciona a 750 comissions falleres amb un total de 375.000 euros"},"content":{"rendered":"\n<h3 class=\"wp-block-heading\">Vicent Momp\u00f3: \u201cLa Diputaci\u00f3 contribu\u00efx al \u2018Modo Falles\u2019 de la prov\u00edncia perqu\u00e8 sempre protegix i impulsa les nostres tradicions\u201d.<\/h3>\n\n\n\n<p class=\"wp-block-paragraph\">La Diputaci\u00f3 de Val\u00e8ncia ha rebut la sol\u00b7licitud de subvenci\u00f3 de 750 comissions falleres de la prov\u00edncia, que rebran abans de maig 500 euros cada una. Aix\u00ed, l&#8217;ajuda total ascendix a 375.000 euros. El termini per a sol\u00b7licitar les ajudes ha estat obert un mes, fins al 10 de mar\u00e7, i s&#8217;ha realitzat exclusivament de manera telem\u00e0tica. Les comissions sol\u00b7licitants, amb seu a la prov\u00edncia de Val\u00e8ncia, hauran de destinar els diners al desenvolupament de les activitats pr\u00f2pies de la festa fallera.<\/p>\n\n\n\n<p class=\"wp-block-paragraph\">\u201cVolem contribuir a la protecci\u00f3 i impuls de la festa fallera en els municipis de la prov\u00edncia perqu\u00e8 les Falles van m\u00e9s enll\u00e0 del Cap i Casal; promovem el \u2018Mode Falles\u2019, que cada vegada es viu en m\u00e9s pobles i de manera m\u00e9s intensa\u201d, ha destacat el president de la instituci\u00f3 provincial, Vicent Momp\u00f3.<\/p>\n\n\n\n<p class=\"wp-block-paragraph\">Igualment, el president ha reiterat l&#8217;objectiu de la Diputaci\u00f3 d&#8217;estar al costat dels pobles i de les tradicions: \u201cHo hem dit sempre i ho estem complint, estem treballant per dobar suport als nostres municipis i una manera de fer-ho \u00e9s tamb\u00e9 protegir la seua cultura i tradicions, un altre dels nostres eixos d&#8217;acci\u00f3\u201d.&nbsp;<\/p>\n\n\n\n<p class=\"wp-block-paragraph\">De fet, Momp\u00f3, a part de visitar falles en la capital i assistir a la masclet\u00e0 al balc\u00f3 de l&#8217;Ajuntament, ha estat en la masclet\u00e0 d&#8217;Alzira i les falles d&#8217;Alberic, ha visitat la primera falla de la hist\u00f2ria de Gavarda i est\u00e0 previst que esta setmana seguisca la ronda fallera per Alginet i Torrent, entre altres.&nbsp;<\/p>\n\n\n\n<p class=\"wp-block-paragraph\">De la mateixa manera, la Diputaci\u00f3 ha preparat una campanya fallera diversa, baix el lema \u2018En Modo Falles\u2019, per a celebrar les festes al costat de tota la ciutadania de la prov\u00edncia. El tret d&#8217;eixida el va donar la recepci\u00f3 fallera de r\u00e8cord en la qual van participar 630 comissions falleres el passat dia 12. Igualment, fins al 29 de mar\u00e7 estar\u00e0 oberta l&#8217;exposici\u00f3 \u2018Lluir la festa\u2019 en la seu de la Diputaci\u00f3. La mostra proposa un recorregut per la indument\u00e0ria fallera al llarg del segle XX.&nbsp;<\/p>\n\n\n\n<p class=\"wp-block-paragraph\">Tampoc falta enguany la programaci\u00f3 cultural que organitza el Centre d&#8217;Assumptes Taurins de la Diputaci\u00f3 en la Pla\u00e7a de Bous, de manera paral\u00b7lela a la celebraci\u00f3 de la Fira de Falles, on este diumenge Samuel Naval\u00f3n&nbsp; ha triomfat amb una gran faena, que tamb\u00e9 va presenciar el president de la Diputaci\u00f3.<\/p>\n","protected":false},"excerpt":{"rendered":"<div class=\"mh-excerpt\">Vicent Momp\u00f3: \u201cLa Diputaci\u00f3 contribu\u00efx al \u2018Modo Falles\u2019 de la prov\u00edncia perqu\u00e8 sempre protegix i impulsa les nostres tradicions\u201d. La Diputaci\u00f3 de Val\u00e8ncia ha rebut la sol\u00b7licitud de subvenci\u00f3 de 750 comissions falleres de la <a class=\"mh-excerpt-more\" href=\"https:\/\/tucomarca.whitekongsoftware.com\/ca\/la-diputacio-de-valencia-subvenciona-a-750-comissions-falleres-amb-un-total-de-375-000-euros\/\" title=\"La Diputaci\u00f3 de Val\u00e8ncia subvenciona a 750 comissions falleres amb un total de 375.000 euros\">[+] <\/a><\/div>\n","protected":false},"author":1,"featured_media":295954,"comment_status":"closed","ping_status":"open","sticky":false,"template":"","format":"standard","meta":{"footnotes":""},"categories":[10898,10948,10894,10904,11007,10947,10896],"tags":[11499,23199,11199,16563],"class_list":["post-295956","post","type-post","status-publish","format-standard","has-post-thumbnail","category-ventana-ca","category-infraestructuras-ca","category-la-comarca-ca","category-sin-categorizar-ca","category-ocio-y-cultura-ca","category-politica","category-seccion-ca","tag-fallas-ca","tag-fallas-2026-ca","tag-la-comunitat-ca","tag-vicente-mompo-ca"],"_links":{"self":[{"href":"https:\/\/tucomarca.whitekongsoftware.com\/ca\/wp-json\/wp\/v2\/posts\/295956","targetHints":{"allow":["GET"]}}],"collection":[{"href":"https:\/\/tucomarca.whitekongsoftware.com\/ca\/wp-json\/wp\/v2\/posts"}],"about":[{"href":"https:\/\/tucomarca.whitekongsoftware.com\/ca\/wp-json\/wp\/v2\/types\/post"}],"author":[{"embeddable":true,"href":"https:\/\/tucomarca.whitekongsoftware.com\/ca\/wp-json\/wp\/v2\/users\/1"}],"replies":[{"embeddable":true,"href":"https:\/\/tucomarca.whitekongsoftware.com\/ca\/wp-json\/wp\/v2\/comments?post=295956"}],"version-history":[{"count":0,"href":"https:\/\/tucomarca.whitekongsoftware.com\/ca\/wp-json\/wp\/v2\/posts\/295956\/revisions"}],"wp:featuredmedia":[{"embeddable":true,"href":"https:\/\/tucomarca.whitekongsoftware.com\/ca\/wp-json\/wp\/v2\/media\/295954"}],"wp:attachment":[{"href":"https:\/\/tucomarca.whitekongsoftware.com\/ca\/wp-json\/wp\/v2\/media?parent=295956"}],"wp:term":[{"taxonomy":"category","embeddable":true,"href":"https:\/\/tucomarca.whitekongsoftware.com\/ca\/wp-json\/wp\/v2\/categories?post=295956"},{"taxonomy":"post_tag","embeddable":true,"href":"https:\/\/tucomarca.whitekongsoftware.com\/ca\/wp-json\/wp\/v2\/tags?post=295956"}],"curies":[{"name":"wp","href":"https:\/\/api.w.org\/{rel}","templated":true}]}}