{"id":295845,"date":"2026-03-16T11:15:00","date_gmt":"2026-03-16T10:15:00","guid":{"rendered":"https:\/\/www.tucomarca.com\/wordpress\/segunda\/?p=295845"},"modified":"2026-03-16T19:41:43","modified_gmt":"2026-03-16T18:41:43","slug":"paco-carrascosa-encapcala-sota-el-lema-illusio-pel-litre-un-projecte-per-a-enfortir-la-banda-lescola-i-el-sentiment-de-comunitat-en-el-cim-lharmonica-de-bunyol","status":"publish","type":"post","link":"https:\/\/tucomarca.whitekongsoftware.com\/ca\/paco-carrascosa-encapcala-sota-el-lema-illusio-pel-litre-un-projecte-per-a-enfortir-la-banda-lescola-i-el-sentiment-de-comunitat-en-el-cim-lharmonica-de-bunyol\/","title":{"rendered":"Paco Carrascosa encap\u00e7ala sota el lema &#8216;Il\u00b7lusi\u00f3 pel Litre&#8217; un projecte &#8220;per a enfortir la banda, l&#8217;escola i el sentiment de comunitat&#8221; en el CIM &#8220;L&#8217;Harm\u00f2nica&#8221; de Bunyol"},"content":{"rendered":"\n<p class=\"wp-block-paragraph\">La candidatura \u201cIl\u00b7lusi\u00f3 pel Litre\u201d, encap\u00e7alada per Paco Carrascosa (Bes\u00f3n), ha presentat el seu projecte per al futur del Centre Instructiu Musical Harm\u00f2nica de Bunyol, conegut com El Litre, &#8220;amb una idea central que vertebra tot el seu programa: recuperar la unitat, enfortir la banda i retornar als socis el sentiment que El Litre \u00e9s la casa de tots&#8221;.<\/p>\n\n\n\n<p class=\"wp-block-paragraph\">L&#8217;equip defensa que El Litre ha de ser &#8220;una societat oberta, participativa i cohesionada, on tots els socis se senten escoltats i representats. El Litre \u00e9s de tots i hem de portar-lo entre tots\u201d, asseguren des de la candidatura, que aposta &#8220;per una gesti\u00f3 basada en l&#8217;equitat, el di\u00e0leg i la participaci\u00f3&#8221;.<\/p>\n\n\n\n<p class=\"wp-block-paragraph\"><strong>&#8220;Unitat i sentiment de pertinen\u00e7a&#8221;<\/strong><\/p>\n\n\n\n<p class=\"wp-block-paragraph\">Un dels pilars del projecte \u00e9s &#8220;recuperar l&#8217;esperit de comunitat que hist\u00f2ricament ha caracteritzat al Litre&#8221;. La candidatura proposa &#8220;parlar amb tots els socis i m\u00fasics, escoltar sensibilitats diferents i treballar des de l&#8217;equitat perqu\u00e8 ning\u00fa se senta excl\u00f2s&#8221;.<\/p>\n\n\n\n<p class=\"wp-block-paragraph\">&#8220;Ac\u00ed no sobra ning\u00fa; al contrari, falten molts perqu\u00e8 es troben a faltar&#8221;, destaquen des de &#8216;Il\u00b7lusi\u00f3 pel Litre&#8217;, que planteja tamb\u00e9 &#8220;incorporar nous socis i fomentar entre els m\u00e9s joves el sentiment de pertinen\u00e7a i els valors de la societat musical&#8221;.<\/p>\n\n\n\n<p class=\"wp-block-paragraph\">L&#8217;objectiu \u00e9s que El Litre &#8220;torne a ser un espai de conviv\u00e8ncia, trobada i orgull compartit per a tota la fam\u00edlia litrera&#8221;.<\/p>\n\n\n\n<p class=\"wp-block-paragraph\"><strong>&#8220;La Banda Simf\u00f2nica, el cor del Litre&#8221;<\/strong><\/p>\n\n\n\n<p class=\"wp-block-paragraph\">Per a la candidatura, la Banda Simf\u00f2nica \u00e9s &#8220;el cor de la societat i la prioritat absoluta del projecte. L&#8217;objectiu \u00e9s continuar consolidant el seu nivell art\u00edstic i refor\u00e7ar el comprom\u00eds i la motivaci\u00f3 dels seus m\u00fasics&#8221;.<\/p>\n\n\n\n<p class=\"wp-block-paragraph\">En aquest sentit, el programa destaca &#8220;la import\u00e0ncia del mestre, com un element fonamental en la vida musical del Litre&#8221;. La candidatura aposta perqu\u00e8 estiga &#8220;implicat en la vida de la societat, que no sols lidere el treball musical, sin\u00f3 que tamb\u00e9 contribu\u00efsca a motivar als m\u00fasics i a mantindre una relaci\u00f3 pr\u00f2xima amb la pedrera i l&#8217;Escola de M\u00fasica, enfortint aix\u00ed el creixement dels futurs integrants de la banda. I que tot aix\u00f2 contribu\u00efsca a augmentar la participaci\u00f3 i motivaci\u00f3 dels m\u00fasics en assajos i concerts&#8221;.<\/p>\n\n\n\n<p class=\"wp-block-paragraph\"><strong>&#8220;L&#8217;Escola de M\u00fasica: participaci\u00f3 i acc\u00e9s&#8221;<\/strong><\/p>\n\n\n\n<p class=\"wp-block-paragraph\">L&#8217;Escola de M\u00fasica \u00e9s un altre dels pilars fonamentals del projecte, &#8220;a l&#8217;\u00e9sser la base que garanteix el futur de la societat musical&#8221;. La candidatura proposa &#8220;refor\u00e7ar la participaci\u00f3 de les fam\u00edlies en la vida de l&#8217;escola, impulsant la creaci\u00f3 d&#8217;un AMPA pr\u00f2pia, amb l&#8217;objectiu de construir una comunitat educativa m\u00e9s implicada i participativa&#8221;.<\/p>\n\n\n\n<p class=\"wp-block-paragraph\">Entre les mesures m\u00e9s destacades es troba &#8220;la reducci\u00f3 del 25% en tots els instruments relacionats amb la banda, amb l&#8217;objectiu de facilitar l&#8217;acc\u00e9s a la formaci\u00f3 musical i refor\u00e7ar totes les especialitats, ja que la banda est\u00e0 necessitada en l&#8217;actualitat. A m\u00e9s, per als instruments de corda ser\u00e0 tot gratu\u00eft, com a mesura per a potenciar aquesta secci\u00f3&#8221;.<\/p>\n\n\n\n<p class=\"wp-block-paragraph\">El programa inclou tamb\u00e9 &#8220;beques socials per a garantir que cap xiquet o jove deixe d&#8217;estudiar m\u00fasica per motius econ\u00f2mics. Aix\u00ed com un descompte del 75% per a l&#8217;estudi d&#8217;un segon instrument, fomentant aix\u00ed la formaci\u00f3 musical m\u00e9s completa de l&#8217;alumnat. Per a aix\u00f2, buscarem patrocinis d&#8217;empreses i institucions interessades a col\u00b7laborar amb l&#8217;\u00e0mbit musical del municipi&#8221;.&nbsp;<\/p>\n\n\n\n<p class=\"wp-block-paragraph\">Aix\u00ed mateix, es vol &#8220;refor\u00e7ar el vincle entre l&#8217;escola i les festes del Litre, promovent la participaci\u00f3 activa de l&#8217;alumnat de les Bandes J\u00fanior, Juvenil i conjunt d&#8217;adults en els actes festius i en la vida musical de la societat&#8221;.<\/p>\n\n\n\n<p class=\"wp-block-paragraph\"><strong>Pedrera, joventut, m\u00fasics adults i coral polif\u00f2nica<\/strong><\/p>\n\n\n\n<p class=\"wp-block-paragraph\">La candidatura aposta per &#8220;potenciar la Banda Juvenil i les agrupacions formatives, refor\u00e7ant el seu paper com a pont natural cap a la Banda Simf\u00f2nica&#8221;.<\/p>\n\n\n\n<p class=\"wp-block-paragraph\">Tamb\u00e9 es planteja &#8220;impulsar espais per a m\u00fasics adults, facilitant que qualsevol persona puga iniciar-se o reprendre la pr\u00e0ctica musical, afavorint aix\u00ed la conviv\u00e8ncia entre generacions dins de la societat&#8221;.<\/p>\n\n\n\n<p class=\"wp-block-paragraph\">&#8220;Potenciar la nostra coral polif\u00f2nica amb intercanvis amb altres corals. Fomentar la participaci\u00f3 de nous integrants. I que tamb\u00e9 puguen fer col\u00b7laboracions amb les nostres agrupacions i amb el cor de xiquets i xiquetes de la nostra escola&#8221;.<\/p>\n\n\n\n<p class=\"wp-block-paragraph\"><strong>Escola d&#8217;Estiu i uni\u00f3 de la comunitat<\/strong><\/p>\n\n\n\n<p class=\"wp-block-paragraph\">Entre les propostes destaca &#8220;la creaci\u00f3 d&#8217;una Escola Musical d&#8217;Estiu, concebuda com un espai de trobada per a tota la comunitat musical del Litre, tant per a alumnat de l&#8217;escola com per a joves que encara no formen part d&#8217;ella. L&#8217;objectiu \u00e9s fomentar la uni\u00f3, la conviv\u00e8ncia i la participaci\u00f3, refor\u00e7ant tamb\u00e9 el vincle amb les festes i tradicions de la societat&#8221;.<\/p>\n\n\n\n<p class=\"wp-block-paragraph\"><strong>&#8220;El Litre com a casa de tots els socis&#8221;<\/strong><\/p>\n\n\n\n<p class=\"wp-block-paragraph\">\u201cIl\u00b7lusi\u00f3 pel Litre\u201d vol refor\u00e7ar &#8220;el paper del Litre com a lloc de trobada social i cultural per a tota la fam\u00edlia litrera&#8221;.<\/p>\n\n\n\n<p class=\"wp-block-paragraph\">En aquesta l\u00ednia, la candidatura proposa &#8220;impulsar preus especials per a socis i s\u00f2cies en el bar del Litre, amb l&#8217;objectiu de fomentar la conviv\u00e8ncia i la vida social dins de la societat&#8221;.<\/p>\n\n\n\n<p class=\"wp-block-paragraph\">Aix\u00ed mateix, el projecte planteja que els socis &#8220;puguen sol\u00b7licitar l&#8217;\u00fas de les instal\u00b7lacions del Litre, com per exemple l&#8217;espai Viach\u00e9n, per a la celebraci\u00f3 d&#8217;esdeveniments familiars o socials, refor\u00e7ant aix\u00ed el sentiment que El Litre \u00e9s la casa de tots els seus socis&#8221;.<\/p>\n\n\n\n<p class=\"wp-block-paragraph\">\u201cIl\u00b7lusi\u00f3 pel Litre\u201d defensa que el futur del Litre &#8220;passa per unir a la seua gent, cuidar la seua banda i obrir les seues portes a tots aquells que senten aquesta societat musical com a pr\u00f2pia&#8221;.<\/p>\n\n\n\n<p class=\"wp-block-paragraph\"><strong>M\u00e9s informaci\u00f3 sobre la candidatura en xarxes socials:<br><\/strong>Instagram: https:\/\/www.instagram.com\/ilusion_por_el_litro<\/p>\n\n\n\n<p class=\"wp-block-paragraph\">Facebook: https:\/\/www.facebook.com\/share\/18f6kkphcj\/?mibextid=wwxifr<\/p>\n\n\n\n<p class=\"wp-block-paragraph\"><strong>L&#8217;equip<\/strong>:<\/p>\n\n\n\n<p class=\"wp-block-paragraph\">Paco Carrascosa: T\u00e8cnic en electricitat, electr\u00f2nica, energies alternatives i assessor energ\u00e8tic. M\u00fasic del Litre.<\/p>\n\n\n\n<p class=\"wp-block-paragraph\">Mar\u00eda Amparo Mart\u00ednez: T\u00e8cnic superior en Gesti\u00f3 de Transport i membre de la banda juvenil amb el saxofon.<\/p>\n\n\n\n<p class=\"wp-block-paragraph\">Jos\u00e9 Vicente Soriano: Graduat social i t\u00e8cnic en prevenci\u00f3 de riscos laborals.<\/p>\n\n\n\n<p class=\"wp-block-paragraph\">Araceli Rodr\u00edguez: T\u00e8cnic especialista en RRPP i publicitat. Gestora t\u00e8cnica en assegurances agr\u00e0ries i particulars per a cooperatives agr\u00edcoles de la CV.<\/p>\n\n\n\n<p class=\"wp-block-paragraph\">Aida M\u00e1s: Mestra d&#8217;Educaci\u00f3 Infantil. Actualment, cuinera en una casa de menjars.<\/p>\n\n\n\n<p class=\"wp-block-paragraph\">Jezabel Carrascosa: Mestra d&#8217;Educaci\u00f3 Especial i Prim\u00e0ria.<\/p>\n\n\n\n<p class=\"wp-block-paragraph\">Alejandro Rentero: Maquinista de primera en pedrera i auxiliar d&#8217;artiller.<\/p>\n\n\n\n<p class=\"wp-block-paragraph\">Melanie Bono: Infermera i m\u00e0ster en salut i educaci\u00f3 escolar. Ha sigut m\u00fasic de la banda simf\u00f2nica amb el clarinet.<\/p>\n\n\n\n<p class=\"wp-block-paragraph\">Yannick Lopin: Diplomat en Comer\u00e7 Internacional. Tester de programari.<\/p>\n\n\n\n<p class=\"wp-block-paragraph\">Sa\u00fal Ballester: T\u00e8cnic en Administraci\u00f3 i Finances. Saxofonista del Litre.<\/p>\n\n\n\n<p class=\"wp-block-paragraph\">Edmundo Escobar: T\u00e8cnic superior en Administraci\u00f3 de Sistemes i Xarxes. Membre de la banda simf\u00f2nica, on toca el saxofon.<\/p>\n\n\n\n<p class=\"wp-block-paragraph\">Florencio Zan\u00f3n: Professor de trompeta i m\u00fasic militar. Component de la banda simf\u00f2nica des de fa 53 anys.<\/p>\n\n\n\n<p class=\"wp-block-paragraph\">Antonio Gal\u00e1n: Empresari d&#8217;activitats art\u00edstiques i membre de la banda sif\u00f3nica amb el tromb\u00f3.<\/p>\n\n\n\n<p class=\"wp-block-paragraph\">Eva Rodr\u00edguez: T\u00e8cnic en Infermeria (TCAE). Treballa en el Institut Valenci\u00e0 d\u2019Acci\u00f3 Social.<\/p>\n\n\n\n<p class=\"wp-block-paragraph\">Paco Ruiz: Fuster i cap d&#8217;equip d&#8217;arts gr\u00e0fiques. Actualment jubilat, per\u00f2 molt vinculat a la FSMCV.<\/p>\n\n\n\n<p class=\"wp-block-paragraph\">Sonia Soriano: Magisteri en educaci\u00f3 infantil.<\/p>\n\n\n\n<p class=\"wp-block-paragraph\">Mar\u00eda Rede Rehues: Secret\u00e0ria de direcci\u00f3.<\/p>\n\n\n\n<p class=\"wp-block-paragraph\">Conch\u00edn Rehues: Professora d&#8217;angl\u00e9s en la EOI.<\/p>\n\n\n\n<p class=\"wp-block-paragraph\">M\u00aa Luisa Vidal: M\u00e0ster en producci\u00f3 art\u00edstica i funcion\u00e0ria de carrera del cos de professorat de dibuix.<\/p>\n\n\n\n<p class=\"wp-block-paragraph\">Pele Tarin: Formaci\u00f3 professional de segon grau en electr\u00f2nica i operador per a la fabricaci\u00f3 de ciment.<\/p>\n\n\n\n<p class=\"wp-block-paragraph\">Patricia Mora: Auxiliar administratiu i actualment dependenta.<\/p>\n\n\n\n<p class=\"wp-block-paragraph\">Nevai Cristina Ca\u00f1ola: Llicenciada en m\u00fasica per la Universitat de Medell\u00edn, forma part de la nostra banda juvenil i banda simf\u00f2nica amb el clarinet.<\/p>\n\n\n\n<p class=\"wp-block-paragraph\">Laura Carrascosa: Doctora en psicologia i docent universit\u00e0ria.<\/p>\n\n\n\n<p class=\"wp-block-paragraph\">Paco Matamales: Sost\u00e9 una empresa de construcci\u00f3 amb m\u00e9s de 35 anys.<\/p>\n\n\n\n<p class=\"wp-block-paragraph\">Miguel Vall\u00e9s: Educador ambiental i monitor d&#8217;oci i temps lliure. Va ser m\u00fasic de la banda simf\u00f2nica durant 30 anys.<\/p>\n\n\n\n<p class=\"wp-block-paragraph\">Tom\u00e1s Serrano: Sost\u00e9 una empresa de pintura i decoraci\u00f3.<\/p>\n\n\n\n<p class=\"wp-block-paragraph\">\u00c1lvaro Belda: Estudiant de dret i ha sigut m\u00fasic percussionista en la banda simf\u00f2nica.<\/p>\n\n\n\n<p class=\"wp-block-paragraph\">Aurelio Pardo: Artes\u00e0 de la fusta i integrant de la coral polif\u00f2nica del Litre.<\/p>\n\n\n\n<p class=\"wp-block-paragraph\">Vicente Gonz\u00e1lez: Actualment jubilat i m\u00fasic de la nostra societat i integrant de la coral polif\u00f2nica.<\/p>\n","protected":false},"excerpt":{"rendered":"<div class=\"mh-excerpt\">La candidatura \u201cIl\u00b7lusi\u00f3 pel Litre\u201d, encap\u00e7alada per Paco Carrascosa (Bes\u00f3n), ha presentat el seu projecte per al futur del Centre Instructiu Musical Harm\u00f2nica de Bunyol, conegut com El Litre, &#8220;amb una idea central que vertebra <a class=\"mh-excerpt-more\" href=\"https:\/\/tucomarca.whitekongsoftware.com\/ca\/paco-carrascosa-encapcala-sota-el-lema-illusio-pel-litre-un-projecte-per-a-enfortir-la-banda-lescola-i-el-sentiment-de-comunitat-en-el-cim-lharmonica-de-bunyol\/\" title=\"Paco Carrascosa encap\u00e7ala sota el lema &#8216;Il\u00b7lusi\u00f3 pel Litre&#8217; un projecte &#8220;per a enfortir la banda, l&#8217;escola i el sentiment de comunitat&#8221; en el CIM &#8220;L&#8217;Harm\u00f2nica&#8221; de Bunyol\">[+] <\/a><\/div>\n","protected":false},"author":12,"featured_media":295843,"comment_status":"closed","ping_status":"open","sticky":false,"template":"","format":"standard","meta":{"footnotes":""},"categories":[10911,11005,10894,10912,11007,10896],"tags":[10913,11209,10914,24037],"class_list":["post-295845","post","type-post","status-publish","format-standard","has-post-thumbnail","category-bunol-ca","category-canal-musica","category-la-comarca-ca","category-la-hoya-ca","category-ocio-y-cultura-ca","category-seccion-ca","tag-bunol-ca","tag-cim-la-armonica-de-bunol-ca","tag-la-hoya-de-bunol-chiva-ca","tag-paco-carrascosa"],"_links":{"self":[{"href":"https:\/\/tucomarca.whitekongsoftware.com\/ca\/wp-json\/wp\/v2\/posts\/295845","targetHints":{"allow":["GET"]}}],"collection":[{"href":"https:\/\/tucomarca.whitekongsoftware.com\/ca\/wp-json\/wp\/v2\/posts"}],"about":[{"href":"https:\/\/tucomarca.whitekongsoftware.com\/ca\/wp-json\/wp\/v2\/types\/post"}],"author":[{"embeddable":true,"href":"https:\/\/tucomarca.whitekongsoftware.com\/ca\/wp-json\/wp\/v2\/users\/12"}],"replies":[{"embeddable":true,"href":"https:\/\/tucomarca.whitekongsoftware.com\/ca\/wp-json\/wp\/v2\/comments?post=295845"}],"version-history":[{"count":0,"href":"https:\/\/tucomarca.whitekongsoftware.com\/ca\/wp-json\/wp\/v2\/posts\/295845\/revisions"}],"wp:featuredmedia":[{"embeddable":true,"href":"https:\/\/tucomarca.whitekongsoftware.com\/ca\/wp-json\/wp\/v2\/media\/295843"}],"wp:attachment":[{"href":"https:\/\/tucomarca.whitekongsoftware.com\/ca\/wp-json\/wp\/v2\/media?parent=295845"}],"wp:term":[{"taxonomy":"category","embeddable":true,"href":"https:\/\/tucomarca.whitekongsoftware.com\/ca\/wp-json\/wp\/v2\/categories?post=295845"},{"taxonomy":"post_tag","embeddable":true,"href":"https:\/\/tucomarca.whitekongsoftware.com\/ca\/wp-json\/wp\/v2\/tags?post=295845"}],"curies":[{"name":"wp","href":"https:\/\/api.w.org\/{rel}","templated":true}]}}