{"id":295700,"date":"2026-03-12T13:00:00","date_gmt":"2026-03-12T12:00:00","guid":{"rendered":"https:\/\/www.tucomarca.com\/wordpress\/segunda\/?p=295700"},"modified":"2026-03-12T21:19:06","modified_gmt":"2026-03-12T20:19:06","slug":"camarero-valora-la-recuperacio-despais-historics-per-al-foment-de-la-cultura-i-lassociacionisme-en-la-inauguracio-del-nou-projecte-per-a-lestacio-de-dalt-d","status":"publish","type":"post","link":"https:\/\/tucomarca.whitekongsoftware.com\/ca\/camarero-valora-la-recuperacio-despais-historics-per-al-foment-de-la-cultura-i-lassociacionisme-en-la-inauguracio-del-nou-projecte-per-a-lestacio-de-dalt-d\/","title":{"rendered":"Camarero valora la recuperaci\u00f3 d\u2019espais hist\u00f2rics \u201cper al foment de la cultura i l\u2019associacionisme\u201d en la inauguraci\u00f3 del nou projecte per a l\u2019Estaci\u00f3 de Dalt de Benaguasil"},"content":{"rendered":"\n<h3 class=\"wp-block-heading\">Habitatge destina prop de 500.000 euros a la rehabilitaci\u00f3 de les antigues instal\u00b7lacions ferrovi\u00e0ries del municipi per a disposar d\u2019un F\u00f2rum Cultural i de Senyes d\u2019Identitat i albergar el Museu Faller.<\/h3>\n\n\n\n<h3 class=\"wp-block-heading\">La Generalitat invertix a Benaguasil prop de 3,5 milions d\u2019euros durant la present legislatura en diferents projectes socials, d\u2019ocupaci\u00f3 i de transport p\u00fablic.<\/h3>\n\n\n\n<p class=\"wp-block-paragraph\">La vicepresidenta primera i consellera d\u2019Habitatge, Ocupaci\u00f3, Joventut i Igualtat, Susana Camarero, ha destacat la import\u00e0ncia de \u201crecuperar espais hist\u00f2rics per al foment de la cultura i l\u2019associacionisme als municipis, on la gent puga trobar-se, participar i continuar construint comunitat\u201d.<\/p>\n\n\n\n<p class=\"wp-block-paragraph\">La vicepresidenta primera ha assistit a la inauguraci\u00f3 del projecte de rehabilitaci\u00f3 de les antigues instal\u00b7lacions ferrovi\u00e0ries de Renfe a Benaguasil, conegudes com Antiga Estaci\u00f3 de Dalt. Unes actuacions que han comptat amb la inversi\u00f3 de 454.986 euros per part de la Secretaria Auton\u00f2mica d\u2019Habitatge, i que han perm\u00e9s condicionar tant l\u2019edifici com el seu entorn en un nou F\u00f2rum Cultural i de Senyes d\u2019Identitat.<\/p>\n\n\n\n<p class=\"wp-block-paragraph\">Este nou espai albergar\u00e0 tamb\u00e9 el Museu Faller de Benaguasil, el qual permetr\u00e0 posar en valor la tradici\u00f3 fallera del municipi i conservar el seu patrimoni cultural.<\/p>\n\n\n\n<figure class=\"wp-block-image size-large\"><img loading=\"lazy\" decoding=\"async\" width=\"1024\" height=\"768\" src=\"https:\/\/www.tucomarca.com\/wordpress\/segunda\/wp-content\/uploads\/2026\/03\/BenaguasilEstacioDalt-1024x768.jpg\" alt=\"\" class=\"wp-image-295695\" srcset=\"https:\/\/tucomarca.whitekongsoftware.com\/wp-content\/uploads\/2026\/03\/BenaguasilEstacioDalt-1024x768.jpg 1024w, https:\/\/tucomarca.whitekongsoftware.com\/wp-content\/uploads\/2026\/03\/BenaguasilEstacioDalt-300x225.jpg 300w, https:\/\/tucomarca.whitekongsoftware.com\/wp-content\/uploads\/2026\/03\/BenaguasilEstacioDalt-768x576.jpg 768w, https:\/\/tucomarca.whitekongsoftware.com\/wp-content\/uploads\/2026\/03\/BenaguasilEstacioDalt-678x509.jpg 678w, https:\/\/tucomarca.whitekongsoftware.com\/wp-content\/uploads\/2026\/03\/BenaguasilEstacioDalt-326x245.jpg 326w, https:\/\/tucomarca.whitekongsoftware.com\/wp-content\/uploads\/2026\/03\/BenaguasilEstacioDalt-80x60.jpg 80w, https:\/\/tucomarca.whitekongsoftware.com\/wp-content\/uploads\/2026\/03\/BenaguasilEstacioDalt.jpg 1181w\" sizes=\"auto, (max-width: 1024px) 100vw, 1024px\" \/><\/figure>\n\n\n\n<p class=\"wp-block-paragraph\">La vicepresidenta primera ha subratllat que este nou espai \u201cser\u00e0 un punt de trobada per a moltes entitats de Benaguasil i un lloc on continuar mantenint viva la mem\u00f2ria fallera i transmetre-la a les pr\u00f2ximes generacions\u201d. Un espai, en definitiva, \u201cper a la cultura, per a les associacions i per a la vida de la localitat, que molt prompte s\u2019omplir\u00e0 d\u2019activitat i de moments compartits\u201d.<\/p>\n\n\n\n<p class=\"wp-block-paragraph\">L\u2019acte ha comptat amb la participaci\u00f3 de l\u2019alcalde de Benaguasil, Ximo Segarra, i la pres\u00e8ncia de les Falleres Majors de la localitat, representants de la Junta Local Fallera i diferents entitats i associacions del municipi.<\/p>\n\n\n\n<p class=\"wp-block-paragraph\">La inversi\u00f3 de la Generalitat al municipi de Benaguasil compta, a m\u00e9s, amb prop d\u2019un mili\u00f3 d\u2019euros del contracte-programa del Centre de Dia, el qual ser\u00e0 una realitat este 2026; altres 700.000 euros per a condicionar les Antigues Escoles Sagrada Fam\u00edlia com a futur centre de Serveis Socials de la localitat; i la posada en marxa de tres tallers d\u2019ocupaci\u00f3, que compten amb una finan\u00e7ament de 1,2 milions d\u2019euros per part de Labora, el Servei Valenci\u00e0 d\u2019Ocupaci\u00f3 i Formaci\u00f3.<\/p>\n","protected":false},"excerpt":{"rendered":"<div class=\"mh-excerpt\">Habitatge destina prop de 500.000 euros a la rehabilitaci\u00f3 de les antigues instal\u00b7lacions ferrovi\u00e0ries del municipi per a disposar d\u2019un F\u00f2rum Cultural i de Senyes d\u2019Identitat i albergar el Museu Faller. La Generalitat invertix a <a class=\"mh-excerpt-more\" href=\"https:\/\/tucomarca.whitekongsoftware.com\/ca\/camarero-valora-la-recuperacio-despais-historics-per-al-foment-de-la-cultura-i-lassociacionisme-en-la-inauguracio-del-nou-projecte-per-a-lestacio-de-dalt-d\/\" title=\"Camarero valora la recuperaci\u00f3 d\u2019espais hist\u00f2rics \u201cper al foment de la cultura i l\u2019associacionisme\u201d en la inauguraci\u00f3 del nou projecte per a l\u2019Estaci\u00f3 de Dalt de Benaguasil\">[+] <\/a><\/div>\n","protected":false},"author":12,"featured_media":295698,"comment_status":"closed","ping_status":"open","sticky":false,"template":"","format":"standard","meta":{"footnotes":""},"categories":[172,10952,10892,46,10898,8,10894,11007,7,10896,3,45],"tags":[11136,10899,24032],"class_list":["post-295700","post","type-post","status-publish","format-standard","has-post-thumbnail","category-benaguasil","category-benaguasil-ca","category-camp-de-turia-ca","category-camp-de-turia","category-ventana-ca","category-la-comarca","category-la-comarca-ca","category-ocio-y-cultura-ca","category-ocio-y-cultura","category-seccion-ca","category-seccion","category-ventana","tag-benaguasil-ca","tag-camp-de-turia-ca","tag-estacio-de-dalt-de-benaguasil"],"_links":{"self":[{"href":"https:\/\/tucomarca.whitekongsoftware.com\/ca\/wp-json\/wp\/v2\/posts\/295700","targetHints":{"allow":["GET"]}}],"collection":[{"href":"https:\/\/tucomarca.whitekongsoftware.com\/ca\/wp-json\/wp\/v2\/posts"}],"about":[{"href":"https:\/\/tucomarca.whitekongsoftware.com\/ca\/wp-json\/wp\/v2\/types\/post"}],"author":[{"embeddable":true,"href":"https:\/\/tucomarca.whitekongsoftware.com\/ca\/wp-json\/wp\/v2\/users\/12"}],"replies":[{"embeddable":true,"href":"https:\/\/tucomarca.whitekongsoftware.com\/ca\/wp-json\/wp\/v2\/comments?post=295700"}],"version-history":[{"count":0,"href":"https:\/\/tucomarca.whitekongsoftware.com\/ca\/wp-json\/wp\/v2\/posts\/295700\/revisions"}],"wp:featuredmedia":[{"embeddable":true,"href":"https:\/\/tucomarca.whitekongsoftware.com\/ca\/wp-json\/wp\/v2\/media\/295698"}],"wp:attachment":[{"href":"https:\/\/tucomarca.whitekongsoftware.com\/ca\/wp-json\/wp\/v2\/media?parent=295700"}],"wp:term":[{"taxonomy":"category","embeddable":true,"href":"https:\/\/tucomarca.whitekongsoftware.com\/ca\/wp-json\/wp\/v2\/categories?post=295700"},{"taxonomy":"post_tag","embeddable":true,"href":"https:\/\/tucomarca.whitekongsoftware.com\/ca\/wp-json\/wp\/v2\/tags?post=295700"}],"curies":[{"name":"wp","href":"https:\/\/api.w.org\/{rel}","templated":true}]}}