{"id":295452,"date":"2026-03-09T08:00:00","date_gmt":"2026-03-09T07:00:00","guid":{"rendered":"https:\/\/www.tucomarca.com\/wordpress\/segunda\/?p=295452"},"modified":"2026-03-10T20:19:48","modified_gmt":"2026-03-10T19:19:48","slug":"convoquen-una-concentracio-a-bunyol-per-a-dir-no-a-la-guerra","status":"publish","type":"post","link":"https:\/\/tucomarca.whitekongsoftware.com\/ca\/convoquen-una-concentracio-a-bunyol-per-a-dir-no-a-la-guerra\/","title":{"rendered":"Convoquen una concentraci\u00f3 a Bunyol per a dir &#8220;No a la guerra&#8221;"},"content":{"rendered":"\n<h3 class=\"wp-block-heading\">L&#8217;acte tindr\u00e0 lloc el dijous, 12 de mar\u00e7, a les 19,30 hores en la Pla\u00e7a del Poble sota el lema &#8220;No a la guerra, per les v\u00edctimes de tots els conflictes, per un m\u00f3n en pau&#8221;.<\/h3>\n\n\n\n<p class=\"wp-block-paragraph\">Ve\u00efns i ve\u00efnes de Bunyol han convocat una concentraci\u00f3 ciutadana el pr\u00f2xim 12 de mar\u00e7, a les 19,30 hores en la Pla\u00e7a del Poble, per a mostrar el seu rebuig a la guerra i reclamar un comprom\u00eds ferm amb la pau.<\/p>\n\n\n\n<p class=\"wp-block-paragraph\">La convocat\u00f2ria dona continu\u00eftat a la mobilitzaci\u00f3 ciutadana que ja va tindre lloc fa uns mesos en la localitat amb motiu del conflicte en Palestina i cerca reunir novament la ciutadania en un acte simb\u00f2lic de solidaritat amb totes les v\u00edctimes dels conflictes armats que continuen colpejant a diferents parts del m\u00f3n, especialment despr\u00e9s de l&#8217;esclat del conflicte a l&#8217;Iran.<\/p>\n\n\n\n<p class=\"wp-block-paragraph\">Durant la concentraci\u00f3 es realitzar\u00e0 una acci\u00f3 simb\u00f2lica i es guardar\u00e0 un moment de reflexi\u00f3 per a recordar als qui pateixen les conseq\u00fc\u00e8ncies de la guerra, especialment a la poblaci\u00f3 civil.<\/p>\n\n\n\n<p class=\"wp-block-paragraph\">Es tracta d&#8217;una convocat\u00f2ria oberta a tota la ciutadania, amb l&#8217;objectiu d&#8217;al\u00e7ar la veu des de Bunyol en favor del di\u00e0leg, la conviv\u00e8ncia i la pau.<\/p>\n","protected":false},"excerpt":{"rendered":"<div class=\"mh-excerpt\">L&#8217;acte tindr\u00e0 lloc el dijous, 12 de mar\u00e7, a les 19,30 hores en la Pla\u00e7a del Poble sota el lema &#8220;No a la guerra, per les v\u00edctimes de tots els conflictes, per un m\u00f3n en <a class=\"mh-excerpt-more\" href=\"https:\/\/tucomarca.whitekongsoftware.com\/ca\/convoquen-una-concentracio-a-bunyol-per-a-dir-no-a-la-guerra\/\" title=\"Convoquen una concentraci\u00f3 a Bunyol per a dir &#8220;No a la guerra&#8221;\">[+] <\/a><\/div>\n","protected":false},"author":12,"featured_media":295449,"comment_status":"closed","ping_status":"open","sticky":false,"template":"","format":"standard","meta":{"footnotes":""},"categories":[10911,10894,10912,10947,10896],"tags":[10913,10914,24026],"class_list":["post-295452","post","type-post","status-publish","format-standard","has-post-thumbnail","category-bunol-ca","category-la-comarca-ca","category-la-hoya-ca","category-politica","category-seccion-ca","tag-bunol-ca","tag-la-hoya-de-bunol-chiva-ca","tag-no-a-la-guerra"],"_links":{"self":[{"href":"https:\/\/tucomarca.whitekongsoftware.com\/ca\/wp-json\/wp\/v2\/posts\/295452","targetHints":{"allow":["GET"]}}],"collection":[{"href":"https:\/\/tucomarca.whitekongsoftware.com\/ca\/wp-json\/wp\/v2\/posts"}],"about":[{"href":"https:\/\/tucomarca.whitekongsoftware.com\/ca\/wp-json\/wp\/v2\/types\/post"}],"author":[{"embeddable":true,"href":"https:\/\/tucomarca.whitekongsoftware.com\/ca\/wp-json\/wp\/v2\/users\/12"}],"replies":[{"embeddable":true,"href":"https:\/\/tucomarca.whitekongsoftware.com\/ca\/wp-json\/wp\/v2\/comments?post=295452"}],"version-history":[{"count":0,"href":"https:\/\/tucomarca.whitekongsoftware.com\/ca\/wp-json\/wp\/v2\/posts\/295452\/revisions"}],"wp:featuredmedia":[{"embeddable":true,"href":"https:\/\/tucomarca.whitekongsoftware.com\/ca\/wp-json\/wp\/v2\/media\/295449"}],"wp:attachment":[{"href":"https:\/\/tucomarca.whitekongsoftware.com\/ca\/wp-json\/wp\/v2\/media?parent=295452"}],"wp:term":[{"taxonomy":"category","embeddable":true,"href":"https:\/\/tucomarca.whitekongsoftware.com\/ca\/wp-json\/wp\/v2\/categories?post=295452"},{"taxonomy":"post_tag","embeddable":true,"href":"https:\/\/tucomarca.whitekongsoftware.com\/ca\/wp-json\/wp\/v2\/tags?post=295452"}],"curies":[{"name":"wp","href":"https:\/\/api.w.org\/{rel}","templated":true}]}}