{"id":295361,"date":"2026-03-10T12:00:00","date_gmt":"2026-03-10T11:00:00","guid":{"rendered":"https:\/\/www.tucomarca.com\/wordpress\/segunda\/?p=295361"},"modified":"2026-03-10T15:07:53","modified_gmt":"2026-03-10T14:07:53","slug":"la-guardia-civil-investiga-al-conductor-duna-motocicleta-que-circulava-a-mes-del-doble-de-la-velocitat-maxima-permesa-per-la-n-330-en-el-terme-municipal-de-requena","status":"publish","type":"post","link":"https:\/\/tucomarca.whitekongsoftware.com\/ca\/la-guardia-civil-investiga-al-conductor-duna-motocicleta-que-circulava-a-mes-del-doble-de-la-velocitat-maxima-permesa-per-la-n-330-en-el-terme-municipal-de-requena\/","title":{"rendered":"La Gu\u00e0rdia Civil investiga al conductor d&#8217;una motocicleta que circulava a m\u00e9s del doble de la velocitat m\u00e0xima permesa per la N-330 en el terme municipal de Requena"},"content":{"rendered":"\n<h3 class=\"wp-block-heading\">La motocicleta va ser detectada per un cinem\u00f2metre circulant a 186 Km\/h per una via convencional limitada a 90 Km\/h.<\/h3>\n\n\n\n<p class=\"wp-block-paragraph\">El dia 1 de febrer de 2026, en la N-330 a l&#8217;altura del terme municipal de Requena, en el marc de la prevenci\u00f3 de la sinistralitat vi\u00e0ria de motocicletes, es va detectar una motocicleta circulant a 186 km\/h quan la via estava limitada a 90 km\/h.<\/p>\n\n\n\n<p class=\"wp-block-paragraph\">En tractar-se d&#8217;una via freq\u00fcentada habitualment per aquest col\u00b7lectiu vulnerable i en la qual s&#8217;han registrat greus sinistres vials, efectius del Destacament de Requena realitzen aquests controls preventius.<\/p>\n\n\n\n<p class=\"wp-block-paragraph\">Per un Equip d&#8217;Investigaci\u00f3 Sinistres Vials del Subsector de Tr\u00e0nsit de la Gu\u00e0rdia Civil de Val\u00e8ncia es va procedir a identificar al seu conductor, un home de 35 anys, que ha sigut investigat com a suposat autor d&#8217;un delicte contra la seguretat vi\u00e0ria, per conduir un vehicle de motor superant la velocitat m\u00e0xima permesa en 80 km\/h.<\/p>\n\n\n\n<p class=\"wp-block-paragraph\">El Codi Penal preveu penes per la comissi\u00f3 d&#8217;un delicte de conducci\u00f3 a una velocitat superior en huitanta quil\u00f2metres per hora en via interurbana, arreplegat en l&#8217;article 379.1, consistents a la pres\u00f3 de tres a sis mesos o amb la de multa de sis a dotze mesos o amb la de treballs en benefici de la comunitat de trenta-un a noranta dies i, en qualsevol cas, amb la de privaci\u00f3 del dret a conduir vehicles de motor i ciclomotors per temps superior a un i fins a quatre anys. &nbsp;<\/p>\n\n\n\n<p class=\"wp-block-paragraph\">Les dilig\u00e8ncies instru\u00efdes van ser entregades en el Jutjat de Gu\u00e0rdia de Requena.<\/p>\n","protected":false},"excerpt":{"rendered":"<div class=\"mh-excerpt\">La motocicleta va ser detectada per un cinem\u00f2metre circulant a 186 Km\/h per una via convencional limitada a 90 Km\/h. El dia 1 de febrer de 2026, en la N-330 a l&#8217;altura del terme municipal <a class=\"mh-excerpt-more\" href=\"https:\/\/tucomarca.whitekongsoftware.com\/ca\/la-guardia-civil-investiga-al-conductor-duna-motocicleta-que-circulava-a-mes-del-doble-de-la-velocitat-maxima-permesa-per-la-n-330-en-el-terme-municipal-de-requena\/\" title=\"La Gu\u00e0rdia Civil investiga al conductor d&#8217;una motocicleta que circulava a m\u00e9s del doble de la velocitat m\u00e0xima permesa per la N-330 en el terme municipal de Requena\">[+] <\/a><\/div>\n","protected":false},"author":1,"featured_media":295359,"comment_status":"closed","ping_status":"open","sticky":false,"template":"","format":"standard","meta":{"footnotes":""},"categories":[10898,10948,10894,10904,10908,10909,10896,10897],"tags":[11118,11099,10910,17968],"class_list":["post-295361","post","type-post","status-publish","format-standard","has-post-thumbnail","category-ventana-ca","category-infraestructuras-ca","category-la-comarca-ca","category-sin-categorizar-ca","category-requena-ca","category-requena-utiel-ca","category-seccion-ca","category-sucesos-la-comarca-ca","tag-guardia-civil-ca","tag-requena-ca","tag-requena-utiel-ca","tag-trafico-ca"],"_links":{"self":[{"href":"https:\/\/tucomarca.whitekongsoftware.com\/ca\/wp-json\/wp\/v2\/posts\/295361","targetHints":{"allow":["GET"]}}],"collection":[{"href":"https:\/\/tucomarca.whitekongsoftware.com\/ca\/wp-json\/wp\/v2\/posts"}],"about":[{"href":"https:\/\/tucomarca.whitekongsoftware.com\/ca\/wp-json\/wp\/v2\/types\/post"}],"author":[{"embeddable":true,"href":"https:\/\/tucomarca.whitekongsoftware.com\/ca\/wp-json\/wp\/v2\/users\/1"}],"replies":[{"embeddable":true,"href":"https:\/\/tucomarca.whitekongsoftware.com\/ca\/wp-json\/wp\/v2\/comments?post=295361"}],"version-history":[{"count":0,"href":"https:\/\/tucomarca.whitekongsoftware.com\/ca\/wp-json\/wp\/v2\/posts\/295361\/revisions"}],"wp:featuredmedia":[{"embeddable":true,"href":"https:\/\/tucomarca.whitekongsoftware.com\/ca\/wp-json\/wp\/v2\/media\/295359"}],"wp:attachment":[{"href":"https:\/\/tucomarca.whitekongsoftware.com\/ca\/wp-json\/wp\/v2\/media?parent=295361"}],"wp:term":[{"taxonomy":"category","embeddable":true,"href":"https:\/\/tucomarca.whitekongsoftware.com\/ca\/wp-json\/wp\/v2\/categories?post=295361"},{"taxonomy":"post_tag","embeddable":true,"href":"https:\/\/tucomarca.whitekongsoftware.com\/ca\/wp-json\/wp\/v2\/tags?post=295361"}],"curies":[{"name":"wp","href":"https:\/\/api.w.org\/{rel}","templated":true}]}}