{"id":295270,"date":"2026-03-09T12:12:00","date_gmt":"2026-03-09T11:12:00","guid":{"rendered":"https:\/\/www.tucomarca.com\/wordpress\/segunda\/?p=295270"},"modified":"2026-03-11T22:27:58","modified_gmt":"2026-03-11T21:27:58","slug":"lajuntament-dutiel-mostra-el-seu-compromis-per-la-igualtat-real-en-lacte-de-lectura-del-manifest-pel-dia-internacional-de-la-dona","status":"publish","type":"post","link":"https:\/\/tucomarca.whitekongsoftware.com\/ca\/lajuntament-dutiel-mostra-el-seu-compromis-per-la-igualtat-real-en-lacte-de-lectura-del-manifest-pel-dia-internacional-de-la-dona\/","title":{"rendered":"L&#8217;Ajuntament d&#8217;Utiel mostra el seu comprom\u00eds per la igualtat real en l&#8217;acte de lectura del manifest pel Dia Internacional de la Dona"},"content":{"rendered":"\n<p class=\"wp-block-paragraph\">L&#8217;alcalde d&#8217;Utiel, Ricardo Gabald\u00f3n, i la regidora de Dona, Carmina Febr\u00e9, han donat lectura al manifest 8M i han reafirmat el seu comprom\u00eds amb la implantaci\u00f3 de pol\u00edtiques d&#8217;igualtat de g\u00e8nere.<\/p>\n\n\n\n<p class=\"wp-block-paragraph\">L&#8217;Ajuntament d&#8217;Utiel ha al\u00e7at hui la veu per la igualtat real amb motiu de la celebraci\u00f3 del Dia Internacional de la Dona diumenge que ve.&nbsp;<br>El consistori s&#8217;ha adherit a la declaraci\u00f3 institucional de la Federaci\u00f3 Valenciana de Municipis i Prov\u00edncies i aquest mat\u00ed l&#8217;alcalde d&#8217;Utiel , Ricardo Gabald\u00f3n, i la regidora de Dona, Carmina Febr\u00e9, han donat lectura al manifest reivindicatiu del 8 de mar\u00e7 a l&#8217;ajuntament on s&#8217;han concentrat ve\u00efns i ve\u00efnes per a manifestar el seu suport en la lluita per la igualtat<\/p>\n\n\n\n<p class=\"wp-block-paragraph\">L&#8217;alcalde d&#8217;Utiel, Ricardo Gabald\u00f3n ha reafirmat el comprom\u00eds del consistori amb la implantaci\u00f3 de de pol\u00edtiques d&#8217;igualtat de g\u00e8nere i ha advocat per una societat justa i igualit\u00e0ria que permeta aconseguir la igualtat efectiva de dones i homes.<br>\u201cTots hem de conscienciar-nos per a treballar en el dia a dia per la igualtat real. Any rere any es van aconseguint assoliments, per\u00f2 encara la dona continua suportant una c\u00e0rrega afegida i un sobreesfor\u00e7. Des d&#8217;aquest ajuntament ens comprometem a continuar treballant en l&#8217;eliminaci\u00f3 de totes les formes de discriminaci\u00f3 i a promoure pol\u00edtiques i accions que fomenten la igualtat d&#8217;oportunitats en l&#8217;\u00e0mbit laboral, educatiu i social, impulsant la participaci\u00f3 activa de les dones en la presa de decisions i en la vida pol\u00edtica, social i cultural del nostre municipi\u201d ha remarcat l&#8217;alcalde d&#8217;Utiel.<\/p>\n\n\n\n<p class=\"wp-block-paragraph\">La regidora de l&#8217;\u00e0rea de dona i igualtat, Carmina Febr\u00e9, ha insistit \u201cTenim l&#8217;obligaci\u00f3 de treballar per a eliminar les desigualtats que encara pateixen les dones, especialment en els entorns rurals, i les desigualtats de les quals s\u00f3n objecte per la seua doble condici\u00f3 de viure en aquests entorns i de ser dona. La igualtat de g\u00e8nere no \u00e9s una q\u00fcesti\u00f3 d&#8217;un dia, ni d&#8217;un mes, ha de ser un comprom\u00eds permanent de tota la ciutadania en el seu conjunt i consolidar l&#8217;aconseguit per a poder continuar caminant camins d&#8217;igualtat entre tots\u201d<\/p>\n\n\n\n<p class=\"wp-block-paragraph\">L&#8217;Ajuntament d&#8217;Utiel s&#8217;ha adherit a la campanya de la Diputaci\u00f3 de Val\u00e8ncia \u201c8M, \u00e9s lluita. Per la igualtat real\u201d per a reivindicar la defensa dels drets de les dones, la igualtat d&#8217;oportunitats entre homes i dones i una societat m\u00e9s justa i equitativa.<\/p>\n\n\n\n<p class=\"wp-block-paragraph\"><strong>Programaci\u00f3 8M Utiel 2026\u00a0<\/strong><\/p>\n\n\n\n<p class=\"wp-block-paragraph\">Durant aquesta setmana, el consistori utielano ha organitzat diferents activitats commemoratives com a tallers, presentacions i trobades amb la dona com a tem\u00e0tica principal. La programaci\u00f3 continua amb diferents esdeveniments de car\u00e0cter cultural.&nbsp;<\/p>\n\n\n\n<p class=\"wp-block-paragraph\">Aquesta vesprada, a les 18.00 hores a la Casa de Cultura Utiel, es projectar\u00e0 la pel\u00b7l\u00edcula \u201cHola, est\u00e0s sola?\u201d, dirigida per la cineasta, Ic\u00edar Bolla\u00edn.&nbsp;<\/p>\n\n\n\n<p class=\"wp-block-paragraph\">El llargmetratge debut de la reconeguda directora que posa el focus en realitats socials vinculades a la igualtat i la viol\u00e8ncia de g\u00e8nere.<\/p>\n\n\n\n<p class=\"wp-block-paragraph\">I el diumenge, 8 de mar\u00e7, coincidint amb la celebraci\u00f3 del Dia Internacional de la Dona, l&#8217;humorista Marcos Arizmendi presentar\u00e0 el divertit mon\u00f2leg \u201cSoc un 50ter\u201d per a gaudir d&#8217;una vesprada especial en clau c\u00f2mica.<\/p>\n","protected":false},"excerpt":{"rendered":"<div class=\"mh-excerpt\">L&#8217;alcalde d&#8217;Utiel, Ricardo Gabald\u00f3n, i la regidora de Dona, Carmina Febr\u00e9, han donat lectura al manifest 8M i han reafirmat el seu comprom\u00eds amb la implantaci\u00f3 de pol\u00edtiques d&#8217;igualtat de g\u00e8nere. L&#8217;Ajuntament d&#8217;Utiel ha al\u00e7at <a class=\"mh-excerpt-more\" href=\"https:\/\/tucomarca.whitekongsoftware.com\/ca\/lajuntament-dutiel-mostra-el-seu-compromis-per-la-igualtat-real-en-lacte-de-lectura-del-manifest-pel-dia-internacional-de-la-dona\/\" title=\"L&#8217;Ajuntament d&#8217;Utiel mostra el seu comprom\u00eds per la igualtat real en l&#8217;acte de lectura del manifest pel Dia Internacional de la Dona\">[+] <\/a><\/div>\n","protected":false},"author":1,"featured_media":295268,"comment_status":"closed","ping_status":"open","sticky":false,"template":"","format":"standard","meta":{"footnotes":""},"categories":[10948,10894,11007,10947,10909,10896,11059],"tags":[11508,10910,11174],"class_list":["post-295270","post","type-post","status-publish","format-standard","has-post-thumbnail","category-infraestructuras-ca","category-la-comarca-ca","category-ocio-y-cultura-ca","category-politica","category-requena-utiel-ca","category-seccion-ca","category-utiel-ca","tag-8m-ca","tag-requena-utiel-ca","tag-utiel-ca"],"_links":{"self":[{"href":"https:\/\/tucomarca.whitekongsoftware.com\/ca\/wp-json\/wp\/v2\/posts\/295270","targetHints":{"allow":["GET"]}}],"collection":[{"href":"https:\/\/tucomarca.whitekongsoftware.com\/ca\/wp-json\/wp\/v2\/posts"}],"about":[{"href":"https:\/\/tucomarca.whitekongsoftware.com\/ca\/wp-json\/wp\/v2\/types\/post"}],"author":[{"embeddable":true,"href":"https:\/\/tucomarca.whitekongsoftware.com\/ca\/wp-json\/wp\/v2\/users\/1"}],"replies":[{"embeddable":true,"href":"https:\/\/tucomarca.whitekongsoftware.com\/ca\/wp-json\/wp\/v2\/comments?post=295270"}],"version-history":[{"count":0,"href":"https:\/\/tucomarca.whitekongsoftware.com\/ca\/wp-json\/wp\/v2\/posts\/295270\/revisions"}],"wp:featuredmedia":[{"embeddable":true,"href":"https:\/\/tucomarca.whitekongsoftware.com\/ca\/wp-json\/wp\/v2\/media\/295268"}],"wp:attachment":[{"href":"https:\/\/tucomarca.whitekongsoftware.com\/ca\/wp-json\/wp\/v2\/media?parent=295270"}],"wp:term":[{"taxonomy":"category","embeddable":true,"href":"https:\/\/tucomarca.whitekongsoftware.com\/ca\/wp-json\/wp\/v2\/categories?post=295270"},{"taxonomy":"post_tag","embeddable":true,"href":"https:\/\/tucomarca.whitekongsoftware.com\/ca\/wp-json\/wp\/v2\/tags?post=295270"}],"curies":[{"name":"wp","href":"https:\/\/api.w.org\/{rel}","templated":true}]}}