{"id":295194,"date":"2026-03-09T09:15:00","date_gmt":"2026-03-09T08:15:00","guid":{"rendered":"https:\/\/www.tucomarca.com\/wordpress\/segunda\/?p=295194"},"modified":"2026-03-09T21:52:14","modified_gmt":"2026-03-09T20:52:14","slug":"la-diputacio-de-valencia-recorre-la-historia-de-la-indumentaria-fallera-en-el-segle-xx","status":"publish","type":"post","link":"https:\/\/tucomarca.whitekongsoftware.com\/ca\/la-diputacio-de-valencia-recorre-la-historia-de-la-indumentaria-fallera-en-el-segle-xx\/","title":{"rendered":"La Diputaci\u00f3 de Val\u00e8ncia recorre la hist\u00f2ria de la indument\u00e0ria fallera en el segle XX"},"content":{"rendered":"\n<h3 class=\"wp-block-heading\">Vicent Momp\u00f3 assenyala que amb esta nova exposici\u00f3 &#8220;volem posar en valor l&#8217;evoluci\u00f3 de la indument\u00e0ria i el treball dels artesans mitjan\u00e7ant el qual, generaci\u00f3 rere generaci\u00f3, s&#8217;ha constru\u00eft l&#8217;est\u00e8tica de la nostra festa.<\/h3>\n\n\n\n<h3 class=\"wp-block-heading\">&#8216;Lluir la festa&#8217; oferix una mirada a la indument\u00e0ria fallera des de les seues primeres manifestacions fins a la seua consolidaci\u00f3 com a s\u00edmbol essencial de la festa. Es podr\u00e0 visitar els divendres, dissabtes i diumenges del 13 al 29 de mar\u00e7.<\/h3>\n\n\n\n<p class=\"wp-block-paragraph\">La Diputaci\u00f3 de Val\u00e8ncia proposa per a estes Falles una mirada a la indument\u00e0ria tradicional valenciana a trav\u00e9s de &#8216;Lluir la Festa&#8217;, un nou projecte expositiu produ\u00eft per l&#8217;\u00e0rea Cultura de la corporaci\u00f3 provincial i dut a terme amb la col\u00b7laboraci\u00f3 de la indumentarista valenciana Mar\u00eda Victoria Liceras. Aix\u00ed, mitjan\u00e7ant un recorregut cronol\u00f2gic a trav\u00e9s dels canvis produ\u00efts en la indument\u00e0ria vinculada a la festa de les Falles a la ciutat de Val\u00e8ncia, l&#8217;exposici\u00f3 recupera i analitza la vestimenta femenina, masculina i la infantil al llarg de gran part del segle XX, concretament des de la d\u00e8cada de 1920 fins a 1985.\u00a0<\/p>\n\n\n\n<p class=\"wp-block-paragraph\">El president Vicent Momp\u00f3 ha visitat este dilluns l&#8217;exposici\u00f3, formada en gran part per una cuidada selecci\u00f3 de la col\u00b7lecci\u00f3 de la mateixa Mar\u00eda Victoria Liceras, aix\u00ed com de les col\u00b7leccions d&#8217;indument\u00e0ria tradicional que L&#8217;ETNO conserva i de diverses col\u00b7leccions particulars. Aix\u00ed, Momp\u00f3, acompanyat per la vicepresidenta segona, Reme Mazzolari; el diputat de Cultura, Paco Teruel; el director de L&#8217;ETNO, Joan Segu\u00ed; la comiss\u00e0ria de la mostra, Mar\u00eda Victoria Liceras; aix\u00ed com altres diputats provincials, ha visitat la nova proposta de la corporaci\u00f3 provincial &#8220;a trav\u00e9s de la qual volem posar en valor l&#8217;evoluci\u00f3 de la indument\u00e0ria i el treball dels artesans amb el qual generaci\u00f3 darrere generaci\u00f3 s&#8217;ha constru\u00eft l&#8217;est\u00e8tica de la nostra festa&#8221;, i \u00e9s que, &#8220;darrere de cada vestit hi ha hist\u00f2ria, tradici\u00f3 i molta faena artesanal&#8221;, subratlla.<\/p>\n\n\n\n<p class=\"wp-block-paragraph\">&#8220;Les Falles tamb\u00e9 s\u00f3n hist\u00f2ria, identitat i patrimoni cultural &#8211; continua- i per aix\u00f2 inaugurem esta exposici\u00f3, un recorregut que ens permetr\u00e0 descobrir com van n\u00e0ixer les imatges de la fallera i del faller que hui considerem tan emblem\u00e0tiques&#8221;.&nbsp;<\/p>\n\n\n\n<p class=\"wp-block-paragraph\">El responsable de Cultura, Paco Teruel, ha apuntat que este nou projecte expositiu situat en la seu de la corporaci\u00f3 provincial, &#8220;\u00e9s d&#8217;obligada visita per a tots els fallers i falleres, ja que representa el millor de la indument\u00e0ria valenciana des dels seus inicis i convida a descobrir com tradici\u00f3 i modernitat han donat forma a la nostra manera de lluir en la festa&#8221;.&nbsp;<\/p>\n\n\n\n<p class=\"wp-block-paragraph\">&#8216;Lluir la Festa&#8217; podr\u00e0 visitar-se de manera gratu\u00efta els divendres, dissabtes i diumenges del 13 al 29 de mar\u00e7. Els divendres l&#8217;horari ser\u00e0 de 16 a 20 hores, i els caps de setmana de 10 a 14 hores i de 16 a 20 hores.&nbsp;<\/p>\n\n\n\n<figure class=\"wp-block-gallery has-nested-images columns-default is-cropped wp-block-gallery-1 is-layout-flex wp-block-gallery-is-layout-flex\">\n<figure class=\"wp-block-image size-large\"><img loading=\"lazy\" decoding=\"async\" width=\"1024\" height=\"665\" data-id=\"295190\" src=\"https:\/\/www.tucomarca.com\/wordpress\/segunda\/wp-content\/uploads\/2026\/03\/DipuIndumentaria3-1024x665.jpg\" alt=\"\" class=\"wp-image-295190\" srcset=\"https:\/\/tucomarca.whitekongsoftware.com\/wp-content\/uploads\/2026\/03\/DipuIndumentaria3-1024x665.jpg 1024w, https:\/\/tucomarca.whitekongsoftware.com\/wp-content\/uploads\/2026\/03\/DipuIndumentaria3-300x195.jpg 300w, https:\/\/tucomarca.whitekongsoftware.com\/wp-content\/uploads\/2026\/03\/DipuIndumentaria3-768x499.jpg 768w, https:\/\/tucomarca.whitekongsoftware.com\/wp-content\/uploads\/2026\/03\/DipuIndumentaria3-1536x998.jpg 1536w, https:\/\/tucomarca.whitekongsoftware.com\/wp-content\/uploads\/2026\/03\/DipuIndumentaria3-2048x1331.jpg 2048w\" sizes=\"auto, (max-width: 1024px) 100vw, 1024px\" \/><\/figure>\n\n\n\n<figure class=\"wp-block-image size-large\"><img loading=\"lazy\" decoding=\"async\" width=\"1024\" height=\"665\" data-id=\"295188\" src=\"https:\/\/www.tucomarca.com\/wordpress\/segunda\/wp-content\/uploads\/2026\/03\/DipuIndumentaria2-1024x665.jpg\" alt=\"\" class=\"wp-image-295188\" srcset=\"https:\/\/tucomarca.whitekongsoftware.com\/wp-content\/uploads\/2026\/03\/DipuIndumentaria2-1024x665.jpg 1024w, https:\/\/tucomarca.whitekongsoftware.com\/wp-content\/uploads\/2026\/03\/DipuIndumentaria2-300x195.jpg 300w, https:\/\/tucomarca.whitekongsoftware.com\/wp-content\/uploads\/2026\/03\/DipuIndumentaria2-768x499.jpg 768w, https:\/\/tucomarca.whitekongsoftware.com\/wp-content\/uploads\/2026\/03\/DipuIndumentaria2-1536x998.jpg 1536w, https:\/\/tucomarca.whitekongsoftware.com\/wp-content\/uploads\/2026\/03\/DipuIndumentaria2-2048x1331.jpg 2048w\" sizes=\"auto, (max-width: 1024px) 100vw, 1024px\" \/><\/figure>\n<\/figure>\n\n\n\n<p class=\"wp-block-paragraph\"><\/p>\n\n\n\n<p class=\"wp-block-paragraph\"><strong>&#8216;Lluir la festa&#8217;<\/strong><\/p>\n\n\n\n<p class=\"wp-block-paragraph\">La mostra, que oferix una mirada a la indument\u00e0ria fallera des de les seues primeres manifestacions fins a la seua consolidaci\u00f3 com a s\u00edmbol essencial de la festa, es dividix en cinc apartats. El primer, &#8216;Buscant una identitat festiva valenciana&#8217;, fa un recorregut des de 1920 a 1930 mostrant com en els actes oficials, les primeres falleres majors utilitzen tant els vestits de gala, segons la moda de l&#8217;\u00e8poca, com les peces festives vinculades a la indument\u00e0ria tradicional. El segon bloc va de 1940 a 1950 i t\u00e9 com a t\u00edtol &#8216;Una festa popular i uniforme, on els xiquets s\u00f3n l&#8217;excepci\u00f3&#8217;. A continuaci\u00f3, el recorregut ens trasllada a 1960-1975, amb l&#8217;apartat &#8216;L&#8217;home ja \u00e9s vist per a la festa. La dona contempla la moda&#8217;; li seguix l&#8217;apartat &#8216;Una nova \u00e8poca: buscant els or\u00edgens&#8217;, centrada en el temps transcorregut entre 1975 i 1985.&nbsp;<\/p>\n\n\n\n<p class=\"wp-block-paragraph\">En estes unitats s&#8217;observa la consolidaci\u00f3 dels models que se citen en els diferents reglaments fallers establits per la Junta Central Fallera i en els diferents congressos fallers, aix\u00ed com la seua relaci\u00f3 amb les modes i estils imperants en la moda de les diferents d\u00e8cades. Aix\u00ed mateix, diverses vitrines independents mostren l&#8217;evoluci\u00f3 estil\u00edstica d&#8217;elements i peces com la joieria, les bandes, els pentinats femenins, les pintes, o els cossos de dona o la indument\u00e0ria infantil.<\/p>\n\n\n\n<p class=\"wp-block-paragraph\">Aix\u00ed, un total de 19 conjunts complets, 15 de dona i de xiqueta (cos, falda, manteleta, davantal i lla\u00e7), i tres d&#8217;home i xiquet (vestit de &#8220;carrer&#8221;, de &#8220;panderola&#8221;, torrent\u00ed i sarag\u00fcells), a m\u00e9s de tres jupetins d&#8217;home i tres gipons de dona donen forma a la part centrada en la indument\u00e0ria. Els visitants tamb\u00e9 podran descobrir la joieria i les pintes de l&#8217;\u00e8poca, amb una cuidada selecci\u00f3 de quatre conjunts d&#8217;arracades de l&#8217;\u00e8poca, agulla de pit de plata, agulles per al cabell i un collar de dos voltes de perles sint\u00e8tiques. Esta col\u00b7lecci\u00f3 es completa amb set pintes de l&#8217;\u00e8poca, dos recreacions de pentinats femenins i quatre bandes de fallera.&nbsp;<\/p>\n\n\n\n<p class=\"wp-block-paragraph\">&#8216;Lluir la festa&#8217; reunix tamb\u00e9 12 publicacions relacionades amb el m\u00f3n faller procedents de la Biblioteca de L&#8217;ETNO, aix\u00ed com deu fotografies de l&#8217;Arxiu fotogr\u00e0fic de L&#8217;ETNO i altres dos de col\u00b7leccions particulars.<\/p>\n","protected":false},"excerpt":{"rendered":"<div class=\"mh-excerpt\">Vicent Momp\u00f3 assenyala que amb esta nova exposici\u00f3 &#8220;volem posar en valor l&#8217;evoluci\u00f3 de la indument\u00e0ria i el treball dels artesans mitjan\u00e7ant el qual, generaci\u00f3 rere generaci\u00f3, s&#8217;ha constru\u00eft l&#8217;est\u00e8tica de la nostra festa. &#8216;Lluir <a class=\"mh-excerpt-more\" href=\"https:\/\/tucomarca.whitekongsoftware.com\/ca\/la-diputacio-de-valencia-recorre-la-historia-de-la-indumentaria-fallera-en-el-segle-xx\/\" title=\"La Diputaci\u00f3 de Val\u00e8ncia recorre la hist\u00f2ria de la indument\u00e0ria fallera en el segle XX\">[+] <\/a><\/div>\n","protected":false},"author":1,"featured_media":295187,"comment_status":"closed","ping_status":"open","sticky":false,"template":"","format":"gallery","meta":{"footnotes":""},"categories":[10898,10894,10904,11007,10896],"tags":[11246,11499,11199],"class_list":["post-295194","post","type-post","status-publish","format-gallery","has-post-thumbnail","category-ventana-ca","category-la-comarca-ca","category-sin-categorizar-ca","category-ocio-y-cultura-ca","category-seccion-ca","tag-diputacio-de-valencia-ca","tag-fallas-ca","tag-la-comunitat-ca","post_format-post-format-gallery"],"_links":{"self":[{"href":"https:\/\/tucomarca.whitekongsoftware.com\/ca\/wp-json\/wp\/v2\/posts\/295194","targetHints":{"allow":["GET"]}}],"collection":[{"href":"https:\/\/tucomarca.whitekongsoftware.com\/ca\/wp-json\/wp\/v2\/posts"}],"about":[{"href":"https:\/\/tucomarca.whitekongsoftware.com\/ca\/wp-json\/wp\/v2\/types\/post"}],"author":[{"embeddable":true,"href":"https:\/\/tucomarca.whitekongsoftware.com\/ca\/wp-json\/wp\/v2\/users\/1"}],"replies":[{"embeddable":true,"href":"https:\/\/tucomarca.whitekongsoftware.com\/ca\/wp-json\/wp\/v2\/comments?post=295194"}],"version-history":[{"count":0,"href":"https:\/\/tucomarca.whitekongsoftware.com\/ca\/wp-json\/wp\/v2\/posts\/295194\/revisions"}],"wp:featuredmedia":[{"embeddable":true,"href":"https:\/\/tucomarca.whitekongsoftware.com\/ca\/wp-json\/wp\/v2\/media\/295187"}],"wp:attachment":[{"href":"https:\/\/tucomarca.whitekongsoftware.com\/ca\/wp-json\/wp\/v2\/media?parent=295194"}],"wp:term":[{"taxonomy":"category","embeddable":true,"href":"https:\/\/tucomarca.whitekongsoftware.com\/ca\/wp-json\/wp\/v2\/categories?post=295194"},{"taxonomy":"post_tag","embeddable":true,"href":"https:\/\/tucomarca.whitekongsoftware.com\/ca\/wp-json\/wp\/v2\/tags?post=295194"}],"curies":[{"name":"wp","href":"https:\/\/api.w.org\/{rel}","templated":true}]}}