{"id":295180,"date":"2026-03-09T08:55:00","date_gmt":"2026-03-09T07:55:00","guid":{"rendered":"https:\/\/www.tucomarca.com\/wordpress\/segunda\/?p=295180"},"modified":"2026-03-09T22:03:32","modified_gmt":"2026-03-09T21:03:32","slug":"mompo-enaltix-el-treball-de-les-associacions-hispanes-a-favor-de-la-integracio-i-el-suport-a-la-cultura-valenciana","status":"publish","type":"post","link":"https:\/\/tucomarca.whitekongsoftware.com\/ca\/mompo-enaltix-el-treball-de-les-associacions-hispanes-a-favor-de-la-integracio-i-el-suport-a-la-cultura-valenciana\/","title":{"rendered":"Momp\u00f3 enaltix el treball de les associacions hispanes a favor de la integraci\u00f3 i el suport a la cultura valenciana"},"content":{"rendered":"\n<p class=\"wp-block-paragraph\">El president de la Diputaci\u00f3 de Val\u00e8ncia, Vicent Momp\u00f3, ha enaltit el treball de l&#8217;Associaci\u00f3 de Hispanos Sin Fronteras en Valencia i l&#8217;ONG Aesco a favor de la integraci\u00f3 i el suport a la cultura valenciana despr\u00e9s de reunir-se amb els seus representants en la Diputaci\u00f3. \u201cEstan treballant per a afavorir la conviv\u00e8ncia i aix\u00ed demostrar que la diversitat \u00e9s riquesa, suma i ens fa millors a tots i totes\u201d, ha def\u00e9s.<\/p>\n\n\n\n<p class=\"wp-block-paragraph\">\u201cLa poblaci\u00f3 d&#8217;origen hispanoameric\u00e0 ha experimentat un notable creixement a la prov\u00edncia de Val\u00e8ncia i hem d&#8217;anar de la m\u00e0 per a enriquir conjuntament la nostra societat\u201d, ha destacat Momp\u00f3, al mateix temps que ha assegurat que ha pres nota de les seues inquietuds\u201d: \u201cLa Diputaci\u00f3, com fa sempre, els prestar\u00e0 ajuda en tot el que puga per a impulsar la seua contribuci\u00f3 a una societat m\u00e9s tolerant i unida\u201d.<\/p>\n","protected":false},"excerpt":{"rendered":"<div class=\"mh-excerpt\">El president de la Diputaci\u00f3 de Val\u00e8ncia, Vicent Momp\u00f3, ha enaltit el treball de l&#8217;Associaci\u00f3 de Hispanos Sin Fronteras en Valencia i l&#8217;ONG Aesco a favor de la integraci\u00f3 i el suport a la cultura <a class=\"mh-excerpt-more\" href=\"https:\/\/tucomarca.whitekongsoftware.com\/ca\/mompo-enaltix-el-treball-de-les-associacions-hispanes-a-favor-de-la-integracio-i-el-suport-a-la-cultura-valenciana\/\" title=\"Momp\u00f3 enaltix el treball de les associacions hispanes a favor de la integraci\u00f3 i el suport a la cultura valenciana\">[+] <\/a><\/div>\n","protected":false},"author":12,"featured_media":295178,"comment_status":"closed","ping_status":"open","sticky":false,"template":"","format":"standard","meta":{"footnotes":""},"categories":[10898,10894,8,72,10904,11007,7,142,10947,10896,3,45],"tags":[24012,11246],"class_list":["post-295180","post","type-post","status-publish","format-standard","has-post-thumbnail","category-ventana-ca","category-la-comarca-ca","category-la-comarca","category-sin-categorizar","category-sin-categorizar-ca","category-ocio-y-cultura-ca","category-ocio-y-cultura","category-politica-la-comarca","category-politica","category-seccion-ca","category-seccion","category-ventana","tag-asociaciones-hispanas","tag-diputacio-de-valencia-ca"],"_links":{"self":[{"href":"https:\/\/tucomarca.whitekongsoftware.com\/ca\/wp-json\/wp\/v2\/posts\/295180","targetHints":{"allow":["GET"]}}],"collection":[{"href":"https:\/\/tucomarca.whitekongsoftware.com\/ca\/wp-json\/wp\/v2\/posts"}],"about":[{"href":"https:\/\/tucomarca.whitekongsoftware.com\/ca\/wp-json\/wp\/v2\/types\/post"}],"author":[{"embeddable":true,"href":"https:\/\/tucomarca.whitekongsoftware.com\/ca\/wp-json\/wp\/v2\/users\/12"}],"replies":[{"embeddable":true,"href":"https:\/\/tucomarca.whitekongsoftware.com\/ca\/wp-json\/wp\/v2\/comments?post=295180"}],"version-history":[{"count":0,"href":"https:\/\/tucomarca.whitekongsoftware.com\/ca\/wp-json\/wp\/v2\/posts\/295180\/revisions"}],"wp:featuredmedia":[{"embeddable":true,"href":"https:\/\/tucomarca.whitekongsoftware.com\/ca\/wp-json\/wp\/v2\/media\/295178"}],"wp:attachment":[{"href":"https:\/\/tucomarca.whitekongsoftware.com\/ca\/wp-json\/wp\/v2\/media?parent=295180"}],"wp:term":[{"taxonomy":"category","embeddable":true,"href":"https:\/\/tucomarca.whitekongsoftware.com\/ca\/wp-json\/wp\/v2\/categories?post=295180"},{"taxonomy":"post_tag","embeddable":true,"href":"https:\/\/tucomarca.whitekongsoftware.com\/ca\/wp-json\/wp\/v2\/tags?post=295180"}],"curies":[{"name":"wp","href":"https:\/\/api.w.org\/{rel}","templated":true}]}}