{"id":294997,"date":"2026-03-06T12:00:00","date_gmt":"2026-03-06T11:00:00","guid":{"rendered":"https:\/\/www.tucomarca.com\/wordpress\/segunda\/?p=294997"},"modified":"2026-03-09T00:19:04","modified_gmt":"2026-03-08T23:19:04","slug":"lajuntament-dalboraig-i-el-seprona-investiguen-laparicio-dun-abocament-contaminant-en-el-clavegueram-de-la-localitat","status":"publish","type":"post","link":"https:\/\/tucomarca.whitekongsoftware.com\/ca\/lajuntament-dalboraig-i-el-seprona-investiguen-laparicio-dun-abocament-contaminant-en-el-clavegueram-de-la-localitat\/","title":{"rendered":"L&#8217;Ajuntament d&#8217;Alboraig i el Seprona investiguen l&#8217;aparici\u00f3 d&#8217;un abocament contaminant en el clavegueram de la localitat"},"content":{"rendered":"\n<p class=\"wp-block-paragraph\">L&#8217;Ajuntament d&#8217;Alboraig ha informat de la detecci\u00f3 d&#8217;un abocament contaminant en la xarxa general de desguassos del municipi, &#8220;un incident a\u00efllat que ha generat mol\u00e8sties entre alguns ve\u00efns i que ja est\u00e0 en vies de soluci\u00f3&#8221;, tal com ha explicat l&#8217;alcalde de la localitat, Jes\u00fas Hig\u00f3n.<\/p>\n\n\n\n<p class=\"wp-block-paragraph\">Segons han traslladat des del consistori, durant la jornada del passat dijous diversos ve\u00efns van alertar de la pres\u00e8ncia d&#8217;una forta olor en els seus habitatges, procedent dels desguassos, la qual cosa va motivar l&#8217;av\u00eds immediat a les autoritats competents.<\/p>\n\n\n\n<p class=\"wp-block-paragraph\">L&#8217;alcalde d&#8217;Alboraig ha recalcat a tucomarca.com que ja s&#8217;estan &#8220;investigant les causes de l&#8217;abocament. Tant el Seprona com l&#8217;empresa adjudicat\u00e0ria del manteniment de la xarxa de clavegueram estan treballant per a determinar el seu origen i donar-li soluci\u00f3 al problema al m\u00e9s prompte possible\u201d, ha subratllat.<\/p>\n\n\n\n<p class=\"wp-block-paragraph\">Com a mesura preventiva, l&#8217;Ajuntament ha decidit suspendre temporalment les classes a l&#8217;escola infantil municipal, ja que el centre educatiu es troba dins del radi d&#8217;acci\u00f3 on s&#8217;ha detectat l&#8217;abocament. Aix\u00ed mateix, des del consistori s&#8217;ha recomanat als ve\u00efns afectats ventilar els seus habitatges.<\/p>\n\n\n\n<p class=\"wp-block-paragraph\">L&#8217;alcalde ha afegit que les pluges registrades en les \u00faltimes hores &#8220;han contribu\u00eft a reduir notablement tant l&#8217;olor com els possibles efectes de l&#8217;abocament, encara que de moment encara no s&#8217;ha pogut determinar la seua proced\u00e8ncia. Precisament per precauci\u00f3 i per a evitar mol\u00e8sties als menors s&#8217;ha optat per tancar la guarderia municipal fins a aclarir la situaci\u00f3\u201d, en paraules de Jes\u00fas Hig\u00f3n.<\/p>\n\n\n\n<p class=\"wp-block-paragraph\"><strong>El PSPV-PSOE exigeix &#8220;accions immediates i contundents&#8221;<\/strong><\/p>\n\n\n\n<p class=\"wp-block-paragraph\">Per part seua, el portaveu del grup municipal del PSPV-PSOE a l&#8217;Ajuntament d&#8217;Alboraig, Vicente Darder, ha presentat una sol\u00b7licitud per registre d&#8217;entrada en la qual exigeix &#8220;explicacions i accions immediates i contundents per a protegir la salut p\u00fablica dels ve\u00efns i ve\u00efnes de la localitat&#8221;.<\/p>\n\n\n\n<p class=\"wp-block-paragraph\">En el seu registre d&#8217;entrada, el PSPV-PSOE sol\u00b7licita &#8220;explicacions detallades i exhaustives sobre les causes dels abocaments de dissolvents en els desguassos de la poblaci\u00f3 i les mesures adoptades fins al moment per a solucionar-los. Transpar\u00e8ncia total i absoluta en la investigaci\u00f3 i en la comunicaci\u00f3 p\u00fablica dels seus resultats. Una investigaci\u00f3 exhaustiva i rigorosa que permeta determinar responsabilitats i adoptar mesures efectives que eviten futurs incidents&#8221;.<\/p>\n\n\n\n<p class=\"wp-block-paragraph\">El PSPV-PSOE considera que es tracta &#8220;d&#8217;una situaci\u00f3 d&#8217;extrema urg\u00e8ncia, ja que no \u00e9s el primer incident d&#8217;aquest tipus a Alboraig i suposa un risc greu i imminent per a la poblaci\u00f3, especialment per als xiquets i xiquetes de l&#8217;escola infantil, que han vist com les seues classes han sigut suspeses per segona vegada per la mateixa causa&#8221;.<\/p>\n","protected":false},"excerpt":{"rendered":"<div class=\"mh-excerpt\">L&#8217;Ajuntament d&#8217;Alboraig ha informat de la detecci\u00f3 d&#8217;un abocament contaminant en la xarxa general de desguassos del municipi, &#8220;un incident a\u00efllat que ha generat mol\u00e8sties entre alguns ve\u00efns i que ja est\u00e0 en vies de <a class=\"mh-excerpt-more\" href=\"https:\/\/tucomarca.whitekongsoftware.com\/ca\/lajuntament-dalboraig-i-el-seprona-investiguen-laparicio-dun-abocament-contaminant-en-el-clavegueram-de-la-localitat\/\" title=\"L&#8217;Ajuntament d&#8217;Alboraig i el Seprona investiguen l&#8217;aparici\u00f3 d&#8217;un abocament contaminant en el clavegueram de la localitat\">[+] <\/a><\/div>\n","protected":false},"author":12,"featured_media":291239,"comment_status":"closed","ping_status":"open","sticky":false,"template":"","format":"standard","meta":{"footnotes":""},"categories":[10973,10898,10894,10912,10903,10947,10896,10897],"tags":[11224,10914],"class_list":["post-294997","post","type-post","status-publish","format-standard","has-post-thumbnail","category-alborache-ca","category-ventana-ca","category-la-comarca-ca","category-la-hoya-ca","category-medio-ambiente-la-comarca-ca","category-politica","category-seccion-ca","category-sucesos-la-comarca-ca","tag-alborache-ca","tag-la-hoya-de-bunol-chiva-ca"],"_links":{"self":[{"href":"https:\/\/tucomarca.whitekongsoftware.com\/ca\/wp-json\/wp\/v2\/posts\/294997","targetHints":{"allow":["GET"]}}],"collection":[{"href":"https:\/\/tucomarca.whitekongsoftware.com\/ca\/wp-json\/wp\/v2\/posts"}],"about":[{"href":"https:\/\/tucomarca.whitekongsoftware.com\/ca\/wp-json\/wp\/v2\/types\/post"}],"author":[{"embeddable":true,"href":"https:\/\/tucomarca.whitekongsoftware.com\/ca\/wp-json\/wp\/v2\/users\/12"}],"replies":[{"embeddable":true,"href":"https:\/\/tucomarca.whitekongsoftware.com\/ca\/wp-json\/wp\/v2\/comments?post=294997"}],"version-history":[{"count":0,"href":"https:\/\/tucomarca.whitekongsoftware.com\/ca\/wp-json\/wp\/v2\/posts\/294997\/revisions"}],"wp:featuredmedia":[{"embeddable":true,"href":"https:\/\/tucomarca.whitekongsoftware.com\/ca\/wp-json\/wp\/v2\/media\/291239"}],"wp:attachment":[{"href":"https:\/\/tucomarca.whitekongsoftware.com\/ca\/wp-json\/wp\/v2\/media?parent=294997"}],"wp:term":[{"taxonomy":"category","embeddable":true,"href":"https:\/\/tucomarca.whitekongsoftware.com\/ca\/wp-json\/wp\/v2\/categories?post=294997"},{"taxonomy":"post_tag","embeddable":true,"href":"https:\/\/tucomarca.whitekongsoftware.com\/ca\/wp-json\/wp\/v2\/tags?post=294997"}],"curies":[{"name":"wp","href":"https:\/\/api.w.org\/{rel}","templated":true}]}}