{"id":294879,"date":"2026-03-05T10:40:00","date_gmt":"2026-03-05T09:40:00","guid":{"rendered":"https:\/\/www.tucomarca.com\/wordpress\/segunda\/?p=294879"},"modified":"2026-03-05T23:17:00","modified_gmt":"2026-03-05T22:17:00","slug":"la-generalitat-pone-en-servicio-el-puente-de-la-loma-en-loriguilla-y-culmina-la-reparacion-de-instalaciones-arrasadas-por-la-dana-sobre-el-barranco-del-pozalet","status":"publish","type":"post","link":"https:\/\/tucomarca.whitekongsoftware.com\/ca\/la-generalitat-pone-en-servicio-el-puente-de-la-loma-en-loriguilla-y-culmina-la-reparacion-de-instalaciones-arrasadas-por-la-dana-sobre-el-barranco-del-pozalet\/","title":{"rendered":"La Generalitat posa en servei el pont de la Lloma a Loriguilla i culmina la reparaci\u00f3 d&#8217;instal\u00b7lacions arrasades per la dana sobre el barranc del Pozalet"},"content":{"rendered":"\n<h3 class=\"wp-block-heading\">El pont reconstru\u00eft augmenta ampl\u00e0ria respecte a l&#8217;anterior i incorpora criteris de resili\u00e8ncia dins del pla d&#8217;ajuda als ajuntaments per a recuperar infraestructures locals.<\/h3>\n\n\n\n<h3 class=\"wp-block-heading\">El comissionat per a la Recuperaci\u00f3 visita el segon viaducte reconstru\u00eft en el municipi i que substitueix al pont militar que es va instal\u00b7lar per a donar servei de manera provisional.<\/h3>\n\n\n\n<p class=\"wp-block-paragraph\">La Generalitat ha posat en servei el pont de la Lloma a Loriguilla, una actuaci\u00f3 que, sumada a la reparaci\u00f3 del pont que connecta el nucli urb\u00e0 de la localitat amb l&#8217;estaci\u00f3 de Renfe i el pol\u00edgon de la REVA realitzada l&#8217;agost passat, suposa la culminaci\u00f3 dels treballs de reconstrucci\u00f3 que duia a terme la Generalitat al llarg del barranc del Pozalet al seu pas pel municipi.<\/p>\n\n\n\n<p class=\"wp-block-paragraph\">El comissionat per a la Recuperaci\u00f3, Ra\u00fal M\u00e8rida, ha visitat les obres, al costat de la directora general d&#8217;Infraestructures de Transport Terrestre, Mar\u00eda Jos\u00e9 Mart\u00ednez, i la directora general de Recuperaci\u00f3, Sandra Castillo, aix\u00ed com diferents representants municipals.<\/p>\n\n\n\n<p class=\"wp-block-paragraph\">M\u00e8rida ha posat en valor que es marca \u201cuna fita en el proc\u00e9s de recuperaci\u00f3 de la localitat\u201d que torna tindre connexi\u00f3 a banda i banda del llit del barranc del Pozalet i que recupera els serveis perduts amb el temporal.<\/p>\n\n\n\n<p class=\"wp-block-paragraph\">El 29 d&#8217;octubre de 2024, el barranc del Pozalet es va desbordar i els dos ponts que el travessen al seu pas per Loriguilla van ser molt afectats per la for\u00e7a de l&#8217;aigua. El de la Lloma va quedar arrasat i el de l&#8217;estaci\u00f3 de Renfe molt afectat.<\/p>\n\n\n\n<p class=\"wp-block-paragraph\">la Generalitat ha destinat 3,5 milions a recuperar aquests dos viaductes en el marc del Pla Endavant. Aix\u00ed mateix, tamb\u00e9 s&#8217;ha actuat en el tram entre els dos ponts que voreja el municipi, instal\u00b7lant baranes i executant tasques de neteja i de retirada d&#8217;enderrocs.<\/p>\n\n\n\n<p class=\"wp-block-paragraph\">Ra\u00fal M\u00e8rida ha assenyalat que el pont de la Lloma que es posa aquest dijous en servei \u201cpermet la connexi\u00f3 entre el nucli urb\u00e0 i una zona on es concentra una part significativa dels terrenys agr\u00edcoles del municipi, per la qual cosa resulta clau per a la mobilitat local\u201d.<\/p>\n\n\n\n<p class=\"wp-block-paragraph\">El comissionat ha explicat que \u201ca mesura que es va culminant la reconstrucci\u00f3 d&#8217;infraestructures b\u00e0siques, entrem en una nova fase de la recuperaci\u00f3 en la qual impulsarem actuacions de millora de la seguretat i de la prevenci\u00f3\u201d.<\/p>\n\n\n\n<p class=\"wp-block-paragraph\">\u201cSom conscients que encara queden pendents grans infraestructures que requereixen terminis d&#8217;execuci\u00f3 m\u00e9s llargs, com pot ser la construcci\u00f3 de col\u00b7legis que alguns casos s&#8217;han hagut de derruir i tornar a al\u00e7ar de zero, per\u00f2 moltes de les infraestructures vi\u00e0ries i de comunicaci\u00f3 ja estan finalitzades, la qual cosa ens permet centrar esfor\u00e7os en nous projectes de prevenci\u00f3\u201d, ha apuntat M\u00e8rida.<\/p>\n\n\n\n<p class=\"wp-block-paragraph\"><strong>Pont de la Lloma<\/strong><\/p>\n\n\n\n<p class=\"wp-block-paragraph\">El pont de la Lloma que s&#8217;ha obert substitueix al pont militar que es va instal\u00b7lar de manera provisional per a donar servei al municipi despr\u00e9s de quedar l&#8217;original arrasat per l&#8217;aigua.<\/p>\n\n\n\n<p class=\"wp-block-paragraph\">Al respecte, Mar\u00eda Jos\u00e9 Mart\u00ednez ha destacat la \u201cceleritat\u201d amb qu\u00e8 s&#8217;ha dut a terme l&#8217;obra, \u201ca penes nou mesos despr\u00e9s del desmuntatge del pont militar provisional ja est\u00e0 en servei el nou pont\u201d.&nbsp;<\/p>\n\n\n\n<p class=\"wp-block-paragraph\">La infraestructura ha sigut reconstru\u00efda amb criteris m\u00e9s segurs i resilients. Per a aix\u00f2 s&#8217;ha augmentat la secci\u00f3 hidr\u00e0ulica que passa d&#8217;un ample lliure de 9,40 metres a 13,70 metres. Tamb\u00e9 s&#8217;ha incrementat el calat, assegurant-se un m\u00ednim de 2,85 metres en tota la secci\u00f3, enfront dels poc m\u00e9s de 2,50 metres que s&#8217;aconseguien anteriorment en alguns punts.<\/p>\n\n\n\n<p class=\"wp-block-paragraph\">Aix\u00ed mateix, s&#8217;ha ampliat l&#8217;ample del pont en un metre, la qual cosa permet disposar d&#8217;una cal\u00e7ada amb dos carrils de tres metres cadascun i un pas per als vianants lateral.<\/p>\n\n\n\n<p class=\"wp-block-paragraph\"><strong>Pla Endavant<\/strong><\/p>\n\n\n\n<p class=\"wp-block-paragraph\">L&#8217;execuci\u00f3 d&#8217;aquesta iniciativa s&#8217;emmarca en el Pla Endavant de Recuperaci\u00f3 que contempla 343 mesures per a impulsar la reconstrucci\u00f3 de la Comunitat Valenciana despr\u00e9s de la riuada.<\/p>\n\n\n\n<p class=\"wp-block-paragraph\">En el marc d&#8217;aquest pla, la Generalitat va assumir la reparaci\u00f3 d&#8217;infraestructures de titularitat municipal davant la impossibilitat dels ajuntaments de dur-les a terme per motius econ\u00f2mics i davant la urg\u00e8ncia que presentaven. Es tracta de 60 obres per import de 50 milions, que s&#8217;estan desenvolupant en una vintena de municipis, entre les quals s&#8217;inclouen la reconstrucci\u00f3 d&#8217;aquests dos ponts a Loriguilla. S&#8217;estima que la totalitat de les obres estiguen finalitzades abans del pr\u00f2xim estiu.<\/p>\n\n\n\n<p class=\"wp-block-paragraph\"><\/p>\n\n\n\n<figure class=\"wp-block-image size-large\"><img loading=\"lazy\" decoding=\"async\" width=\"1024\" height=\"768\" src=\"https:\/\/www.tucomarca.com\/wordpress\/segunda\/wp-content\/uploads\/2026\/03\/GVApuenteLoriguillaDana2-1024x768.jpeg\" alt=\"\" class=\"wp-image-294876\" srcset=\"https:\/\/tucomarca.whitekongsoftware.com\/wp-content\/uploads\/2026\/03\/GVApuenteLoriguillaDana2-1024x768.jpeg 1024w, https:\/\/tucomarca.whitekongsoftware.com\/wp-content\/uploads\/2026\/03\/GVApuenteLoriguillaDana2-300x225.jpeg 300w, https:\/\/tucomarca.whitekongsoftware.com\/wp-content\/uploads\/2026\/03\/GVApuenteLoriguillaDana2-768x576.jpeg 768w, https:\/\/tucomarca.whitekongsoftware.com\/wp-content\/uploads\/2026\/03\/GVApuenteLoriguillaDana2-1536x1152.jpeg 1536w, https:\/\/tucomarca.whitekongsoftware.com\/wp-content\/uploads\/2026\/03\/GVApuenteLoriguillaDana2-678x509.jpeg 678w, https:\/\/tucomarca.whitekongsoftware.com\/wp-content\/uploads\/2026\/03\/GVApuenteLoriguillaDana2-326x245.jpeg 326w, https:\/\/tucomarca.whitekongsoftware.com\/wp-content\/uploads\/2026\/03\/GVApuenteLoriguillaDana2-80x60.jpeg 80w, https:\/\/tucomarca.whitekongsoftware.com\/wp-content\/uploads\/2026\/03\/GVApuenteLoriguillaDana2.jpeg 2000w\" sizes=\"auto, (max-width: 1024px) 100vw, 1024px\" \/><\/figure>\n","protected":false},"excerpt":{"rendered":"<div class=\"mh-excerpt\">El pont reconstru\u00eft augmenta ampl\u00e0ria respecte a l&#8217;anterior i incorpora criteris de resili\u00e8ncia dins del pla d&#8217;ajuda als ajuntaments per a recuperar infraestructures locals. El comissionat per a la Recuperaci\u00f3 visita el segon viaducte reconstru\u00eft <a class=\"mh-excerpt-more\" href=\"https:\/\/tucomarca.whitekongsoftware.com\/ca\/la-generalitat-pone-en-servicio-el-puente-de-la-loma-en-loriguilla-y-culmina-la-reparacion-de-instalaciones-arrasadas-por-la-dana-sobre-el-barranco-del-pozalet\/\" title=\"La Generalitat posa en servei el pont de la Lloma a Loriguilla i culmina la reparaci\u00f3 d&#8217;instal\u00b7lacions arrasades per la dana sobre el barranc del Pozalet\">[+] <\/a><\/div>\n","protected":false},"author":1,"featured_media":294875,"comment_status":"closed","ping_status":"open","sticky":false,"template":"","format":"standard","meta":{"footnotes":""},"categories":[10892,21466,10898,10948,10894,10904,10931,10903,10947,10896,10897],"tags":[10899,15409,11498,11431,12166],"class_list":["post-294879","post","type-post","status-publish","format-standard","has-post-thumbnail","category-camp-de-turia-ca","category-dana-ca","category-ventana-ca","category-infraestructuras-ca","category-la-comarca-ca","category-sin-categorizar-ca","category-loriguilla-ca","category-medio-ambiente-la-comarca-ca","category-politica","category-seccion-ca","category-sucesos-la-comarca-ca","tag-camp-de-turia-ca","tag-dana-2-ca","tag-generalitat-valenciana-ca","tag-loriguilla-ca","tag-medio-ambiente-ca"],"_links":{"self":[{"href":"https:\/\/tucomarca.whitekongsoftware.com\/ca\/wp-json\/wp\/v2\/posts\/294879","targetHints":{"allow":["GET"]}}],"collection":[{"href":"https:\/\/tucomarca.whitekongsoftware.com\/ca\/wp-json\/wp\/v2\/posts"}],"about":[{"href":"https:\/\/tucomarca.whitekongsoftware.com\/ca\/wp-json\/wp\/v2\/types\/post"}],"author":[{"embeddable":true,"href":"https:\/\/tucomarca.whitekongsoftware.com\/ca\/wp-json\/wp\/v2\/users\/1"}],"replies":[{"embeddable":true,"href":"https:\/\/tucomarca.whitekongsoftware.com\/ca\/wp-json\/wp\/v2\/comments?post=294879"}],"version-history":[{"count":0,"href":"https:\/\/tucomarca.whitekongsoftware.com\/ca\/wp-json\/wp\/v2\/posts\/294879\/revisions"}],"wp:featuredmedia":[{"embeddable":true,"href":"https:\/\/tucomarca.whitekongsoftware.com\/ca\/wp-json\/wp\/v2\/media\/294875"}],"wp:attachment":[{"href":"https:\/\/tucomarca.whitekongsoftware.com\/ca\/wp-json\/wp\/v2\/media?parent=294879"}],"wp:term":[{"taxonomy":"category","embeddable":true,"href":"https:\/\/tucomarca.whitekongsoftware.com\/ca\/wp-json\/wp\/v2\/categories?post=294879"},{"taxonomy":"post_tag","embeddable":true,"href":"https:\/\/tucomarca.whitekongsoftware.com\/ca\/wp-json\/wp\/v2\/tags?post=294879"}],"curies":[{"name":"wp","href":"https:\/\/api.w.org\/{rel}","templated":true}]}}