{"id":294845,"date":"2026-03-05T09:05:00","date_gmt":"2026-03-05T08:05:00","guid":{"rendered":"https:\/\/www.tucomarca.com\/wordpress\/segunda\/?p=294845"},"modified":"2026-03-05T23:27:50","modified_gmt":"2026-03-05T22:27:50","slug":"godelleta-viu-els-seus-dies-grans-de-falles","status":"publish","type":"post","link":"https:\/\/tucomarca.whitekongsoftware.com\/ca\/godelleta-viu-els-seus-dies-grans-de-falles\/","title":{"rendered":"Godelleta viu els seus dies grans de Falles"},"content":{"rendered":"\n<p class=\"wp-block-paragraph\">La localitat de Godelleta celebrar\u00e0 la seua <strong>Setmana Fallera<\/strong> del <strong>4 al 8 de mar\u00e7<\/strong> amb una programaci\u00f3 que combinar\u00e0 tradici\u00f3, m\u00fasica, pirot\u00e8cnia i actes religiosos en honor a Sant Josep. Durant cinc dies, ve\u00efns i visitants podran gaudir d\u2019activitats per a tots els p\u00fablics dins del programa <strong>\u201cGodelleta viu les Falles\u201d<\/strong>.<\/p>\n\n\n<div class=\"wp-block-image\">\n<figure class=\"alignleft size-large is-resized\"><img loading=\"lazy\" decoding=\"async\" width=\"819\" height=\"1024\" src=\"https:\/\/www.tucomarca.com\/wordpress\/segunda\/wp-content\/uploads\/2026\/03\/FallaGodelleta-819x1024.jpg\" alt=\"\" class=\"wp-image-294840\" style=\"width:414px;height:auto\" srcset=\"https:\/\/tucomarca.whitekongsoftware.com\/wp-content\/uploads\/2026\/03\/FallaGodelleta-819x1024.jpg 819w, https:\/\/tucomarca.whitekongsoftware.com\/wp-content\/uploads\/2026\/03\/FallaGodelleta-240x300.jpg 240w, https:\/\/tucomarca.whitekongsoftware.com\/wp-content\/uploads\/2026\/03\/FallaGodelleta-768x960.jpg 768w, https:\/\/tucomarca.whitekongsoftware.com\/wp-content\/uploads\/2026\/03\/FallaGodelleta.jpg 1080w\" sizes=\"auto, (max-width: 819px) 100vw, 819px\" \/><\/figure>\n<\/div>\n\n\n<p class=\"wp-block-paragraph\">Els actes comen\u00e7aran el <strong>4 de mar\u00e7<\/strong> amb un dels moments m\u00e9s esperats de la festa: la <strong>plant\u00e0 dels monuments fallers<\/strong>, prevista a les 18.00 hores. La jornada continuar\u00e0 a la nit, a les 23.00 hores, amb un <strong>espectacle de m\u00e0gia<\/strong> que donar\u00e0 inici a les celebracions nocturnes.<\/p>\n\n\n\n<p class=\"wp-block-paragraph\">El <strong>5 de mar\u00e7<\/strong> la programaci\u00f3 estar\u00e0 centrada en l\u2019ambient festiu amb una <strong>nit de playbacks i remember<\/strong> a partir de les 23.00 hores, una proposta pensada per a animar la participaci\u00f3 del p\u00fablic.<\/p>\n\n\n\n<p class=\"wp-block-paragraph\">El <strong>6 de mar\u00e7<\/strong> comen\u00e7ar\u00e0 amb una <strong>globot\u00e0<\/strong> a les 14.00 hores i, de vesprada, tindr\u00e0 lloc la <strong>concentraci\u00f3 per al passacarrer pel municipi<\/strong> a les 18.00 hores. La festa continuar\u00e0 de matinada amb l\u2019actuaci\u00f3 de l\u2019<strong>Orquestra Scream<\/strong>, de Montecarlo Representaciones, junt amb activitats per als m\u00e9s menuts al parc infantil.<\/p>\n\n\n\n<p class=\"wp-block-paragraph\">Un dels actes m\u00e9s emotius arribar\u00e0 el <strong>7 de mar\u00e7<\/strong>, quan a les 19.00 hores se celebrar\u00e0 l\u2019<strong>ofrena floral a la Mare de D\u00e9u dels Desemparats<\/strong>, patrona de Val\u00e8ncia. La jornada finalitzar\u00e0 a mitjanit amb l\u2019<strong>espectacle musical de l\u2019Orquestra M\u00f3naco<\/strong>, acompanyat novament de parc infantil.<\/p>\n\n\n\n<p class=\"wp-block-paragraph\">Les festes conclouran el <strong>8 de mar\u00e7<\/strong> amb una <strong>missa solemne en honor a Sant Josep<\/strong> a les 12.00 hores, seguida d\u2019un passacarrer. A les 14.00 hores tindr\u00e0 lloc una <strong>gran masclet\u00e0<\/strong> disparada per Pirotecnia Reyes Mart\u00ed, un dels moments m\u00e9s esperats pels aficionats a la p\u00f3lvora. Finalment, a les 21.30 hores se celebrar\u00e0 la <strong>crem\u00e0 dels monuments fallers<\/strong>, posant el punt final a la Setmana Fallera.<\/p>\n\n\n\n<p class=\"wp-block-paragraph\">Amb aquesta programaci\u00f3, Godelleta tornar\u00e0 a sumar-se a la tradici\u00f3 fallera valenciana amb diversos dies de conviv\u00e8ncia, m\u00fasica i cultura popular, en qu\u00e8 la festa i la participaci\u00f3 ve\u00efnal seran les grans protagonistes.<\/p>\n","protected":false},"excerpt":{"rendered":"<div class=\"mh-excerpt\">La localitat de Godelleta celebrar\u00e0 la seua Setmana Fallera del 4 al 8 de mar\u00e7 amb una programaci\u00f3 que combinar\u00e0 tradici\u00f3, m\u00fasica, pirot\u00e8cnia i actes religiosos en honor a Sant Josep. Durant cinc dies, ve\u00efns <a class=\"mh-excerpt-more\" href=\"https:\/\/tucomarca.whitekongsoftware.com\/ca\/godelleta-viu-els-seus-dies-grans-de-falles\/\" title=\"Godelleta viu els seus dies grans de Falles\">[+] <\/a><\/div>\n","protected":false},"author":12,"featured_media":294843,"comment_status":"closed","ping_status":"open","sticky":false,"template":"","format":"standard","meta":{"footnotes":""},"categories":[11019,10911,10894,10912,11007,10896],"tags":[23199,11087,10914],"class_list":["post-294845","post","type-post","status-publish","format-standard","has-post-thumbnail","category-agenda-ca","category-bunol-ca","category-la-comarca-ca","category-la-hoya-ca","category-ocio-y-cultura-ca","category-seccion-ca","tag-fallas-2026-ca","tag-godelleta-ca","tag-la-hoya-de-bunol-chiva-ca"],"_links":{"self":[{"href":"https:\/\/tucomarca.whitekongsoftware.com\/ca\/wp-json\/wp\/v2\/posts\/294845","targetHints":{"allow":["GET"]}}],"collection":[{"href":"https:\/\/tucomarca.whitekongsoftware.com\/ca\/wp-json\/wp\/v2\/posts"}],"about":[{"href":"https:\/\/tucomarca.whitekongsoftware.com\/ca\/wp-json\/wp\/v2\/types\/post"}],"author":[{"embeddable":true,"href":"https:\/\/tucomarca.whitekongsoftware.com\/ca\/wp-json\/wp\/v2\/users\/12"}],"replies":[{"embeddable":true,"href":"https:\/\/tucomarca.whitekongsoftware.com\/ca\/wp-json\/wp\/v2\/comments?post=294845"}],"version-history":[{"count":0,"href":"https:\/\/tucomarca.whitekongsoftware.com\/ca\/wp-json\/wp\/v2\/posts\/294845\/revisions"}],"wp:featuredmedia":[{"embeddable":true,"href":"https:\/\/tucomarca.whitekongsoftware.com\/ca\/wp-json\/wp\/v2\/media\/294843"}],"wp:attachment":[{"href":"https:\/\/tucomarca.whitekongsoftware.com\/ca\/wp-json\/wp\/v2\/media?parent=294845"}],"wp:term":[{"taxonomy":"category","embeddable":true,"href":"https:\/\/tucomarca.whitekongsoftware.com\/ca\/wp-json\/wp\/v2\/categories?post=294845"},{"taxonomy":"post_tag","embeddable":true,"href":"https:\/\/tucomarca.whitekongsoftware.com\/ca\/wp-json\/wp\/v2\/tags?post=294845"}],"curies":[{"name":"wp","href":"https:\/\/api.w.org\/{rel}","templated":true}]}}