{"id":294586,"date":"2026-03-03T11:15:00","date_gmt":"2026-03-03T10:15:00","guid":{"rendered":"https:\/\/www.tucomarca.com\/wordpress\/segunda\/?p=294586"},"modified":"2026-03-03T21:54:02","modified_gmt":"2026-03-03T20:54:02","slug":"la-diputacio-de-valencia-ultima-les-obres-destabilitzacio-del-vessant-de-la-loma-de-san-cristobal-en-alpuente","status":"publish","type":"post","link":"https:\/\/tucomarca.whitekongsoftware.com\/ca\/la-diputacio-de-valencia-ultima-les-obres-destabilitzacio-del-vessant-de-la-loma-de-san-cristobal-en-alpuente\/","title":{"rendered":"La Diputaci\u00f3 de Val\u00e8ncia ultima les obres d&#8217;estabilitzaci\u00f3 del vessant de la &#8216;Loma de San Crist\u00f3bal&#8217; en Alpuente\u00a0"},"content":{"rendered":"\n<h3 class=\"wp-block-heading\">L&#8217;actuaci\u00f3, amb una inversi\u00f3 de 108.372,80 euros, refor\u00e7a la seguretat en una zona residencial situada a l&#8217;entorn del nucli urb\u00e0.<\/h3>\n\n\n\n<p class=\"wp-block-paragraph\">Dimarts 3 de marzo de 2026.- La Diputaci\u00f3 de Val\u00e8ncia est\u00e0 a punt de finalitzar les obres de millora de l&#8217;estabilitat davant riscos geol\u00f2gics en el vessant de la <em>Loma de San Crist\u00f3bal<\/em>, en el terme municipal d&#8217;Alpuente. La intervenci\u00f3, amb un pressupost de 108.372,80 euros, t\u00e9 com a objectiu minimitzar el risc de despreniments en una zona pr\u00f2xima a vivendes i espais habitats.<\/p>\n\n\n\n<p class=\"wp-block-paragraph\">Els treballs, coordinats per la secci\u00f3 de Riscos Geol\u00f2gics i Espais Degradats de la instituci\u00f3 provincial, han consistit en el sanejament de blocs rocosos inestables i en la instal\u00b7laci\u00f3 de diferents sistemes de contenci\u00f3 i protecci\u00f3 adaptats a la complexa orografia del terreny.&nbsp;<\/p>\n\n\n\n<p class=\"wp-block-paragraph\">En concret, s&#8217;han instal\u00b7lat diferents sistemes de protecci\u00f3 per a assegurar el vessant. D&#8217;una banda, s&#8217;han col\u00b7locat m\u00e9s de 360 metres de malles d&#8217;acer, ancorades al terreny, per a subjectar possibles despreniments. A m\u00e9s, s&#8217;ha instal\u00b7lat una barrera de protecci\u00f3 de 50 metres de llarg i 4 metres d&#8217;altura capa\u00e7 de frenar la caiguda de roques. Tamb\u00e9 s&#8217;han fragmentat dos grans blocs inestables mitjan\u00e7ant un sistema controlat que permet trencar la roca sense generar explosions.<\/p>\n\n\n\n<p class=\"wp-block-paragraph\">El diputat de Medi Ambient i president del Consorci Provincial de Bombers, Avelino Mascarell, ha destacat que \u201cesta intervenci\u00f3 respon a la voluntat de la Diputaci\u00f3 d&#8217;anticipar-se a situacions de risc i actuar de manera preventiva all\u00ed on existixen amenaces geol\u00f2giques que poden afectar la poblaci\u00f3\u201d. Mascarell ha subratllat que \u201cla seguretat dels ve\u00efns i ve\u00efnes \u00e9s una prioritat, especialment en municipis de l&#8217;interior on l&#8217;orografia condiciona el desenvolupament urb\u00e0 i requerix solucions t\u00e8cniques espec\u00edfiques\u201d<\/p>\n\n\n\n<p class=\"wp-block-paragraph\">Per part seua, l&#8217;alcaldessa d&#8217;Alpuente, Itziar M\u00e9ndez, ha assenyalat que \u201ces tracta d&#8217;una zona en la qual en els \u00faltims anys s&#8217;han instal\u00b7lat fam\u00edlies j\u00f3vens i existia una situaci\u00f3 de risc que era necessari solucionar\u201d. La primera edil ha agra\u00eft &#8220;tant la implicaci\u00f3 de la Diputaci\u00f3 per garantir la tranquil\u00b7litat i seguretat als ve\u00efns com a la pr\u00f2pia empresa que ha dut a terme l&#8217;obra per la professionalitat amb la qual ha treballat\u201d.<\/p>\n\n\n\n<p class=\"wp-block-paragraph\">En este sentit, Avelino Mascarell destaca que &#8220;les caracter\u00edstiques escarpades del vessant han requerit que l&#8217;actuaci\u00f3 siga executada per una empresa especialitzada en treballs en altura, la qual cosa ha perm\u00e9s intervindre amb precisi\u00f3 i seguretat en una zona de dif\u00edcil acc\u00e9s&#8221;.<\/p>\n\n\n\n<figure class=\"wp-block-gallery has-nested-images columns-default is-cropped wp-block-gallery-1 is-layout-flex wp-block-gallery-is-layout-flex\">\n<figure class=\"wp-block-image size-large\"><img loading=\"lazy\" decoding=\"async\" width=\"768\" height=\"1024\" data-id=\"294581\" src=\"https:\/\/www.tucomarca.com\/wordpress\/segunda\/wp-content\/uploads\/2026\/03\/alpuente2-768x1024.jpeg\" alt=\"\" class=\"wp-image-294581\" srcset=\"https:\/\/tucomarca.whitekongsoftware.com\/wp-content\/uploads\/2026\/03\/alpuente2-768x1024.jpeg 768w, https:\/\/tucomarca.whitekongsoftware.com\/wp-content\/uploads\/2026\/03\/alpuente2-225x300.jpeg 225w, https:\/\/tucomarca.whitekongsoftware.com\/wp-content\/uploads\/2026\/03\/alpuente2-1152x1536.jpeg 1152w, https:\/\/tucomarca.whitekongsoftware.com\/wp-content\/uploads\/2026\/03\/alpuente2.jpeg 1200w\" sizes=\"auto, (max-width: 768px) 100vw, 768px\" \/><\/figure>\n\n\n\n<figure class=\"wp-block-image size-large\"><img loading=\"lazy\" decoding=\"async\" width=\"1024\" height=\"1010\" data-id=\"294583\" src=\"https:\/\/www.tucomarca.com\/wordpress\/segunda\/wp-content\/uploads\/2026\/03\/visitaAlpuente-1024x1010.jpeg\" alt=\"\" class=\"wp-image-294583\" srcset=\"https:\/\/tucomarca.whitekongsoftware.com\/wp-content\/uploads\/2026\/03\/visitaAlpuente-1024x1010.jpeg 1024w, https:\/\/tucomarca.whitekongsoftware.com\/wp-content\/uploads\/2026\/03\/visitaAlpuente-300x296.jpeg 300w, https:\/\/tucomarca.whitekongsoftware.com\/wp-content\/uploads\/2026\/03\/visitaAlpuente-768x758.jpeg 768w, https:\/\/tucomarca.whitekongsoftware.com\/wp-content\/uploads\/2026\/03\/visitaAlpuente.jpeg 1200w\" sizes=\"auto, (max-width: 1024px) 100vw, 1024px\" \/><\/figure>\n<\/figure>\n","protected":false},"excerpt":{"rendered":"<div class=\"mh-excerpt\">L&#8217;actuaci\u00f3, amb una inversi\u00f3 de 108.372,80 euros, refor\u00e7a la seguretat en una zona residencial situada a l&#8217;entorn del nucli urb\u00e0. Dimarts 3 de marzo de 2026.- La Diputaci\u00f3 de Val\u00e8ncia est\u00e0 a punt de finalitzar <a class=\"mh-excerpt-more\" href=\"https:\/\/tucomarca.whitekongsoftware.com\/ca\/la-diputacio-de-valencia-ultima-les-obres-destabilitzacio-del-vessant-de-la-loma-de-san-cristobal-en-alpuente\/\" title=\"La Diputaci\u00f3 de Val\u00e8ncia ultima les obres d&#8217;estabilitzaci\u00f3 del vessant de la &#8216;Loma de San Crist\u00f3bal&#8217; en Alpuente\u00a0\">[+] <\/a><\/div>\n","protected":false},"author":12,"featured_media":294580,"comment_status":"closed","ping_status":"open","sticky":false,"template":"","format":"gallery","meta":{"footnotes":""},"categories":[11044,198,11046,10898,128,10948,8,10894,59,10903,142,10947,10896,3,10897,45],"tags":[11187,11246,11080],"class_list":["post-294586","post","type-post","status-publish","format-gallery","has-post-thumbnail","category-alpuente-ca","category-alpuente","category-los-serranos-ca","category-ventana-ca","category-infraestructuras","category-infraestructuras-ca","category-la-comarca","category-la-comarca-ca","category-los-serranos","category-medio-ambiente-la-comarca-ca","category-politica-la-comarca","category-politica","category-seccion-ca","category-seccion","category-sucesos-la-comarca-ca","category-ventana","tag-alpuente-ca","tag-diputacio-de-valencia-ca","tag-los-serranos-ca","post_format-post-format-gallery"],"_links":{"self":[{"href":"https:\/\/tucomarca.whitekongsoftware.com\/ca\/wp-json\/wp\/v2\/posts\/294586","targetHints":{"allow":["GET"]}}],"collection":[{"href":"https:\/\/tucomarca.whitekongsoftware.com\/ca\/wp-json\/wp\/v2\/posts"}],"about":[{"href":"https:\/\/tucomarca.whitekongsoftware.com\/ca\/wp-json\/wp\/v2\/types\/post"}],"author":[{"embeddable":true,"href":"https:\/\/tucomarca.whitekongsoftware.com\/ca\/wp-json\/wp\/v2\/users\/12"}],"replies":[{"embeddable":true,"href":"https:\/\/tucomarca.whitekongsoftware.com\/ca\/wp-json\/wp\/v2\/comments?post=294586"}],"version-history":[{"count":0,"href":"https:\/\/tucomarca.whitekongsoftware.com\/ca\/wp-json\/wp\/v2\/posts\/294586\/revisions"}],"wp:featuredmedia":[{"embeddable":true,"href":"https:\/\/tucomarca.whitekongsoftware.com\/ca\/wp-json\/wp\/v2\/media\/294580"}],"wp:attachment":[{"href":"https:\/\/tucomarca.whitekongsoftware.com\/ca\/wp-json\/wp\/v2\/media?parent=294586"}],"wp:term":[{"taxonomy":"category","embeddable":true,"href":"https:\/\/tucomarca.whitekongsoftware.com\/ca\/wp-json\/wp\/v2\/categories?post=294586"},{"taxonomy":"post_tag","embeddable":true,"href":"https:\/\/tucomarca.whitekongsoftware.com\/ca\/wp-json\/wp\/v2\/tags?post=294586"}],"curies":[{"name":"wp","href":"https:\/\/api.w.org\/{rel}","templated":true}]}}