{"id":294573,"date":"2026-03-03T11:30:00","date_gmt":"2026-03-03T10:30:00","guid":{"rendered":"https:\/\/www.tucomarca.com\/wordpress\/segunda\/?p=294573"},"modified":"2026-03-04T09:33:51","modified_gmt":"2026-03-04T08:33:51","slug":"la-generalitat-multiplica-per-cinc-la-longitud-del-nou-pont-del-charco-negro-a-sinarques-per-a-fer-lo-mes-resistent-enfront-de-les-riuades","status":"publish","type":"post","link":"https:\/\/tucomarca.whitekongsoftware.com\/ca\/la-generalitat-multiplica-per-cinc-la-longitud-del-nou-pont-del-charco-negro-a-sinarques-per-a-fer-lo-mes-resistent-enfront-de-les-riuades\/","title":{"rendered":"La Generalitat multiplica per cinc la longitud del nou pont del Charco Negro a Sinarques per a fer-lo m\u00e9s resistent enfront de les riuades"},"content":{"rendered":"\n<h3 class=\"wp-block-heading\">El comissionat per a la Recuperaci\u00f3&nbsp;visita les actuacions realitzades en la zona en el marc del Pla Endavant.<\/h3>\n\n\n\n<h3 class=\"wp-block-heading\">El pont del regrill\u00f3, que compta amb dues passarel\u00b7les per als vianants, es refor\u00e7a amb esculleres que frenen la velocitat de l&#8217;aigua i milloren la fonamentaci\u00f3.<\/h3>\n\n\n\n<p class=\"wp-block-paragraph\">La Generalitat ha multiplicat per cinc la longitud del nou pont del Charco Negro a Sinarques, en passar dels 6 metres que mesurava l&#8217;anterior pont\u00f3 als 30 metres de l&#8217;actual infraestructura. La modificaci\u00f3, motivada per l&#8217;eixamplament del llit del riu provocat per les riuades del passat 29 d&#8217;octubre de 2024, augmenta la resist\u00e8ncia del viaducte enfront de futures riuades.<\/p>\n\n\n\n<p class=\"wp-block-paragraph\">El comissionat per a la Recuperaci\u00f3, Ra\u00fal M\u00e8rida, ha visitat Sinarques per a comprovar l&#8217;estat de les noves infraestructures recuperades per la Generalitat, entre altres el pont del regrill\u00f3 i el del Charco Negro, al costat de l&#8217;alcaldessa de la localitat, Mar\u00eda Jos\u00e9 Clemente, i la directora general de Recuperaci\u00f3 i Reconstrucci\u00f3, Sandra Castillo.\u00a0<\/p>\n\n\n\n<p class=\"wp-block-paragraph\">Respecte al pont del regrill\u00f3, M\u00e8rida ha destacat que s&#8217;ha reconstru\u00eft \u201camb criteris de resili\u00e8ncia\u201d en incorporar una nova una base d&#8217;escullera per a garantir la seua fonamentaci\u00f3 i frenar la velocitat de l&#8217;aigua. El viaducte compta a m\u00e9s amb dues passarel\u00b7les per als vianants laterals.&nbsp;<\/p>\n\n\n\n<p class=\"wp-block-paragraph\">\u201cDes de la Generalitat continuem ajudant els consistoris a superar els efectes de la dana. En aquest cas, s&#8217;han reconstru\u00eft dos ponts que resulten clau per a garantir la connectivitat dels camins que enllacen diferents paratges del terme municipal, aix\u00ed com per a les tasques de prevenci\u00f3 d&#8217;incendis i fins i tot per a la recol\u00b7lecci\u00f3 del ra\u00efm\u201d, ha explicat Ra\u00fal M\u00e8rida.&nbsp;<\/p>\n\n\n\n<p class=\"wp-block-paragraph\">Les actuacions formen part del paquet d&#8217;obres de compet\u00e8ncia municipal que ha assumit la Generalitat davant la insufici\u00e8ncia de mitjans dels ajuntaments per a fer-se c\u00e0rrec d&#8217;elles i la urg\u00e8ncia per dur-les a terme.&nbsp;<\/p>\n\n\n\n<p class=\"wp-block-paragraph\">\u201cEs tracta de 60 obres per import de 50 milions que s&#8217;estan desenvolupant en una vintena de municipis afectats per la dana, entre altres Sinarques; i que tenen com a objectiu recuperar la funcionalitat d&#8217;infraestructures b\u00e0siques i garantir la seguretat i mobilitat dels ciutadans\u201d, ha assenyalat el comissionat.<\/p>\n\n\n\n<p class=\"wp-block-paragraph\">Aquestes actuacions s&#8217;emmarquen en el Pla Endavant, posat en marxa per la Generalitat per a donar resposta als danys ocasionats per les inundacions en la Comunitat Valenciana.<\/p>\n\n\n\n<figure class=\"wp-block-image size-large\"><img loading=\"lazy\" decoding=\"async\" width=\"1024\" height=\"771\" src=\"https:\/\/www.tucomarca.com\/wordpress\/segunda\/wp-content\/uploads\/2026\/03\/SinarcasCharcoNegro2-1024x771.jpeg\" alt=\"\" class=\"wp-image-294538\" srcset=\"https:\/\/tucomarca.whitekongsoftware.com\/wp-content\/uploads\/2026\/03\/SinarcasCharcoNegro2-1024x771.jpeg 1024w, https:\/\/tucomarca.whitekongsoftware.com\/wp-content\/uploads\/2026\/03\/SinarcasCharcoNegro2-300x226.jpeg 300w, https:\/\/tucomarca.whitekongsoftware.com\/wp-content\/uploads\/2026\/03\/SinarcasCharcoNegro2-768x578.jpeg 768w, https:\/\/tucomarca.whitekongsoftware.com\/wp-content\/uploads\/2026\/03\/SinarcasCharcoNegro2-1536x1156.jpeg 1536w, https:\/\/tucomarca.whitekongsoftware.com\/wp-content\/uploads\/2026\/03\/SinarcasCharcoNegro2-678x509.jpeg 678w, https:\/\/tucomarca.whitekongsoftware.com\/wp-content\/uploads\/2026\/03\/SinarcasCharcoNegro2-326x245.jpeg 326w, https:\/\/tucomarca.whitekongsoftware.com\/wp-content\/uploads\/2026\/03\/SinarcasCharcoNegro2-80x60.jpeg 80w, https:\/\/tucomarca.whitekongsoftware.com\/wp-content\/uploads\/2026\/03\/SinarcasCharcoNegro2.jpeg 1600w\" sizes=\"auto, (max-width: 1024px) 100vw, 1024px\" \/><\/figure>\n\n\n\n<p class=\"wp-block-paragraph\"><strong>Caracter\u00edstiques t\u00e8cniques<\/strong><\/p>\n\n\n\n<p class=\"wp-block-paragraph\">En el cas del pont del Charco Negro s&#8217;ha demolit el gual original i s&#8217;ha realitzat una estructura nova amb una longitud adaptada al nou llit. Aix\u00ed mateix, s&#8217;ha incorporat una escullera de protecci\u00f3 de talussos.<\/p>\n\n\n\n<p class=\"wp-block-paragraph\">L&#8217;actual pont ha quintuplicat la seua longitud i mesura quasi 30 metres, mentre que l&#8217;anterior a penes tenia un ample de 6 metres. Aix\u00f2 \u00e9s pel fet que durant la dana es va eixamplar el llit natural del riu pel soscavament lateral, l&#8217;erosi\u00f3 del tal\u00fas i la reconfiguraci\u00f3.<\/p>\n\n\n\n<p class=\"wp-block-paragraph\">Per part seua, en el pont en el pont del regrill\u00f3 s&#8217;ha realitzat una demolici\u00f3 parcial i s&#8217;han incorporat cinc nous marcs prefabricats de 4,0 x 2,5 metres per a augmentar l&#8217;estabilitat. Aquests marcs s&#8217;assenten sobre una base d&#8217;escullera per a garantir la seua fonamentaci\u00f3 i frenar la velocitat de l&#8217;aigua.<\/p>\n\n\n\n<p class=\"wp-block-paragraph\">El viaducte compta amb dues passarel\u00b7les per als vianants laterals i la dist\u00e0ncia entre els suports s&#8217;ha ampliat fins als 42 metres, la qual cosa suposa 10 metres m\u00e9s que els que tenia l&#8217;anterior estructura.<\/p>\n\n\n\n<figure class=\"wp-block-image size-large\"><img loading=\"lazy\" decoding=\"async\" width=\"1024\" height=\"768\" src=\"https:\/\/www.tucomarca.com\/wordpress\/segunda\/wp-content\/uploads\/2026\/03\/SinarcasCharcoNegro3-1024x768.jpeg\" alt=\"\" class=\"wp-image-294540\" srcset=\"https:\/\/tucomarca.whitekongsoftware.com\/wp-content\/uploads\/2026\/03\/SinarcasCharcoNegro3-1024x768.jpeg 1024w, https:\/\/tucomarca.whitekongsoftware.com\/wp-content\/uploads\/2026\/03\/SinarcasCharcoNegro3-300x225.jpeg 300w, https:\/\/tucomarca.whitekongsoftware.com\/wp-content\/uploads\/2026\/03\/SinarcasCharcoNegro3-768x576.jpeg 768w, https:\/\/tucomarca.whitekongsoftware.com\/wp-content\/uploads\/2026\/03\/SinarcasCharcoNegro3-1536x1152.jpeg 1536w, https:\/\/tucomarca.whitekongsoftware.com\/wp-content\/uploads\/2026\/03\/SinarcasCharcoNegro3-678x509.jpeg 678w, https:\/\/tucomarca.whitekongsoftware.com\/wp-content\/uploads\/2026\/03\/SinarcasCharcoNegro3-326x245.jpeg 326w, https:\/\/tucomarca.whitekongsoftware.com\/wp-content\/uploads\/2026\/03\/SinarcasCharcoNegro3-80x60.jpeg 80w, https:\/\/tucomarca.whitekongsoftware.com\/wp-content\/uploads\/2026\/03\/SinarcasCharcoNegro3.jpeg 1600w\" sizes=\"auto, (max-width: 1024px) 100vw, 1024px\" \/><\/figure>\n","protected":false},"excerpt":{"rendered":"<div class=\"mh-excerpt\">El comissionat per a la Recuperaci\u00f3&nbsp;visita les actuacions realitzades en la zona en el marc del Pla Endavant. El pont del regrill\u00f3, que compta amb dues passarel\u00b7les per als vianants, es refor\u00e7a amb esculleres que <a class=\"mh-excerpt-more\" href=\"https:\/\/tucomarca.whitekongsoftware.com\/ca\/la-generalitat-multiplica-per-cinc-la-longitud-del-nou-pont-del-charco-negro-a-sinarques-per-a-fer-lo-mes-resistent-enfront-de-les-riuades\/\" title=\"La Generalitat multiplica per cinc la longitud del nou pont del Charco Negro a Sinarques per a fer-lo m\u00e9s resistent enfront de les riuades\">[+] <\/a><\/div>\n","protected":false},"author":1,"featured_media":294537,"comment_status":"closed","ping_status":"open","sticky":false,"template":"","format":"standard","meta":{"footnotes":""},"categories":[21466,10898,10948,10894,10904,10903,10947,10909,10896,11058,10897],"tags":[11498,10910,11089],"class_list":["post-294573","post","type-post","status-publish","format-standard","has-post-thumbnail","category-dana-ca","category-ventana-ca","category-infraestructuras-ca","category-la-comarca-ca","category-sin-categorizar-ca","category-medio-ambiente-la-comarca-ca","category-politica","category-requena-utiel-ca","category-seccion-ca","category-sinarcas-ca","category-sucesos-la-comarca-ca","tag-generalitat-valenciana-ca","tag-requena-utiel-ca","tag-sinarcas-ca"],"_links":{"self":[{"href":"https:\/\/tucomarca.whitekongsoftware.com\/ca\/wp-json\/wp\/v2\/posts\/294573","targetHints":{"allow":["GET"]}}],"collection":[{"href":"https:\/\/tucomarca.whitekongsoftware.com\/ca\/wp-json\/wp\/v2\/posts"}],"about":[{"href":"https:\/\/tucomarca.whitekongsoftware.com\/ca\/wp-json\/wp\/v2\/types\/post"}],"author":[{"embeddable":true,"href":"https:\/\/tucomarca.whitekongsoftware.com\/ca\/wp-json\/wp\/v2\/users\/1"}],"replies":[{"embeddable":true,"href":"https:\/\/tucomarca.whitekongsoftware.com\/ca\/wp-json\/wp\/v2\/comments?post=294573"}],"version-history":[{"count":0,"href":"https:\/\/tucomarca.whitekongsoftware.com\/ca\/wp-json\/wp\/v2\/posts\/294573\/revisions"}],"wp:featuredmedia":[{"embeddable":true,"href":"https:\/\/tucomarca.whitekongsoftware.com\/ca\/wp-json\/wp\/v2\/media\/294537"}],"wp:attachment":[{"href":"https:\/\/tucomarca.whitekongsoftware.com\/ca\/wp-json\/wp\/v2\/media?parent=294573"}],"wp:term":[{"taxonomy":"category","embeddable":true,"href":"https:\/\/tucomarca.whitekongsoftware.com\/ca\/wp-json\/wp\/v2\/categories?post=294573"},{"taxonomy":"post_tag","embeddable":true,"href":"https:\/\/tucomarca.whitekongsoftware.com\/ca\/wp-json\/wp\/v2\/tags?post=294573"}],"curies":[{"name":"wp","href":"https:\/\/api.w.org\/{rel}","templated":true}]}}