{"id":294567,"date":"2026-03-03T09:30:00","date_gmt":"2026-03-03T08:30:00","guid":{"rendered":"https:\/\/www.tucomarca.com\/wordpress\/segunda\/?p=294567"},"modified":"2026-03-04T19:06:02","modified_gmt":"2026-03-04T18:06:02","slug":"exit-rotund-de-participacio-en-les-i-jornades-municipals-de-prevencio-i-promocio-de-la-salut-mental-de-xest","status":"publish","type":"post","link":"https:\/\/tucomarca.whitekongsoftware.com\/ca\/exit-rotund-de-participacio-en-les-i-jornades-municipals-de-prevencio-i-promocio-de-la-salut-mental-de-xest\/","title":{"rendered":"\u00c8xit rotund de participaci\u00f3 en les I Jornades Municipals de Prevenci\u00f3 i Promoci\u00f3 de la Salut Mental de Xest"},"content":{"rendered":"\n<h3 class=\"wp-block-heading\">Els experts alerten sobre l&#8217;estigma social i preveuen que la salut mental siga la primera causa de discapacitat en 2030.<\/h3>\n\n\n\n<h3 class=\"wp-block-heading\">L&#8217;\u00e8xit de les jornades va obligar a modificar el seu lloc de celebraci\u00f3 i dur-les a terme en el Teatre Liceu.<\/h3>\n\n\n\n<p class=\"wp-block-paragraph\">Les I Jornades Municipals de Prevenci\u00f3 i Promoci\u00f3 de la Salut Mental van comen\u00e7ar a Xest amb una gran participaci\u00f3, que va obligar a buscar un espai alternatiu a l&#8217;originalment previst. Finalment, m\u00e9s d&#8217;un centenar de persones es van donar cita en el Teatre Liceu per a assistir durant la vesprada del divendres i el mat\u00ed del dissabte a les activitats programades.<br>M\u00aa \u00c1ngeles Llorente, regidora de Salut i tinenta d&#8217;alcalde, va ser la responsable de l&#8217;obertura de les jornades. \u201cEls qui hem programat aquestes jornades creiem fermament que la prevenci\u00f3 \u00e9s el millor cam\u00ed. No n&#8217;hi ha prou amb intervindre quan el malestar apareix; hem de crear entorns que afavorisquen l&#8217;equilibri emocional en el dia a dia. Aquestes jornades es realitzar per a visibilitzar una l\u00ednia de treball continuada, iniciada fa tres anys, que aposta per la prevenci\u00f3, l&#8217;acompanyament i la creaci\u00f3 de vincles comunitaris saludables\u201d, declarava. \u201c S\u00f3n unes jornades concebudes com a espai de trobada entre coneixement i experi\u00e8ncia\u201d.<br>Ausi\u00e0s Cebolla i Mart\u00ed, catedr\u00e0tic de Psicologia de la Universitat de Val\u00e8ncia, va obrir el programa amb la confer\u00e8ncia \u201cEl cultiu de la felicitat a trav\u00e9s de la meditaci\u00f3\u201d.\u2028El conferenciant basant-se en estudis cient\u00edfics de gran import\u00e0ncia convide a les persones assistents a mirar cap a dins per a descobrir el que realment ens fa sentir b\u00e9, a entrenar l&#8217;atenci\u00f3 i el pensament i a desenvolupar pr\u00e0ctiques que ens permeten viure amb plenitud . Ausi\u00e0s Cebolla va subratllar que \u201cla nostra felicitat dep\u00e9n de la dels altres i va sostindre que \u201c\u00e9s cultivable perqu\u00e8 es poden entrenar les virtuts que la sostenen\u201d, que, al seu judici, s\u00f3n entre altres \u201cla perspectiva per a observar el m\u00f3n de manera complexa, la compassi\u00f3 per a desitjar el b\u00e9 als altres, l&#8217;espiritualitat\u2014siga religiosa o laica\u2014, la gratitud i el perd\u00f3\u201d.<br>Despr\u00e9s de la confer\u00e8ncia d&#8217;Ausi\u00e0s Cebolla, \u00c1ngeles Chuli\u00e1 va conduir una experi\u00e8ncia de meditaci\u00f3 participativa en la qual va prendre part tot el p\u00fablic, mitjan\u00e7ant diferents exercicis que van afavorir una connexi\u00f3 tant f\u00edsica com espiritual.<\/p>\n\n\n\n<figure class=\"wp-block-gallery has-nested-images columns-2 is-cropped wp-block-gallery-1 is-layout-flex wp-block-gallery-is-layout-flex\">\n<figure class=\"wp-block-image size-large\"><img loading=\"lazy\" decoding=\"async\" width=\"1024\" height=\"691\" data-id=\"294564\" src=\"https:\/\/www.tucomarca.com\/wordpress\/segunda\/wp-content\/uploads\/2026\/03\/ChesteSaludMental5-1024x691.jpg\" alt=\"\" class=\"wp-image-294564\" srcset=\"https:\/\/tucomarca.whitekongsoftware.com\/wp-content\/uploads\/2026\/03\/ChesteSaludMental5-1024x691.jpg 1024w, https:\/\/tucomarca.whitekongsoftware.com\/wp-content\/uploads\/2026\/03\/ChesteSaludMental5-300x202.jpg 300w, https:\/\/tucomarca.whitekongsoftware.com\/wp-content\/uploads\/2026\/03\/ChesteSaludMental5-768x518.jpg 768w, https:\/\/tucomarca.whitekongsoftware.com\/wp-content\/uploads\/2026\/03\/ChesteSaludMental5.jpg 1181w\" sizes=\"auto, (max-width: 1024px) 100vw, 1024px\" \/><\/figure>\n\n\n\n<figure class=\"wp-block-image size-large\"><img loading=\"lazy\" decoding=\"async\" width=\"1024\" height=\"691\" data-id=\"294558\" src=\"https:\/\/www.tucomarca.com\/wordpress\/segunda\/wp-content\/uploads\/2026\/03\/ChesteSaludMental1-1024x691.jpg\" alt=\"\" class=\"wp-image-294558\" srcset=\"https:\/\/tucomarca.whitekongsoftware.com\/wp-content\/uploads\/2026\/03\/ChesteSaludMental1-1024x691.jpg 1024w, https:\/\/tucomarca.whitekongsoftware.com\/wp-content\/uploads\/2026\/03\/ChesteSaludMental1-300x202.jpg 300w, https:\/\/tucomarca.whitekongsoftware.com\/wp-content\/uploads\/2026\/03\/ChesteSaludMental1-768x518.jpg 768w, https:\/\/tucomarca.whitekongsoftware.com\/wp-content\/uploads\/2026\/03\/ChesteSaludMental1.jpg 1181w\" sizes=\"auto, (max-width: 1024px) 100vw, 1024px\" \/><\/figure>\n\n\n\n<figure class=\"wp-block-image size-large\"><img loading=\"lazy\" decoding=\"async\" width=\"1024\" height=\"691\" data-id=\"294562\" src=\"https:\/\/www.tucomarca.com\/wordpress\/segunda\/wp-content\/uploads\/2026\/03\/ChesteSaludMental3-1024x691.jpg\" alt=\"\" class=\"wp-image-294562\" srcset=\"https:\/\/tucomarca.whitekongsoftware.com\/wp-content\/uploads\/2026\/03\/ChesteSaludMental3-1024x691.jpg 1024w, https:\/\/tucomarca.whitekongsoftware.com\/wp-content\/uploads\/2026\/03\/ChesteSaludMental3-300x202.jpg 300w, https:\/\/tucomarca.whitekongsoftware.com\/wp-content\/uploads\/2026\/03\/ChesteSaludMental3-768x518.jpg 768w, https:\/\/tucomarca.whitekongsoftware.com\/wp-content\/uploads\/2026\/03\/ChesteSaludMental3.jpg 1181w\" sizes=\"auto, (max-width: 1024px) 100vw, 1024px\" \/><\/figure>\n\n\n\n<figure class=\"wp-block-image size-large\"><img loading=\"lazy\" decoding=\"async\" width=\"1024\" height=\"691\" data-id=\"294715\" src=\"https:\/\/www.tucomarca.com\/wordpress\/segunda\/wp-content\/uploads\/2026\/03\/ChesteSaludMental6-1-1024x691.jpg\" alt=\"\" class=\"wp-image-294715\" srcset=\"https:\/\/tucomarca.whitekongsoftware.com\/wp-content\/uploads\/2026\/03\/ChesteSaludMental6-1-1024x691.jpg 1024w, https:\/\/tucomarca.whitekongsoftware.com\/wp-content\/uploads\/2026\/03\/ChesteSaludMental6-1-300x202.jpg 300w, https:\/\/tucomarca.whitekongsoftware.com\/wp-content\/uploads\/2026\/03\/ChesteSaludMental6-1-768x518.jpg 768w, https:\/\/tucomarca.whitekongsoftware.com\/wp-content\/uploads\/2026\/03\/ChesteSaludMental6-1.jpg 1181w\" sizes=\"auto, (max-width: 1024px) 100vw, 1024px\" \/><\/figure>\n\n\n\n<figure class=\"wp-block-image size-large\"><img loading=\"lazy\" decoding=\"async\" width=\"1024\" height=\"691\" data-id=\"294707\" src=\"https:\/\/www.tucomarca.com\/wordpress\/segunda\/wp-content\/uploads\/2026\/03\/ChesteSaludMental03-1024x691.jpg\" alt=\"\" class=\"wp-image-294707\" srcset=\"https:\/\/tucomarca.whitekongsoftware.com\/wp-content\/uploads\/2026\/03\/ChesteSaludMental03-1024x691.jpg 1024w, https:\/\/tucomarca.whitekongsoftware.com\/wp-content\/uploads\/2026\/03\/ChesteSaludMental03-300x202.jpg 300w, https:\/\/tucomarca.whitekongsoftware.com\/wp-content\/uploads\/2026\/03\/ChesteSaludMental03-768x518.jpg 768w, https:\/\/tucomarca.whitekongsoftware.com\/wp-content\/uploads\/2026\/03\/ChesteSaludMental03.jpg 1181w\" sizes=\"auto, (max-width: 1024px) 100vw, 1024px\" \/><\/figure>\n<\/figure>\n\n\n\n<p class=\"wp-block-paragraph\"><strong>El repte social: eliminar l&#8217;estigma i fomentar la inclusi\u00f3<\/strong><\/p>\n\n\n\n<p class=\"wp-block-paragraph\">En la sessi\u00f3 del dissabte, Roque L\u00f3pez, psic\u00f2leg i membre de la Federaci\u00f3 Salut Mental Comunitat Valenciana, va oferir una confer\u00e8ncia en la qual aclarisc les diferents fases que se succeeixen abans d&#8217;arribar al Trastorn mental relativament greu: dificultat, problema conflicte, i crisi i va assenyalar la import\u00e0ncia de demanar ajuda abans d&#8217;arribar a la crisi . Aix\u00ed mateix, va afirmar que de les crisis nom\u00e9s s&#8217;ix si es fan canvis en la vida.<br>Tamb\u00e9 va aportar dades reveladores sobre la realitat de la salut mental, mostrant estudis que apunten que en 2030 els problemes de salut mental seran la primera causa de discapacitat a Espanya, aix\u00ed com el principal problema de salut global en el m\u00f3n. De fet, \u201cuna de cada quatre persones ha tingut o tindr\u00e0 problemes de salut mental\u201d, va subratllar, al mateix temps que va alertar que \u201cels trastorns d&#8217;ansietat augmentaran un 25% en els pr\u00f2xims cinc anys\u201d.<br>L\u00f3pez va condemnar igualment el \u201cestigma\u201d que encara comporta el trastorn mental greu , que amb freq\u00fc\u00e8ncia deriva en a\u00efllament social i personal, per la qual cosa la salut mental comunit\u00e0ria \u201cha de lluitar contra aquest estigma\u201d. En aquest sentit, va assenyalar l&#8217;evident exclusi\u00f3 laboral: \u201cHuit de cada deu persones, un 83,1%, amb trastorn mental greu no tenen ocupaci\u00f3, i aix\u00f2 \u00e9s causa de pobresa i exclusi\u00f3 social i residencial, a m\u00e9s d&#8217;una major vulnerabilitat cap a altres problemes, com les conductes addictives\u201d.<br>Davant aquesta situaci\u00f3, L\u00f3pez va advocar per \u201cveure a les persones com el que s\u00f3n, persones amb problemes , sent tolerants, entenent i comprenent, respectant i fent costat a qui t\u00e9 aquest tipus de problemes\u201d. I, per descomptat, va defensar la necessitat d&#8217;apostar per la prevenci\u00f3 i promoci\u00f3 de la salut mental i de generar un estil de vida \u201camb el qual estiguem m\u00e9s a gust, no amb el qual esperen els altres\u201d.<br>La jornada va finalitzar amb la presentaci\u00f3 de l&#8217;oferta psicosocial de l&#8217;Ajuntament de Xest.<\/p>\n","protected":false},"excerpt":{"rendered":"<div class=\"mh-excerpt\">Els experts alerten sobre l&#8217;estigma social i preveuen que la salut mental siga la primera causa de discapacitat en 2030. L&#8217;\u00e8xit de les jornades va obligar a modificar el seu lloc de celebraci\u00f3 i dur-les <a class=\"mh-excerpt-more\" href=\"https:\/\/tucomarca.whitekongsoftware.com\/ca\/exit-rotund-de-participacio-en-les-i-jornades-municipals-de-prevencio-i-promocio-de-la-salut-mental-de-xest\/\" title=\"\u00c8xit rotund de participaci\u00f3 en les I Jornades Municipals de Prevenci\u00f3 i Promoci\u00f3 de la Salut Mental de Xest\">[+] <\/a><\/div>\n","protected":false},"author":12,"featured_media":294556,"comment_status":"closed","ping_status":"open","sticky":false,"template":"","format":"gallery","meta":{"footnotes":""},"categories":[119,11010,17,10894,8,10912,10,10896,3,10974],"tags":[11071,10914,15279],"class_list":["post-294567","post","type-post","status-publish","format-gallery","has-post-thumbnail","category-sanidad-la-comarca","category-canal-salud","category-cheste","category-la-comarca-ca","category-la-comarca","category-la-hoya-ca","category-la-hoya","category-seccion-ca","category-seccion","category-cheste-ca","tag-cheste","tag-la-hoya-de-bunol-chiva-ca","tag-salud-mental-ca","post_format-post-format-gallery"],"_links":{"self":[{"href":"https:\/\/tucomarca.whitekongsoftware.com\/ca\/wp-json\/wp\/v2\/posts\/294567","targetHints":{"allow":["GET"]}}],"collection":[{"href":"https:\/\/tucomarca.whitekongsoftware.com\/ca\/wp-json\/wp\/v2\/posts"}],"about":[{"href":"https:\/\/tucomarca.whitekongsoftware.com\/ca\/wp-json\/wp\/v2\/types\/post"}],"author":[{"embeddable":true,"href":"https:\/\/tucomarca.whitekongsoftware.com\/ca\/wp-json\/wp\/v2\/users\/12"}],"replies":[{"embeddable":true,"href":"https:\/\/tucomarca.whitekongsoftware.com\/ca\/wp-json\/wp\/v2\/comments?post=294567"}],"version-history":[{"count":0,"href":"https:\/\/tucomarca.whitekongsoftware.com\/ca\/wp-json\/wp\/v2\/posts\/294567\/revisions"}],"wp:featuredmedia":[{"embeddable":true,"href":"https:\/\/tucomarca.whitekongsoftware.com\/ca\/wp-json\/wp\/v2\/media\/294556"}],"wp:attachment":[{"href":"https:\/\/tucomarca.whitekongsoftware.com\/ca\/wp-json\/wp\/v2\/media?parent=294567"}],"wp:term":[{"taxonomy":"category","embeddable":true,"href":"https:\/\/tucomarca.whitekongsoftware.com\/ca\/wp-json\/wp\/v2\/categories?post=294567"},{"taxonomy":"post_tag","embeddable":true,"href":"https:\/\/tucomarca.whitekongsoftware.com\/ca\/wp-json\/wp\/v2\/tags?post=294567"}],"curies":[{"name":"wp","href":"https:\/\/api.w.org\/{rel}","templated":true}]}}