{"id":294549,"date":"2026-03-03T09:15:00","date_gmt":"2026-03-03T08:15:00","guid":{"rendered":"https:\/\/www.tucomarca.com\/wordpress\/segunda\/?p=294549"},"modified":"2026-03-03T22:04:48","modified_gmt":"2026-03-03T21:04:48","slug":"lhospital-de-manises-amplia-les-prestacions-assistencials-del-seu-servei-de-psiquiatria","status":"publish","type":"post","link":"https:\/\/tucomarca.whitekongsoftware.com\/ca\/lhospital-de-manises-amplia-les-prestacions-assistencials-del-seu-servei-de-psiquiatria\/","title":{"rendered":"L&#8217;Hospital de Manises amplia les prestacions assistencials del seu servei de Psiquiatria"},"content":{"rendered":"\n<h3 class=\"wp-block-heading\">S&#8217;emmarca amb el Pla Estrat\u00e8gic 2025-2028 del Departament de Salut de Manises, en l\u00ednia al Pla de Salut Mental i Addiccions de la Conselleria de Sanitat.<\/h3>\n\n\n\n<p class=\"wp-block-paragraph\">Val\u00e8ncia (02.03.2026). El Departament de Salut de Manises ha ampliat les prestacions assistencials del seu servei de Psiquiatria amb la posada en marxa del programa d&#8217;atenci\u00f3 ambulat\u00f2ria als trastorns de conducta aliment\u00e0ria i d&#8217;una consulta de Chemsex.<\/p>\n\n\n\n<p class=\"wp-block-paragraph\">En concret, l&#8217;Hospital Universitari de Manises ha posat en marxa un programa d&#8217;atenci\u00f3 als trastorns de conducta aliment\u00e0ria com a anor\u00e8xia nerviosa, bul\u00edmia i altres trastorns de conductes aliment\u00e0ries no especificats, aix\u00ed com l&#8217;obesitat m\u00f2rbida susceptible de tractament quir\u00fargic.<\/p>\n\n\n\n<p class=\"wp-block-paragraph\">A m\u00e9s, la nova consulta de Chemsex at\u00e9n de forma especialitzada la problem\u00e0tica cl\u00ednica associada a les pr\u00e0ctiques sobre l&#8217;\u00fas intencionat i continuat de subst\u00e0ncies estimulants en contextos sexuals i promou la reducci\u00f3 de danys. Tamb\u00e9 ofereix als pacients atenci\u00f3 psicoterap\u00e8utica breu focalitzada, entrevista motivacional i tractament psicofarmacol\u00f2gic quan procedeix.<\/p>\n\n\n\n<p class=\"wp-block-paragraph\">Aquestes pr\u00e0ctiques tenen un impacte rellevant sobre la salut f\u00edsica i mental, en l&#8217;esfera sexual i altres \u00e0rees socials i laborals amb un marcat car\u00e0cter addictiu, la qual cosa requereix una atenci\u00f3 i abordatge cl\u00ednic especialitzat, coordinat i multidisciplinari.<\/p>\n\n\n\n<p class=\"wp-block-paragraph\">Per a aix\u00f2, el servei de Psiquiatria ha treballat els senyals d&#8217;alarma i la sistem\u00e0tica de derivaci\u00f3 des d&#8217;Atenci\u00f3 Prim\u00e0ria a l&#8217;\u00e0mbit hospitalari. Aix\u00ed, la nova consulta es coordina amb altres professionals sanitaris com la Unitat de Conductes Addictives (UCA), el Centre d&#8217;Informaci\u00f3 i Prevenci\u00f3 de la Sida (CIPS), la Unitat de Malalties Infeccioses, Atenci\u00f3 Prim\u00e0ria i entitats comunit\u00e0ries.<\/p>\n\n\n\n<p class=\"wp-block-paragraph\"><strong>Millora en la continu\u00eftat assistencial<\/strong><\/p>\n\n\n\n<p class=\"wp-block-paragraph\">La cap de servei de Psiquiatria, la doctora Mar\u00eda L\u00f3pez, afirma que aquestes consultes &#8220;contribueixen a millorar la qualitat i la continu\u00eftat assistencial&#8221;. Per part seua, la gerent del Departament de Salut de Manises, la doctora Beatriz G\u00f3mez Garc\u00eda, subratlla que aquestes actuacions avancen en el prop\u00f2sit del departament de &#8220;aconseguir la millor salut per als nostres pacients&#8221;.<\/p>\n\n\n\n<p class=\"wp-block-paragraph\">La posada en marxa d&#8217;aquestes prestacions s&#8217;emmarca amb el Pla Estrat\u00e8gic 2025-2028 del Departament de Salut de Manises, dins de la L\u00ednia Estrat\u00e8gica de Cultura de Salut i Continu\u00eftat en l&#8217;Atenci\u00f3; a m\u00e9s d&#8217;anar en l\u00ednia al Pla de Salut Mental i Addiccions 2024-2027 de la Conselleria de Sanitat.<\/p>\n\n\n\n<p class=\"wp-block-paragraph\">L&#8217;Hospital de Manises \u00e9s part del Departament de Salut de Manises que dona cobertura i assist\u00e8ncia sanit\u00e0ria, tant ambulat\u00f2ria com domicili\u00e0ria a m\u00e9s de 216.000 persones de 14 localitats a trav\u00e9s del propi Hospital d&#8217;Aguts de Manises, 9 centres de salut, 11 consultoris auxiliars, 2 centres d&#8217;especialitats, 1 centre de salut integrat, l&#8217;Hospital d&#8217;Aguts de Manises i l&#8217;Hospital de Cr\u00f2nics de Mislata.<\/p>\n","protected":false},"excerpt":{"rendered":"<div class=\"mh-excerpt\">S&#8217;emmarca amb el Pla Estrat\u00e8gic 2025-2028 del Departament de Salut de Manises, en l\u00ednia al Pla de Salut Mental i Addiccions de la Conselleria de Sanitat. Val\u00e8ncia (02.03.2026). El Departament de Salut de Manises ha <a class=\"mh-excerpt-more\" href=\"https:\/\/tucomarca.whitekongsoftware.com\/ca\/lhospital-de-manises-amplia-les-prestacions-assistencials-del-seu-servei-de-psiquiatria\/\" title=\"L&#8217;Hospital de Manises amplia les prestacions assistencials del seu servei de Psiquiatria\">[+] <\/a><\/div>\n","protected":false},"author":12,"featured_media":294547,"comment_status":"closed","ping_status":"open","sticky":false,"template":"","format":"standard","meta":{"footnotes":""},"categories":[10892,46,119,11010,10948,8,10894,10912,10,10896,3],"tags":[10899,10914],"class_list":["post-294549","post","type-post","status-publish","format-standard","has-post-thumbnail","category-camp-de-turia-ca","category-camp-de-turia","category-sanidad-la-comarca","category-canal-salud","category-infraestructuras-ca","category-la-comarca","category-la-comarca-ca","category-la-hoya-ca","category-la-hoya","category-seccion-ca","category-seccion","tag-camp-de-turia-ca","tag-la-hoya-de-bunol-chiva-ca"],"_links":{"self":[{"href":"https:\/\/tucomarca.whitekongsoftware.com\/ca\/wp-json\/wp\/v2\/posts\/294549","targetHints":{"allow":["GET"]}}],"collection":[{"href":"https:\/\/tucomarca.whitekongsoftware.com\/ca\/wp-json\/wp\/v2\/posts"}],"about":[{"href":"https:\/\/tucomarca.whitekongsoftware.com\/ca\/wp-json\/wp\/v2\/types\/post"}],"author":[{"embeddable":true,"href":"https:\/\/tucomarca.whitekongsoftware.com\/ca\/wp-json\/wp\/v2\/users\/12"}],"replies":[{"embeddable":true,"href":"https:\/\/tucomarca.whitekongsoftware.com\/ca\/wp-json\/wp\/v2\/comments?post=294549"}],"version-history":[{"count":0,"href":"https:\/\/tucomarca.whitekongsoftware.com\/ca\/wp-json\/wp\/v2\/posts\/294549\/revisions"}],"wp:featuredmedia":[{"embeddable":true,"href":"https:\/\/tucomarca.whitekongsoftware.com\/ca\/wp-json\/wp\/v2\/media\/294547"}],"wp:attachment":[{"href":"https:\/\/tucomarca.whitekongsoftware.com\/ca\/wp-json\/wp\/v2\/media?parent=294549"}],"wp:term":[{"taxonomy":"category","embeddable":true,"href":"https:\/\/tucomarca.whitekongsoftware.com\/ca\/wp-json\/wp\/v2\/categories?post=294549"},{"taxonomy":"post_tag","embeddable":true,"href":"https:\/\/tucomarca.whitekongsoftware.com\/ca\/wp-json\/wp\/v2\/tags?post=294549"}],"curies":[{"name":"wp","href":"https:\/\/api.w.org\/{rel}","templated":true}]}}