{"id":294442,"date":"2026-03-02T12:30:00","date_gmt":"2026-03-02T11:30:00","guid":{"rendered":"https:\/\/www.tucomarca.com\/wordpress\/segunda\/?p=294442"},"modified":"2026-03-02T21:54:03","modified_gmt":"2026-03-02T20:54:03","slug":"benaguasil-inaugura-la-seua-exposicio-del-ninot","status":"publish","type":"post","link":"https:\/\/tucomarca.whitekongsoftware.com\/ca\/benaguasil-inaugura-la-seua-exposicio-del-ninot\/","title":{"rendered":"Benaguasil inaugura la seua Exposici\u00f3 del Ninot"},"content":{"rendered":"\n<h3 class=\"wp-block-heading\">El dia 8 es coneixeran els ninots que es deslliuraran de la crem\u00e0.<\/h3>\n\n\n\n<p class=\"wp-block-paragraph\">Aquest cap de setmana ha obert les seues portes al p\u00fablic l&#8217;Exposici\u00f3 del Ninot en el Centre de la Joventut. L&#8217;acte va comptar amb la participaci\u00f3 de les Falleres Majors de Benaguasil, Ana Puchau i Paula Ricart i el president infantil, Manuel Cabrerizo, els qui van realitzar el tradicional tall de cinta al costat de l&#8217;alcalde Ximo Segarra, la regidora de Falles, Ana Aleixandre, i la presidenta de la Junta Local Fallera, M\u00aa Jos\u00e9 Guillem.<\/p>\n\n\n\n<p class=\"wp-block-paragraph\">En aquesta edici\u00f3, les deu falles del municipi han presentat els seus respectius ninots, que poden ser contemplats per ve\u00efns i visitants en una mostra que destaca per la creativitat i l&#8217;enginy, elements caracter\u00edstics de l&#8217;art faller.<\/p>\n\n\n\n<p class=\"wp-block-paragraph\">Despr\u00e9s de l&#8217;obertura oficial, representants de totes les comissions falleres van rec\u00f3rrer l&#8217;exposici\u00f3 per a contemplar els ninots.<\/p>\n\n\n\n<p class=\"wp-block-paragraph\">L&#8217;exposici\u00f3 romandr\u00e0 oberta al p\u00fablic fins divendres que ve 6 de mar\u00e7, en horari de 9,00 h a 13,00 i de 17,00 h a 20,00 h. L&#8217;elecci\u00f3 del Ninot Indultat, tant en categoria gran com infantil, se celebrar\u00e0 el dia 8 a les 13,00 hores en el Centre de la Joventut.<\/p>\n\n\n\n<h3 class=\"wp-block-heading\"><\/h3>\n\n\n\n<figure class=\"wp-block-gallery has-nested-images columns-1 is-cropped wp-block-gallery-1 is-layout-flex wp-block-gallery-is-layout-flex\">\n<figure class=\"wp-block-image size-large\"><img loading=\"lazy\" decoding=\"async\" width=\"1024\" height=\"683\" data-id=\"294439\" src=\"https:\/\/www.tucomarca.com\/wordpress\/segunda\/wp-content\/uploads\/2026\/03\/BenaguasilFallas26b-1024x683.jpeg\" alt=\"\" class=\"wp-image-294439\" srcset=\"https:\/\/tucomarca.whitekongsoftware.com\/wp-content\/uploads\/2026\/03\/BenaguasilFallas26b-1024x683.jpeg 1024w, https:\/\/tucomarca.whitekongsoftware.com\/wp-content\/uploads\/2026\/03\/BenaguasilFallas26b-300x200.jpeg 300w, https:\/\/tucomarca.whitekongsoftware.com\/wp-content\/uploads\/2026\/03\/BenaguasilFallas26b-768x512.jpeg 768w, https:\/\/tucomarca.whitekongsoftware.com\/wp-content\/uploads\/2026\/03\/BenaguasilFallas26b-1536x1024.jpeg 1536w, https:\/\/tucomarca.whitekongsoftware.com\/wp-content\/uploads\/2026\/03\/BenaguasilFallas26b-2048x1365.jpeg 2048w\" sizes=\"auto, (max-width: 1024px) 100vw, 1024px\" \/><\/figure>\n\n\n\n<figure class=\"wp-block-image size-large\"><img loading=\"lazy\" decoding=\"async\" width=\"1024\" height=\"683\" data-id=\"294435\" src=\"https:\/\/www.tucomarca.com\/wordpress\/segunda\/wp-content\/uploads\/2026\/03\/BenaguasilFallas26-1024x683.jpeg\" alt=\"\" class=\"wp-image-294435\" srcset=\"https:\/\/tucomarca.whitekongsoftware.com\/wp-content\/uploads\/2026\/03\/BenaguasilFallas26-1024x683.jpeg 1024w, https:\/\/tucomarca.whitekongsoftware.com\/wp-content\/uploads\/2026\/03\/BenaguasilFallas26-300x200.jpeg 300w, https:\/\/tucomarca.whitekongsoftware.com\/wp-content\/uploads\/2026\/03\/BenaguasilFallas26-768x512.jpeg 768w, https:\/\/tucomarca.whitekongsoftware.com\/wp-content\/uploads\/2026\/03\/BenaguasilFallas26-1536x1024.jpeg 1536w, https:\/\/tucomarca.whitekongsoftware.com\/wp-content\/uploads\/2026\/03\/BenaguasilFallas26-2048x1365.jpeg 2048w\" sizes=\"auto, (max-width: 1024px) 100vw, 1024px\" \/><\/figure>\n<\/figure>\n","protected":false},"excerpt":{"rendered":"<div class=\"mh-excerpt\">El dia 8 es coneixeran els ninots que es deslliuraran de la crem\u00e0. Aquest cap de setmana ha obert les seues portes al p\u00fablic l&#8217;Exposici\u00f3 del Ninot en el Centre de la Joventut. L&#8217;acte va <a class=\"mh-excerpt-more\" href=\"https:\/\/tucomarca.whitekongsoftware.com\/ca\/benaguasil-inaugura-la-seua-exposicio-del-ninot\/\" title=\"Benaguasil inaugura la seua Exposici\u00f3 del Ninot\">[+] <\/a><\/div>\n","protected":false},"author":1,"featured_media":294438,"comment_status":"closed","ping_status":"open","sticky":false,"template":"","format":"gallery","meta":{"footnotes":""},"categories":[10952,10892,10894,10904,11004,11007,11008,10896],"tags":[11136,10899,11499],"class_list":["post-294442","post","type-post","status-publish","format-gallery","has-post-thumbnail","category-benaguasil-ca","category-camp-de-turia-ca","category-la-comarca-ca","category-sin-categorizar-ca","category-la-semana-en-imagenes-ca","category-ocio-y-cultura-ca","category-pueblos-en-fiestas-ca","category-seccion-ca","tag-benaguasil-ca","tag-camp-de-turia-ca","tag-fallas-ca","post_format-post-format-gallery"],"_links":{"self":[{"href":"https:\/\/tucomarca.whitekongsoftware.com\/ca\/wp-json\/wp\/v2\/posts\/294442","targetHints":{"allow":["GET"]}}],"collection":[{"href":"https:\/\/tucomarca.whitekongsoftware.com\/ca\/wp-json\/wp\/v2\/posts"}],"about":[{"href":"https:\/\/tucomarca.whitekongsoftware.com\/ca\/wp-json\/wp\/v2\/types\/post"}],"author":[{"embeddable":true,"href":"https:\/\/tucomarca.whitekongsoftware.com\/ca\/wp-json\/wp\/v2\/users\/1"}],"replies":[{"embeddable":true,"href":"https:\/\/tucomarca.whitekongsoftware.com\/ca\/wp-json\/wp\/v2\/comments?post=294442"}],"version-history":[{"count":0,"href":"https:\/\/tucomarca.whitekongsoftware.com\/ca\/wp-json\/wp\/v2\/posts\/294442\/revisions"}],"wp:featuredmedia":[{"embeddable":true,"href":"https:\/\/tucomarca.whitekongsoftware.com\/ca\/wp-json\/wp\/v2\/media\/294438"}],"wp:attachment":[{"href":"https:\/\/tucomarca.whitekongsoftware.com\/ca\/wp-json\/wp\/v2\/media?parent=294442"}],"wp:term":[{"taxonomy":"category","embeddable":true,"href":"https:\/\/tucomarca.whitekongsoftware.com\/ca\/wp-json\/wp\/v2\/categories?post=294442"},{"taxonomy":"post_tag","embeddable":true,"href":"https:\/\/tucomarca.whitekongsoftware.com\/ca\/wp-json\/wp\/v2\/tags?post=294442"}],"curies":[{"name":"wp","href":"https:\/\/api.w.org\/{rel}","templated":true}]}}