{"id":294306,"date":"2026-02-27T06:50:00","date_gmt":"2026-02-27T05:50:00","guid":{"rendered":"https:\/\/www.tucomarca.com\/wordpress\/segunda\/?p=294306"},"modified":"2026-02-27T20:59:09","modified_gmt":"2026-02-27T19:59:09","slug":"la-diputacio-impulsa-la-comarcalitzacio-a-camp-de-turia-i-la-serrania-amb-la-nova-oficina-de-lliria-per-a-assistir-als-seus-municipis","status":"publish","type":"post","link":"https:\/\/tucomarca.whitekongsoftware.com\/ca\/la-diputacio-impulsa-la-comarcalitzacio-a-camp-de-turia-i-la-serrania-amb-la-nova-oficina-de-lliria-per-a-assistir-als-seus-municipis\/","title":{"rendered":"La Diputaci\u00f3 impulsa la comarcalitzaci\u00f3 a Camp de T\u00faria i la Serran\u00eda amb la nova oficina de Ll\u00edria per a assistir als seus municipis"},"content":{"rendered":"\n<h3 class=\"wp-block-heading\">La nova seu impulsada per l&#8217;\u00e0rea de Comarcalitzaci\u00f3 que dirigix Nat\u00e0lia Enguix actuar\u00e0 com a punt de servici directe per a garantir l&#8217;agilitat administrativa en les zones d&#8217;interior.<\/h3>\n\n\n\n<h3 class=\"wp-block-heading\">El president Vicent Momp\u00f3 destaca que el pla consolida una instituci\u00f3 &#8220;\u00fatil, oberta i que unix al territori&#8221;, mentres la vicepresidenta Nat\u00e0lia Enguix aposta per la &#8220;proximitat absoluta&#8221; per a frenar la despoblaci\u00f3.<\/h3>\n\n\n\n<p class=\"wp-block-paragraph\">La Diputaci\u00f3 de Val\u00e8ncia ha presentat este dimarts el Pla d&#8217;Oficines Comarcals d&#8217;Assist\u00e8ncia als Municipis, una iniciativa impulsada per la vicepresidenta primera i responsable de l&#8217;\u00e0rea de comarcalitzaci\u00f3, Nat\u00e0lia Enguix, que situa a Ll\u00edria com una de les set seus estrat\u00e8giques de la prov\u00edncia. Esta oficina ser\u00e0 l&#8217;encarregada de prestar servici directe a les comarques del Camp de T\u00faria i la Serran\u00eda, refor\u00e7ant el suport t\u00e8cnic i jur\u00eddic especialment en les localitats amb menys recursos.<\/p>\n\n\n\n<p class=\"wp-block-paragraph\">La iniciativa ha sigut donada a con\u00e9ixer pel president de la Diputaci\u00f3, Vicent Momp\u00f3, i la vicepresidenta primera i responsable de l&#8217;\u00e0rea de Comarcalitzaci\u00f3, Nat\u00e0lia Enguix, qui ha remarcat que amb esta iniciativa \u201cestem comarcalitzant la Diputaci\u00f3\u201d per a assegurar que l&#8217;assist\u00e8ncia t\u00e8cnica i jur\u00eddica arribe de manera efica\u00e7 a cada rac\u00f3 de la prov\u00edncia, perqu\u00e8 ha subratllat que \u201cno \u00e9s suficient amb complir formalment l&#8217;obligaci\u00f3 d&#8217;assist\u00e8ncia, sin\u00f3 que ha de fer-se amb efic\u00e0cia, proximitat i visi\u00f3 estrat\u00e8gica\u201d.<\/p>\n\n\n\n<p class=\"wp-block-paragraph\">Nat\u00e0lia Enguix ha recordat que esta iniciativa recupera i amplia el projecte iniciat en 2017-2018 baix la presid\u00e8ncia de Jorge Rodr\u00edguez, reafirmant la pres\u00e8ncia f\u00edsica de la instituci\u00f3 en el territori perqu\u00e8 &#8220;la Diputaci\u00f3 ha d&#8217;estar on estan els municipis, especialment on m\u00e9s li la necessita&#8221;. En este sentit, la vicepresidenta ha definit com a eixos fonamentals la proximitat absoluta per als municipis m\u00e9s xicotets, l&#8217;agilitat per a facilitar tr\u00e0mits que milloren l&#8217;economia local i la lluita directa contra el despoblament.<\/p>\n\n\n\n<p class=\"wp-block-paragraph\">En la zona de Ll\u00edria, esta assist\u00e8ncia busca equilibrar la disparitat entre les grans cap\u00e7aleres i els municipis de menor grand\u00e0ria que presenten una important necessitat d&#8217;assessorament professional. Per part seua, el president Vicent Momp\u00f3 ha manifestat que este pla &#8220;encaixa amb el que volem que siga la Diputaci\u00f3, una instituci\u00f3 \u00fatil i oberta als pobles, que unisca a tot el territori&#8221;. Momp\u00f3 ha afegit que la corporaci\u00f3 ha de ser el motor que cohesione la prov\u00edncia, garantint que la dist\u00e0ncia geogr\u00e0fica no siga un obstacle per a rebre servicis de qualitat.<\/p>\n\n\n\n<p class=\"wp-block-paragraph\">Per a materialitzar esta proximitat, la vicepresidenta ha explicat que el model consistix en una desconcentraci\u00f3 real dels servicis per a estendre els recursos cap al territori sense crear nous \u00f2rgans pol\u00edtics ni duplicar administracions. La seu de Ll\u00edria ha sigut seleccionada estrat\u00e8gicament per la seua condici\u00f3 de cap\u00e7alera comarcal, la seua ubicaci\u00f3 central i la seua rellev\u00e0ncia administrativa. L&#8217;objectiu t\u00e8cnic \u00e9s que els ajuntaments de les dos comarques compten amb assist\u00e8ncia professional immediata en mat\u00e8ries com a urbanisme, contractaci\u00f3 p\u00fablica o comptabilitat per a evitar que la seua gesti\u00f3 di\u00e0ria es bloquege.<\/p>\n\n\n\n<p class=\"wp-block-paragraph\">Esta seu integrar\u00e0 progressivament servicis d&#8217;arquitectura i enginyeria, aix\u00ed com assessorament jur\u00eddic i econ\u00f2mic per a la tramitaci\u00f3 d&#8217;expedients complexos. A m\u00e9s, l&#8217;oficina de Ll\u00edria funcionar\u00e0 com a motor de desenvolupament socioecon\u00f2mic en encarregar-se de la gesti\u00f3 de subvencions i de la captaci\u00f3 de fons europeus. El Pla d&#8217;Oficines Comarcals, com s&#8217;ha explicat, \u00e9s un model flexible, la qual cosa facilitar\u00e0 ajustar el sistema abans d&#8217;analitzar la incorporaci\u00f3 d&#8217;altres funcions com poden ser les relacionades amb la informaci\u00f3 ciutadana, els servicis associats a la mat\u00e8ria d&#8217;Igualtat, algunes enginyeries m\u00e9s espec\u00edfiques, etc.<\/p>\n\n\n\n<p class=\"wp-block-paragraph\"><\/p>\n","protected":false},"excerpt":{"rendered":"<div class=\"mh-excerpt\">La nova seu impulsada per l&#8217;\u00e0rea de Comarcalitzaci\u00f3 que dirigix Nat\u00e0lia Enguix actuar\u00e0 com a punt de servici directe per a garantir l&#8217;agilitat administrativa en les zones d&#8217;interior. El president Vicent Momp\u00f3 destaca que el <a class=\"mh-excerpt-more\" href=\"https:\/\/tucomarca.whitekongsoftware.com\/ca\/la-diputacio-impulsa-la-comarcalitzacio-a-camp-de-turia-i-la-serrania-amb-la-nova-oficina-de-lliria-per-a-assistir-als-seus-municipis\/\" title=\"La Diputaci\u00f3 impulsa la comarcalitzaci\u00f3 a Camp de T\u00faria i la Serran\u00eda amb la nova oficina de Ll\u00edria per a assistir als seus municipis\">[+] <\/a><\/div>\n","protected":false},"author":12,"featured_media":294121,"comment_status":"closed","ping_status":"open","sticky":false,"template":"","format":"standard","meta":{"footnotes":""},"categories":[10892,11046,10948,10894,10928,10947,10896],"tags":[10899,11246,11070],"class_list":["post-294306","post","type-post","status-publish","format-standard","has-post-thumbnail","category-camp-de-turia-ca","category-los-serranos-ca","category-infraestructuras-ca","category-la-comarca-ca","category-lliria-ca","category-politica","category-seccion-ca","tag-camp-de-turia-ca","tag-diputacio-de-valencia-ca","tag-lliria-ca"],"_links":{"self":[{"href":"https:\/\/tucomarca.whitekongsoftware.com\/ca\/wp-json\/wp\/v2\/posts\/294306","targetHints":{"allow":["GET"]}}],"collection":[{"href":"https:\/\/tucomarca.whitekongsoftware.com\/ca\/wp-json\/wp\/v2\/posts"}],"about":[{"href":"https:\/\/tucomarca.whitekongsoftware.com\/ca\/wp-json\/wp\/v2\/types\/post"}],"author":[{"embeddable":true,"href":"https:\/\/tucomarca.whitekongsoftware.com\/ca\/wp-json\/wp\/v2\/users\/12"}],"replies":[{"embeddable":true,"href":"https:\/\/tucomarca.whitekongsoftware.com\/ca\/wp-json\/wp\/v2\/comments?post=294306"}],"version-history":[{"count":0,"href":"https:\/\/tucomarca.whitekongsoftware.com\/ca\/wp-json\/wp\/v2\/posts\/294306\/revisions"}],"wp:featuredmedia":[{"embeddable":true,"href":"https:\/\/tucomarca.whitekongsoftware.com\/ca\/wp-json\/wp\/v2\/media\/294121"}],"wp:attachment":[{"href":"https:\/\/tucomarca.whitekongsoftware.com\/ca\/wp-json\/wp\/v2\/media?parent=294306"}],"wp:term":[{"taxonomy":"category","embeddable":true,"href":"https:\/\/tucomarca.whitekongsoftware.com\/ca\/wp-json\/wp\/v2\/categories?post=294306"},{"taxonomy":"post_tag","embeddable":true,"href":"https:\/\/tucomarca.whitekongsoftware.com\/ca\/wp-json\/wp\/v2\/tags?post=294306"}],"curies":[{"name":"wp","href":"https:\/\/api.w.org\/{rel}","templated":true}]}}