{"id":294300,"date":"2026-02-27T08:00:00","date_gmt":"2026-02-27T07:00:00","guid":{"rendered":"https:\/\/www.tucomarca.com\/wordpress\/segunda\/?p=294300"},"modified":"2026-02-27T20:52:40","modified_gmt":"2026-02-27T19:52:40","slug":"la-crida-de-godelleta-dona-la-benvinguda-a-les-seues-falles-2026","status":"publish","type":"post","link":"https:\/\/tucomarca.whitekongsoftware.com\/ca\/la-crida-de-godelleta-dona-la-benvinguda-a-les-seues-falles-2026\/","title":{"rendered":"La Crid\u00e0 de Godelleta dona la benvinguda a les seues Falles 2026"},"content":{"rendered":"\n<p class=\"wp-block-paragraph\">Godelleta es prepara per a viure un dels moments m\u00e9s esperats del calendari festiu amb la celebraci\u00f3 de la \u201cCrid\u00e0\u201d, l\u2019acte que marca l\u2019inici oficial de les Falles 2026 al municipi.<\/p>\n\n\n\n<p class=\"wp-block-paragraph\">L\u2019esdeveniment tindr\u00e0 lloc este dissabte 28 de febrer a les 20.30 hores a la pla\u00e7a d\u2019Espanya, on ve\u00efns, ve\u00efnes i visitants podran compartir una nit plena d\u2019emoci\u00f3, tradici\u00f3 i esperit faller. La \u201cCrid\u00e0\u201d simbolitza l\u2019arrancada d\u2019unes festes molt arrelades a la localitat i suposa la crida oficial per a comen\u00e7ar a gaudir dels dies grans de les Falles.<\/p>\n\n\n\n<p class=\"wp-block-paragraph\">Despr\u00e9s de l\u2019acte institucional, la celebraci\u00f3 continuar\u00e0 durant la matinada amb una proposta musical per a tots els p\u00fablics. A partir de les 24.00 hores, l\u2019Orquestra Montecarlo oferir\u00e0 una actuaci\u00f3 per a animar la nit festiva i, posteriorment, l\u2019ambient continuar\u00e0 amb una sessi\u00f3 del DJ Jairo Ginestar.<\/p>\n\n\n\n<p class=\"wp-block-paragraph\">Des de l\u2019Ajuntament conviden tota la ciutadania de Godelleta i les persones que visiten el municipi a participar en esta cita tan especial i a donar la benvinguda a les Falles 2026, compartint l\u2019orgull i l\u2019alegria d\u2019unes festes que formen part de la identitat i la tradici\u00f3 local.<\/p>\n","protected":false},"excerpt":{"rendered":"<div class=\"mh-excerpt\">Godelleta es prepara per a viure un dels moments m\u00e9s esperats del calendari festiu amb la celebraci\u00f3 de la \u201cCrid\u00e0\u201d, l\u2019acte que marca l\u2019inici oficial de les Falles 2026 al municipi. L\u2019esdeveniment tindr\u00e0 lloc este <a class=\"mh-excerpt-more\" href=\"https:\/\/tucomarca.whitekongsoftware.com\/ca\/la-crida-de-godelleta-dona-la-benvinguda-a-les-seues-falles-2026\/\" title=\"La Crid\u00e0 de Godelleta dona la benvinguda a les seues Falles 2026\">[+] <\/a><\/div>\n","protected":false},"author":12,"featured_media":294299,"comment_status":"closed","ping_status":"open","sticky":false,"template":"","format":"standard","meta":{"footnotes":""},"categories":[11019,10977,10894,10912,11007,10896],"tags":[23199,11087,10914],"class_list":["post-294300","post","type-post","status-publish","format-standard","has-post-thumbnail","category-agenda-ca","category-godelleta-ca","category-la-comarca-ca","category-la-hoya-ca","category-ocio-y-cultura-ca","category-seccion-ca","tag-fallas-2026-ca","tag-godelleta-ca","tag-la-hoya-de-bunol-chiva-ca"],"_links":{"self":[{"href":"https:\/\/tucomarca.whitekongsoftware.com\/ca\/wp-json\/wp\/v2\/posts\/294300","targetHints":{"allow":["GET"]}}],"collection":[{"href":"https:\/\/tucomarca.whitekongsoftware.com\/ca\/wp-json\/wp\/v2\/posts"}],"about":[{"href":"https:\/\/tucomarca.whitekongsoftware.com\/ca\/wp-json\/wp\/v2\/types\/post"}],"author":[{"embeddable":true,"href":"https:\/\/tucomarca.whitekongsoftware.com\/ca\/wp-json\/wp\/v2\/users\/12"}],"replies":[{"embeddable":true,"href":"https:\/\/tucomarca.whitekongsoftware.com\/ca\/wp-json\/wp\/v2\/comments?post=294300"}],"version-history":[{"count":0,"href":"https:\/\/tucomarca.whitekongsoftware.com\/ca\/wp-json\/wp\/v2\/posts\/294300\/revisions"}],"wp:featuredmedia":[{"embeddable":true,"href":"https:\/\/tucomarca.whitekongsoftware.com\/ca\/wp-json\/wp\/v2\/media\/294299"}],"wp:attachment":[{"href":"https:\/\/tucomarca.whitekongsoftware.com\/ca\/wp-json\/wp\/v2\/media?parent=294300"}],"wp:term":[{"taxonomy":"category","embeddable":true,"href":"https:\/\/tucomarca.whitekongsoftware.com\/ca\/wp-json\/wp\/v2\/categories?post=294300"},{"taxonomy":"post_tag","embeddable":true,"href":"https:\/\/tucomarca.whitekongsoftware.com\/ca\/wp-json\/wp\/v2\/tags?post=294300"}],"curies":[{"name":"wp","href":"https:\/\/api.w.org\/{rel}","templated":true}]}}