{"id":294122,"date":"2026-02-25T12:00:00","date_gmt":"2026-02-25T11:00:00","guid":{"rendered":"https:\/\/www.tucomarca.com\/wordpress\/segunda\/?p=294122"},"modified":"2026-02-25T20:18:22","modified_gmt":"2026-02-25T19:18:22","slug":"la-diputacio-de-valencia-impulsa-la-comarcalitzacio-dels-seus-servicis-amb-set-oficines-que-reforcen-latencio-als-266-municipis","status":"publish","type":"post","link":"https:\/\/tucomarca.whitekongsoftware.com\/ca\/la-diputacio-de-valencia-impulsa-la-comarcalitzacio-dels-seus-servicis-amb-set-oficines-que-reforcen-latencio-als-266-municipis\/","title":{"rendered":"La Diputaci\u00f3 de Val\u00e8ncia impulsa la comarcalitzaci\u00f3 dels seus servicis amb set oficines que reforcen l&#8217;atenci\u00f3 als 266 municipis"},"content":{"rendered":"\n<h3 class=\"wp-block-heading\">El pla establix seus f\u00edsiques a Utiel, Ontinyent, Ll\u00edria, Bu\u00f1ol, X\u00e0tiva, Gandia i Alzira per a donar servici directe als municipis de la prov\u00edncia.<\/h3>\n\n\n\n<h3 class=\"wp-block-heading\">El president Vicent Momp\u00f3 destaca que el pla consolida una instituci\u00f3 &#8220;\u00fatil, oberta i que unix al territori&#8221;, mentres la vicepresidenta Nat\u00e0lia Enguix aposta per la &#8220;proximitat absoluta&#8221; per a frenar la despoblaci\u00f3.<\/h3>\n\n\n\n<p class=\"wp-block-paragraph\">La Diputaci\u00f3 de Val\u00e8ncia ha presentat este dimarts el Pla d&#8217;Oficines Comarcals d&#8217;Assist\u00e8ncia als Municipis, una ambiciosa aposta per la descentralitzaci\u00f3 que busca convertir a la corporaci\u00f3 provincial en una instituci\u00f3 &#8220;\u00fatil, oberta i present en tot el territori&#8221;.&nbsp;<\/p>\n\n\n\n<p class=\"wp-block-paragraph\">La iniciativa ha sigut donada a con\u00e9ixer als mitjans de comunicaci\u00f3 pel president de la Diputaci\u00f3, Vicent Momp\u00f3, i la vicepresidenta primera i responsable de l&#8217;\u00e0rea de Comarcalitzaci\u00f3, Nat\u00e0lia Enguix, qui ha remarcat que amb esta iniciativa \u201cestem comarcalitzant la Diputaci\u00f3\u201d per a assegurar que l&#8217;assist\u00e8ncia t\u00e8cnica i jur\u00eddica arribe de manera efica\u00e7 a cada rac\u00f3 de la prov\u00edncia. Pr\u00e8viament, el projecte s&#8217;ha presentat als grups pol\u00edtics de la corporaci\u00f3 en una reuni\u00f3 t\u00e8cnica que ha comptat amb l&#8217;assist\u00e8ncia de PP, PSOE i Vox i l&#8217;explicaci\u00f3 detallada del pla per part del cap de servici de Comarcalitzaci\u00f3, Rafael Hern\u00e1ndez.<\/p>\n\n\n\n<p class=\"wp-block-paragraph\">El pla establix set seus situades a Utiel, Ontinyent, Ll\u00edria, Bu\u00f1ol, X\u00e0tiva, Gandia i Alzira, destacant esta \u00faltima com una de les grans novetats de la xarxa perqu\u00e8 no hi havia fins al moment sede. A este desplegament se suma la continu\u00eftat de la seu de Val\u00e8ncia, que es mant\u00e9 com un punt neur\u00e0lgic clau. La seua perman\u00e8ncia \u00e9s fonamental, ja que continuar\u00e0 parant atenci\u00f3 i cobertura directa als ciutadans de les comarques del Camp de Morvedre i l&#8217;Horta. Amb este plantejament, l&#8217;\u00e0rea de Comarcalitzaci\u00f3 de la Diputaci\u00f3 de Val\u00e8ncia refor\u00e7ar\u00e0 el suport directe als 266 municipis i 3 entitats locals menors de la prov\u00edncia, especialment als m\u00e9s xicotets. Cal destacar que el 70,3% de les localitats valencianes tenen menys de 5.000 habitants i m\u00e9s de 80 ni tan sols arriben al miler de ve\u00efns.<\/p>\n\n\n\n<p class=\"wp-block-paragraph\">Durant la presentaci\u00f3 del pla, la vicepresidenta Natalia Enguix ha subratllat que &#8220;no \u00e9s suficient amb complir formalment la nostra obligaci\u00f3 d&#8217;assist\u00e8ncia; hem de fer-ho amb efic\u00e0cia, proximitat i visi\u00f3 estrat\u00e8gica&#8221;. Segons ha destacat Enguix es tracta de \u201cun pla de legislatura\u201d que recupera i amplia el projecte iniciat en 2017-2018 sota la presid\u00e8ncia de Jorge Rodr\u00edguez, reafirmant que &#8220;este projecte naix de la convicci\u00f3 que la Diputaci\u00f3 ha d&#8217;estar on estan els municipis, especialment on m\u00e9s li la necessita&#8221;.&nbsp;<\/p>\n\n\n\n<p class=\"wp-block-paragraph\">Per part seua, el president Vicent Momp\u00f3 ha manifestat que este pla &#8220;encaixa amb el que volem que siga la Diputaci\u00f3, una instituci\u00f3 \u00fatil i oberta als pobles, que unira a tot el territori&#8221;. Momp\u00f3 ha afegit que la corporaci\u00f3 ha de ser el motor que cohesione la prov\u00edncia, garantint que la dist\u00e0ncia geogr\u00e0fica no siga un obstacle per a rebre servicis de qualitat.<\/p>\n\n\n\n<p class=\"wp-block-paragraph\">Respecte a les metes pol\u00edtiques del pla, Enguix ha definit els eixos fonamentals: &#8220;El nostre objectiu \u00e9s la proximitat absoluta per a acostar l&#8217;assist\u00e8ncia t\u00e8cnica i jur\u00eddica als municipis m\u00e9s xicotets; l&#8217;agilitat per a facilitar els tr\u00e0mits que milloren l&#8217;economia local i, per descomptat, la lluita directa contra el despoblament actuant sobre el terreny per a frenar la p\u00e8rdua de ve\u00efns&#8221;. La vicepresidenta ha incidit en qu\u00e8 els ajuntaments gestionen assumptes complexos com la contractaci\u00f3 p\u00fablica, l&#8217;urbanisme, la comptabilitat o l&#8217;administraci\u00f3 electr\u00f2nica amb plantilles molt redu\u00efdes i sense cobertura estable de llocs essencials.<\/p>\n\n\n\n<p class=\"wp-block-paragraph\"><strong>El pla al detall&nbsp;<\/strong><\/p>\n\n\n\n<p class=\"wp-block-paragraph\">Per a materialitzar esta proximitat, la vicepresidenta ha desglossat l&#8217;operativa de les oficines, explicant que el model consistix en una desconcentraci\u00f3 real dels servicis actuals sota criteris d&#8217;efic\u00e0cia i efici\u00e8ncia. Es tracta d&#8217;estendre els recursos de la Diputaci\u00f3 cap al territori sense crear nous \u00f2rgans pol\u00edtics ni duplicar administracions, permetent que l&#8217;ajuda arribe de manera directa als ajuntaments. En este sentit, Enguix ha aclarit que &#8220;no es pret\u00e9n ni substituir funcions ni prestar servicis que no siguen propis de la Diputaci\u00f3, sin\u00f3 garantir que cada oficina es convertisca en un punt d&#8217;atenci\u00f3 a la nostra ciutadania&#8221;.&nbsp;<\/p>\n\n\n\n<p class=\"wp-block-paragraph\">Durant la presentaci\u00f3 als grups pol\u00edtics, el cap de servici de comarcalitzaci\u00f3, Rafael Hern\u00e1ndez, ha detallat que l&#8217;objectiu \u00e9s que les funcions a prestar siguen les que consten en l&#8217;article 136 de la Llei de Bases de R\u00e8gim local i l&#8217;article 50 de la Llei de R\u00e8gim Local de la Comunitat Valenciana.&nbsp;<\/p>\n\n\n\n<p class=\"wp-block-paragraph\">Els municipis han sigut seleccionats estrat\u00e8gicament per ser nexes naturals de comunicaci\u00f3 i per comptar ja amb oficines del Servici de Gesti\u00f3 Tribut\u00e0ria (SGT), la qual cosa permet aprofitar infraestructures existents i generar sinergies operatives. No obstant aix\u00f2, s&#8217;ha puntualitzat que comptar amb una oficina del SGT no \u00e9s un criteri excloent per a la ubicaci\u00f3 d&#8217;estes seus, un bon exemple d&#8217;aix\u00f2 \u00e9s Alzira. Estes seus integraran progressivament servicis d&#8217;arquitectura i enginyeria, aix\u00ed com assessorament jur\u00eddic i econ\u00f2mic per a la tramitaci\u00f3 d&#8217;expedients complexos.&nbsp;<\/p>\n\n\n\n<p class=\"wp-block-paragraph\">A m\u00e9s, les oficines funcionaran com a motors de desenvolupament socioecon\u00f2mic en encarregar-se de la gesti\u00f3 de subvencions i de la captaci\u00f3 de fons europeus. Aix\u00ed mateix, durant la presentaci\u00f3 la vicepresidenta Enguix ha explicat que \u201cun dels objectius d&#8217;estes oficines comarcals \u00e9s que els alcaldes i regidors puguen celebrar meses de contractaci\u00f3 prop dels seus municipis, disposar d&#8217;assessorament jur\u00eddic presencial davant qualsevol urg\u00e8ncia i comptar amb assist\u00e8ncia t\u00e8cnica \u00e0gil en mat\u00e8ria d&#8217;urbanisme i territori\u201d.<\/p>\n\n\n\n<p class=\"wp-block-paragraph\">Enguix ha puntualitzat que es tracta d&#8217;un model flexible, la qual cosa facilitar\u00e0 ajustar el sistema abans d&#8217;analitzar la incorporaci\u00f3 d&#8217;altres funcions com poden ser les relacionades amb la informaci\u00f3 ciutadana o servicis associats a la mat\u00e8ria d&#8217;Igualtat. Respecte a la cobertura territorial, s&#8217;ha informat que des d&#8217;estos set punts estrat\u00e8gics es donar\u00e0 servici a la pr\u00e0ctica totalitat de les comarques: Utiel atendr\u00e0 la Plana Utiel-Requena, Valle de Ayora-Cofrentes i Rinc\u00f3n de Ademuz; Ontinyent a la Vall d&#8217;Albaida; Ll\u00edria al Camp de T\u00faria i Los Serranos; Bu\u00f1ol a la Hoya de Bu\u00f1ol; X\u00e0tiva a la Costera i la Canal de Navarr\u00e9s; Gandia a la Safor; i Alzira a la Ribera Alta i Baixa. Per part seua, els municipis de l&#8217;Horta i el Camp de Morvedre continuaran sent atesos directament pels servicis centrals a causa de la seua proximitat i bona connexi\u00f3 amb la capital.<\/p>\n\n\n\n<p class=\"wp-block-paragraph\">Este nou model organitzatiu es debatr\u00e0 en el pr\u00f2xim ple de la Diputaci\u00f3 de Val\u00e8ncia per a la seua aprovaci\u00f3 definitiva. Nat\u00e0lia Enguix ha tancat la presentaci\u00f3 afirmant que, amb la posada en marxa d&#8217;estes oficines, &#8220;la Diputaci\u00f3 deixa de ser una administraci\u00f3 llunyana per a convertir-se en una ferramenta \u00fatil i present que garantix la igualtat de servicis en tot el territori valenci\u00e0&#8221;.<\/p>\n","protected":false},"excerpt":{"rendered":"<div class=\"mh-excerpt\">El pla establix seus f\u00edsiques a Utiel, Ontinyent, Ll\u00edria, Bu\u00f1ol, X\u00e0tiva, Gandia i Alzira per a donar servici directe als municipis de la prov\u00edncia. El president Vicent Momp\u00f3 destaca que el pla consolida una instituci\u00f3 <a class=\"mh-excerpt-more\" href=\"https:\/\/tucomarca.whitekongsoftware.com\/ca\/la-diputacio-de-valencia-impulsa-la-comarcalitzacio-dels-seus-servicis-amb-set-oficines-que-reforcen-latencio-als-266-municipis\/\" title=\"La Diputaci\u00f3 de Val\u00e8ncia impulsa la comarcalitzaci\u00f3 dels seus servicis amb set oficines que reforcen l&#8217;atenci\u00f3 als 266 municipis\">[+] <\/a><\/div>\n","protected":false},"author":12,"featured_media":294121,"comment_status":"closed","ping_status":"open","sticky":false,"template":"","format":"standard","meta":{"footnotes":""},"categories":[10898,10948,10894,10904,10947,10896],"tags":[11246,23992],"class_list":["post-294122","post","type-post","status-publish","format-standard","has-post-thumbnail","category-ventana-ca","category-infraestructuras-ca","category-la-comarca-ca","category-sin-categorizar-ca","category-politica","category-seccion-ca","tag-diputacio-de-valencia-ca","tag-plan-de-oficinas-comarcales-de-asistencia-a-los-municipios"],"_links":{"self":[{"href":"https:\/\/tucomarca.whitekongsoftware.com\/ca\/wp-json\/wp\/v2\/posts\/294122","targetHints":{"allow":["GET"]}}],"collection":[{"href":"https:\/\/tucomarca.whitekongsoftware.com\/ca\/wp-json\/wp\/v2\/posts"}],"about":[{"href":"https:\/\/tucomarca.whitekongsoftware.com\/ca\/wp-json\/wp\/v2\/types\/post"}],"author":[{"embeddable":true,"href":"https:\/\/tucomarca.whitekongsoftware.com\/ca\/wp-json\/wp\/v2\/users\/12"}],"replies":[{"embeddable":true,"href":"https:\/\/tucomarca.whitekongsoftware.com\/ca\/wp-json\/wp\/v2\/comments?post=294122"}],"version-history":[{"count":0,"href":"https:\/\/tucomarca.whitekongsoftware.com\/ca\/wp-json\/wp\/v2\/posts\/294122\/revisions"}],"wp:featuredmedia":[{"embeddable":true,"href":"https:\/\/tucomarca.whitekongsoftware.com\/ca\/wp-json\/wp\/v2\/media\/294121"}],"wp:attachment":[{"href":"https:\/\/tucomarca.whitekongsoftware.com\/ca\/wp-json\/wp\/v2\/media?parent=294122"}],"wp:term":[{"taxonomy":"category","embeddable":true,"href":"https:\/\/tucomarca.whitekongsoftware.com\/ca\/wp-json\/wp\/v2\/categories?post=294122"},{"taxonomy":"post_tag","embeddable":true,"href":"https:\/\/tucomarca.whitekongsoftware.com\/ca\/wp-json\/wp\/v2\/tags?post=294122"}],"curies":[{"name":"wp","href":"https:\/\/api.w.org\/{rel}","templated":true}]}}