{"id":294093,"date":"2026-02-25T13:00:00","date_gmt":"2026-02-25T12:00:00","guid":{"rendered":"https:\/\/www.tucomarca.com\/wordpress\/segunda\/?p=294093"},"modified":"2026-02-25T14:16:16","modified_gmt":"2026-02-25T13:16:16","slug":"els-bombers-excarceren-una-conductora-despres-de-bolcar-el-seu-vehicle-al-nucli-urba-de-cheste","status":"publish","type":"post","link":"https:\/\/tucomarca.whitekongsoftware.com\/ca\/els-bombers-excarceren-una-conductora-despres-de-bolcar-el-seu-vehicle-al-nucli-urba-de-cheste\/","title":{"rendered":"Els bombers excarceren una conductora despr\u00e9s de bolcar el seu vehicle al nucli urb\u00e0 de Cheste"},"content":{"rendered":"\n<p class=\"wp-block-paragraph\">Efectius del Consorci Provincial de Bombers de Val\u00e8ncia han intervingut en un accident de tr\u00e0nsit ocorregut aquest dimecres al mat\u00ed al nucli urb\u00e0 de Cheste, concretament al carrer Chiva, on un vehicle ha col\u00b7lisionat contra un altre que es trobava estacionat i sense ocupants en el seu interior.<\/p>\n\n\n\n<p class=\"wp-block-paragraph\">A conseq\u00fc\u00e8ncia de l\u2019impacte, el turisme ha quedat bolcat sobre la cal\u00e7ada i ha tombat una farola, generant una situaci\u00f3 de risc que ha requerit la r\u00e0pida actuaci\u00f3 dels serveis d\u2019emerg\u00e8ncia.<\/p>\n\n\n\n<p class=\"wp-block-paragraph\">La conductora del vehicle sinistrat ha quedat atrapada a l\u2019interior, per la qual cosa ha sigut necess\u00e0ria la seua excarceraci\u00f3 per part dels bombers. En la intervenci\u00f3 han participat dotacions dels parcs de Paterna i Chiva, aix\u00ed com un sergent de Paterna i un oficial del Consorci.<\/p>\n\n\n\n<p class=\"wp-block-paragraph\">Despr\u00e9s de l\u2019excarceraci\u00f3, la conductora ha sigut atesa pels serveis sanitaris despla\u00e7ats fins al lloc de l\u2019accident. Les circumst\u00e0ncies del sinistre estan sent investigades.<\/p>\n\n\n\n<figure class=\"wp-block-gallery has-nested-images columns-1 is-cropped wp-block-gallery-1 is-layout-flex wp-block-gallery-is-layout-flex\">\n<figure class=\"wp-block-image size-large\"><img loading=\"lazy\" decoding=\"async\" width=\"1024\" height=\"691\" data-id=\"294088\" src=\"https:\/\/www.tucomarca.com\/wordpress\/segunda\/wp-content\/uploads\/2026\/02\/ChesteAccidente2-1024x691.jpg\" alt=\"\" class=\"wp-image-294088\" srcset=\"https:\/\/tucomarca.whitekongsoftware.com\/wp-content\/uploads\/2026\/02\/ChesteAccidente2-1024x691.jpg 1024w, https:\/\/tucomarca.whitekongsoftware.com\/wp-content\/uploads\/2026\/02\/ChesteAccidente2-300x202.jpg 300w, https:\/\/tucomarca.whitekongsoftware.com\/wp-content\/uploads\/2026\/02\/ChesteAccidente2-768x518.jpg 768w, https:\/\/tucomarca.whitekongsoftware.com\/wp-content\/uploads\/2026\/02\/ChesteAccidente2.jpg 1181w\" sizes=\"auto, (max-width: 1024px) 100vw, 1024px\" \/><\/figure>\n\n\n\n<figure class=\"wp-block-image size-large\"><img loading=\"lazy\" decoding=\"async\" width=\"1024\" height=\"691\" data-id=\"294086\" src=\"https:\/\/www.tucomarca.com\/wordpress\/segunda\/wp-content\/uploads\/2026\/02\/ChesteAccidente1-1024x691.jpg\" alt=\"\" class=\"wp-image-294086\" srcset=\"https:\/\/tucomarca.whitekongsoftware.com\/wp-content\/uploads\/2026\/02\/ChesteAccidente1-1024x691.jpg 1024w, https:\/\/tucomarca.whitekongsoftware.com\/wp-content\/uploads\/2026\/02\/ChesteAccidente1-300x202.jpg 300w, https:\/\/tucomarca.whitekongsoftware.com\/wp-content\/uploads\/2026\/02\/ChesteAccidente1-768x518.jpg 768w, https:\/\/tucomarca.whitekongsoftware.com\/wp-content\/uploads\/2026\/02\/ChesteAccidente1.jpg 1181w\" sizes=\"auto, (max-width: 1024px) 100vw, 1024px\" \/><\/figure>\n<\/figure>\n","protected":false},"excerpt":{"rendered":"<div class=\"mh-excerpt\">Efectius del Consorci Provincial de Bombers de Val\u00e8ncia han intervingut en un accident de tr\u00e0nsit ocorregut aquest dimecres al mat\u00ed al nucli urb\u00e0 de Cheste, concretament al carrer Chiva, on un vehicle ha col\u00b7lisionat contra <a class=\"mh-excerpt-more\" href=\"https:\/\/tucomarca.whitekongsoftware.com\/ca\/els-bombers-excarceren-una-conductora-despres-de-bolcar-el-seu-vehicle-al-nucli-urba-de-cheste\/\" title=\"Els bombers excarceren una conductora despr\u00e9s de bolcar el seu vehicle al nucli urb\u00e0 de Cheste\">[+] <\/a><\/div>\n","protected":false},"author":12,"featured_media":294091,"comment_status":"closed","ping_status":"open","sticky":false,"template":"","format":"gallery","meta":{"footnotes":""},"categories":[10898,10894,10912,10896,10897,10974],"tags":[11071,13613,10914],"class_list":["post-294093","post","type-post","status-publish","format-gallery","has-post-thumbnail","category-ventana-ca","category-la-comarca-ca","category-la-hoya-ca","category-seccion-ca","category-sucesos-la-comarca-ca","category-cheste-ca","tag-cheste","tag-consorcio-de-bomberos-ca","tag-la-hoya-de-bunol-chiva-ca","post_format-post-format-gallery"],"_links":{"self":[{"href":"https:\/\/tucomarca.whitekongsoftware.com\/ca\/wp-json\/wp\/v2\/posts\/294093","targetHints":{"allow":["GET"]}}],"collection":[{"href":"https:\/\/tucomarca.whitekongsoftware.com\/ca\/wp-json\/wp\/v2\/posts"}],"about":[{"href":"https:\/\/tucomarca.whitekongsoftware.com\/ca\/wp-json\/wp\/v2\/types\/post"}],"author":[{"embeddable":true,"href":"https:\/\/tucomarca.whitekongsoftware.com\/ca\/wp-json\/wp\/v2\/users\/12"}],"replies":[{"embeddable":true,"href":"https:\/\/tucomarca.whitekongsoftware.com\/ca\/wp-json\/wp\/v2\/comments?post=294093"}],"version-history":[{"count":0,"href":"https:\/\/tucomarca.whitekongsoftware.com\/ca\/wp-json\/wp\/v2\/posts\/294093\/revisions"}],"wp:featuredmedia":[{"embeddable":true,"href":"https:\/\/tucomarca.whitekongsoftware.com\/ca\/wp-json\/wp\/v2\/media\/294091"}],"wp:attachment":[{"href":"https:\/\/tucomarca.whitekongsoftware.com\/ca\/wp-json\/wp\/v2\/media?parent=294093"}],"wp:term":[{"taxonomy":"category","embeddable":true,"href":"https:\/\/tucomarca.whitekongsoftware.com\/ca\/wp-json\/wp\/v2\/categories?post=294093"},{"taxonomy":"post_tag","embeddable":true,"href":"https:\/\/tucomarca.whitekongsoftware.com\/ca\/wp-json\/wp\/v2\/tags?post=294093"}],"curies":[{"name":"wp","href":"https:\/\/api.w.org\/{rel}","templated":true}]}}