{"id":294065,"date":"2026-02-25T09:00:00","date_gmt":"2026-02-25T08:00:00","guid":{"rendered":"https:\/\/www.tucomarca.com\/wordpress\/segunda\/?p=294065"},"modified":"2026-02-25T13:56:44","modified_gmt":"2026-02-25T12:56:44","slug":"la-sala-tomatina-de-bunyol-acull-este-divendres-tres-passes-de-lespectacle-objetuario-dana-ulloa","status":"publish","type":"post","link":"https:\/\/tucomarca.whitekongsoftware.com\/ca\/la-sala-tomatina-de-bunyol-acull-este-divendres-tres-passes-de-lespectacle-objetuario-dana-ulloa\/","title":{"rendered":"La Sala Tomatina de Bunyol acull este divendres tres passes de l\u2019espectacle &#8216;Objetuario&#8217;, d\u2019Ana Ulloa"},"content":{"rendered":"\n<p class=\"wp-block-paragraph\">La Sala Tomatina oferir\u00e0 este divendres 27 de febrer tres passes de l\u2019espectacle \u201cObjetuario\u201d, una proposta esc\u00e8nica d\u2019Ana Ulloa que convida el p\u00fablic a submergir-se en un univers de records, emocions i mem\u00f2ries compartides. Les funcions se celebraran a les 19.00, 20.00 i 21.00 hores.<\/p>\n\n\n\n<p class=\"wp-block-paragraph\">\u201cObjetuario\u201d es presenta com una col\u00b7lecci\u00f3 d\u2019objectes m\u00e8dium: elements aparentment insignificants que, no obstant aix\u00f2, contenen hist\u00f2ries latents. Un tel\u00e8fon que no funciona, una guardiola amb tres pessetes, un quadern de receptes o una postal amb 165 paraules d\u2019amor es convertixen en detonants de relats que travessen generacions.<\/p>\n\n\n\n<p class=\"wp-block-paragraph\">A trav\u00e9s d\u2019estos objectes quotidians s\u2019activaran mem\u00f2ries familiars i col\u00b7lectives, convidant l\u2019espectador a recon\u00e9ixer-se en elles. La proposta es configura aix\u00ed com una experi\u00e8ncia \u00edntima i participativa que apel\u00b7la a la mem\u00f2ria individual i compartida, i que planteja una reflexi\u00f3 sobre la import\u00e0ncia de preservar i transmetre les nostres hist\u00f2ries.<\/p>\n\n\n\n<figure class=\"wp-block-image size-full\"><img loading=\"lazy\" decoding=\"async\" width=\"1024\" height=\"683\" src=\"https:\/\/www.tucomarca.com\/wordpress\/segunda\/wp-content\/uploads\/2026\/02\/OBJETUARIO-AnaUlloa.jpg\" alt=\"\" class=\"wp-image-294054\" srcset=\"https:\/\/tucomarca.whitekongsoftware.com\/wp-content\/uploads\/2026\/02\/OBJETUARIO-AnaUlloa.jpg 1024w, https:\/\/tucomarca.whitekongsoftware.com\/wp-content\/uploads\/2026\/02\/OBJETUARIO-AnaUlloa-300x200.jpg 300w, https:\/\/tucomarca.whitekongsoftware.com\/wp-content\/uploads\/2026\/02\/OBJETUARIO-AnaUlloa-768x512.jpg 768w\" sizes=\"auto, (max-width: 1024px) 100vw, 1024px\" \/><\/figure>\n\n\n\n<p class=\"wp-block-paragraph\">El preu de l\u2019entrada \u00e9s de 5 euros, amb pagament exclusiu mitjan\u00e7ant targeta. Les persones interessades poden inscriure\u2019s a trav\u00e9s del correu electr\u00f2nic <a>bunyolescultura@gmail.com<\/a> o telefonant o enviant un missatge de WhatsApp al 606 305 619.<\/p>\n\n\n\n<p class=\"wp-block-paragraph\">A m\u00e9s, el p\u00fablic pot visualitzar el tr\u00e0iler de l\u2019espectacle a trav\u00e9s de l\u2019enlla\u00e7 facilitat per l\u2019organitzaci\u00f3 per a con\u00e9ixer m\u00e9s detalls d\u2019esta original posada en escena.<\/p>\n","protected":false},"excerpt":{"rendered":"<div class=\"mh-excerpt\">La Sala Tomatina oferir\u00e0 este divendres 27 de febrer tres passes de l\u2019espectacle \u201cObjetuario\u201d, una proposta esc\u00e8nica d\u2019Ana Ulloa que convida el p\u00fablic a submergir-se en un univers de records, emocions i mem\u00f2ries compartides. Les <a class=\"mh-excerpt-more\" href=\"https:\/\/tucomarca.whitekongsoftware.com\/ca\/la-sala-tomatina-de-bunyol-acull-este-divendres-tres-passes-de-lespectacle-objetuario-dana-ulloa\/\" title=\"La Sala Tomatina de Bunyol acull este divendres tres passes de l\u2019espectacle &#8216;Objetuario&#8217;, d\u2019Ana Ulloa\">[+] <\/a><\/div>\n","protected":false},"author":12,"featured_media":294057,"comment_status":"closed","ping_status":"open","sticky":false,"template":"","format":"standard","meta":{"footnotes":""},"categories":[11019,10911,10894,10912,11007,10896],"tags":[10913,14722,10914],"class_list":["post-294065","post","type-post","status-publish","format-standard","has-post-thumbnail","category-agenda-ca","category-bunol-ca","category-la-comarca-ca","category-la-hoya-ca","category-ocio-y-cultura-ca","category-seccion-ca","tag-bunol-ca","tag-bunol-actua-ca","tag-la-hoya-de-bunol-chiva-ca"],"_links":{"self":[{"href":"https:\/\/tucomarca.whitekongsoftware.com\/ca\/wp-json\/wp\/v2\/posts\/294065","targetHints":{"allow":["GET"]}}],"collection":[{"href":"https:\/\/tucomarca.whitekongsoftware.com\/ca\/wp-json\/wp\/v2\/posts"}],"about":[{"href":"https:\/\/tucomarca.whitekongsoftware.com\/ca\/wp-json\/wp\/v2\/types\/post"}],"author":[{"embeddable":true,"href":"https:\/\/tucomarca.whitekongsoftware.com\/ca\/wp-json\/wp\/v2\/users\/12"}],"replies":[{"embeddable":true,"href":"https:\/\/tucomarca.whitekongsoftware.com\/ca\/wp-json\/wp\/v2\/comments?post=294065"}],"version-history":[{"count":0,"href":"https:\/\/tucomarca.whitekongsoftware.com\/ca\/wp-json\/wp\/v2\/posts\/294065\/revisions"}],"wp:featuredmedia":[{"embeddable":true,"href":"https:\/\/tucomarca.whitekongsoftware.com\/ca\/wp-json\/wp\/v2\/media\/294057"}],"wp:attachment":[{"href":"https:\/\/tucomarca.whitekongsoftware.com\/ca\/wp-json\/wp\/v2\/media?parent=294065"}],"wp:term":[{"taxonomy":"category","embeddable":true,"href":"https:\/\/tucomarca.whitekongsoftware.com\/ca\/wp-json\/wp\/v2\/categories?post=294065"},{"taxonomy":"post_tag","embeddable":true,"href":"https:\/\/tucomarca.whitekongsoftware.com\/ca\/wp-json\/wp\/v2\/tags?post=294065"}],"curies":[{"name":"wp","href":"https:\/\/api.w.org\/{rel}","templated":true}]}}