{"id":293970,"date":"2026-02-24T10:10:00","date_gmt":"2026-02-24T09:10:00","guid":{"rendered":"https:\/\/www.tucomarca.com\/wordpress\/segunda\/?p=293970"},"modified":"2026-02-24T21:58:30","modified_gmt":"2026-02-24T20:58:30","slug":"bunyol-convida-a-la-seua-ciutadania-a-redescobrir-el-municipi-amb-la-campanya-turista-al-teu-poble","status":"publish","type":"post","link":"https:\/\/tucomarca.whitekongsoftware.com\/ca\/bunyol-convida-a-la-seua-ciutadania-a-redescobrir-el-municipi-amb-la-campanya-turista-al-teu-poble\/","title":{"rendered":"Bunyol convida a la seua ciutadania a redescobrir el municipi amb la campanya \u201cTurista al teu poble\u201d"},"content":{"rendered":"\n<h3 class=\"wp-block-heading\">El 22 i 29 de mar\u00e7 se celebraran dues visites guiades gratu\u00eftes dirigides a la poblaci\u00f3 local<\/h3>\n\n\n\n<p class=\"wp-block-paragraph\">L&#8217;Ajuntament de Bunyol ha llan\u00e7at la campanya \u201cTurista al teu poble\u201d, una iniciativa emmarcada en el Pla de Sostenibilitat Tur\u00edstica en Dest\u00ed (PSTD) \u201cSenda Verda\u201d i finan\u00e7ada per la Uni\u00f3 Europea a trav\u00e9s dels fons Next Generation EU. La proposta convida a la poblaci\u00f3 empadronada a redescobrir el seu propi patrimoni tur\u00edstic des d&#8217;una mirada conscient i participativa.<\/p>\n\n\n\n<p class=\"wp-block-paragraph\">La campanya parteix de la idea que fer turisme no sempre implica despla\u00e7ar-se lluny, sin\u00f3 aprendre a mirar de nou all\u00f2 que forma part de la nostra vida quotidiana. L&#8217;objectiu \u00e9s refor\u00e7ar el vincle emocional amb el municipi, fomentar l&#8217;orgull de pertinen\u00e7a i convertir a la ciutadania en protagonista i prescriptora del dest\u00ed.<\/p>\n\n\n\n<p class=\"wp-block-paragraph\">En paraules de la regidora de Turisme, Luc\u00eda Villar, \u201cel futur del dest\u00ed es construeix amb la implicaci\u00f3 activa de la seua pr\u00f2pia gent. No podem parlar de sostenibilitat tur\u00edstica sense comptar amb els qui viuen Bunyol cada dia. Amb \u2018Turista al teu poble\u2019 volem que la nostra ciutadania redescobrisca el seu patrimoni, el valore i es convertisca en la millor ambaixadora del municipi\u201d.<\/p>\n\n\n\n<p class=\"wp-block-paragraph\"><strong>Dues visites guiades exclusives per a poblaci\u00f3 local<\/strong><\/p>\n\n\n\n<p class=\"wp-block-paragraph\">La programaci\u00f3 inclou dues visites guiades gratu\u00eftes, dirigides exclusivament a persones empadronades a Bunyol, que permetran aprofundir en espais emblem\u00e0tics del municipi.<\/p>\n\n\n\n<p class=\"wp-block-paragraph\"><strong>22 de mar\u00e7: Castillo i Cementeri Civil<\/strong><\/p>\n\n\n\n<p class=\"wp-block-paragraph\">La visita comen\u00e7ar\u00e0 al Castell de Bunyol, fortalesa amb segles d&#8217;hist\u00f2ria que domina el paisatge urb\u00e0. Acompanyats per guia especialitzat, els participants recorreran el recinte emmurallat, els seus espais muse\u00edstics i ascendiran a les seues torres per a contemplar vistes privilegiades del municipi i el seu entorn natural.<\/p>\n\n\n\n<p class=\"wp-block-paragraph\">L&#8217;itinerari continuar\u00e0 en el Cementeri Civil, en aquest recinte es conserven notables testimoniatges de la pres\u00e8ncia de la ma\u00e7oneria a Bunyol i la comarca, incloent-hi gravats realitzats fins i tot durant el franquisme.<\/p>\n\n\n\n<p class=\"wp-block-paragraph\"><strong>29 de mar\u00e7: Parc de Sant Llu\u00eds i Museu de la Tomatina<\/strong><\/p>\n\n\n\n<p class=\"wp-block-paragraph\">La segona visita comen\u00e7ar\u00e0 al Parc de Sant Llu\u00eds, al costat de l&#8217;auditori, i ens portar\u00e0 a rec\u00f3rrer el cor de Bunyol a trav\u00e9s d&#8217;alguns dels seus espais m\u00e9s representatius. L&#8217;itinerari permetr\u00e0 descobrir la petjada dels antics molins paperers del segle XVIII.<\/p>\n\n\n\n<p class=\"wp-block-paragraph\">L&#8217;experi\u00e8ncia inclour\u00e0 la visita al Museu de la Tomatina, un espai expositiu clau per a comprendre l&#8217;origen, l&#8217;evoluci\u00f3 i les singularitats d&#8217;aquesta celebraci\u00f3 \u00fanica en el m\u00f3n. A trav\u00e9s de recursos audiovisuals, imatges i testimoniatges, s&#8217;analitzar\u00e0 com una tradici\u00f3 local sorgida de manera espont\u00e0nia va aconseguir consolidar-se com un fenomen internacional sense perdre el seu arrelament popular. El recorregut finalitzar\u00e0 ascendint per les estretes i pintorescos carrers del barri hist\u00f2ric fins a aconseguir el Castell de Bunyol.<\/p>\n\n\n\n<p class=\"wp-block-paragraph\">Les visites seran gratu\u00eftes fins a completar aforament. Les inscripcions s&#8217;han de realitzar completant el formulari habilitat per l&#8217;Oficina de Turisme de Bunyol.<\/p>\n","protected":false},"excerpt":{"rendered":"<div class=\"mh-excerpt\">El 22 i 29 de mar\u00e7 se celebraran dues visites guiades gratu\u00eftes dirigides a la poblaci\u00f3 local L&#8217;Ajuntament de Bunyol ha llan\u00e7at la campanya \u201cTurista al teu poble\u201d, una iniciativa emmarcada en el Pla de <a class=\"mh-excerpt-more\" href=\"https:\/\/tucomarca.whitekongsoftware.com\/ca\/bunyol-convida-a-la-seua-ciutadania-a-redescobrir-el-municipi-amb-la-campanya-turista-al-teu-poble\/\" title=\"Bunyol convida a la seua ciutadania a redescobrir el municipi amb la campanya \u201cTurista al teu poble\u201d\">[+] <\/a><\/div>\n","protected":false},"author":12,"featured_media":293968,"comment_status":"closed","ping_status":"open","sticky":false,"template":"","format":"standard","meta":{"footnotes":""},"categories":[11019,10911,10894,10912,11007,10896],"tags":[10913,10914,23982],"class_list":["post-293970","post","type-post","status-publish","format-standard","has-post-thumbnail","category-agenda-ca","category-bunol-ca","category-la-comarca-ca","category-la-hoya-ca","category-ocio-y-cultura-ca","category-seccion-ca","tag-bunol-ca","tag-la-hoya-de-bunol-chiva-ca","tag-turista-en-tu-pueblo"],"_links":{"self":[{"href":"https:\/\/tucomarca.whitekongsoftware.com\/ca\/wp-json\/wp\/v2\/posts\/293970","targetHints":{"allow":["GET"]}}],"collection":[{"href":"https:\/\/tucomarca.whitekongsoftware.com\/ca\/wp-json\/wp\/v2\/posts"}],"about":[{"href":"https:\/\/tucomarca.whitekongsoftware.com\/ca\/wp-json\/wp\/v2\/types\/post"}],"author":[{"embeddable":true,"href":"https:\/\/tucomarca.whitekongsoftware.com\/ca\/wp-json\/wp\/v2\/users\/12"}],"replies":[{"embeddable":true,"href":"https:\/\/tucomarca.whitekongsoftware.com\/ca\/wp-json\/wp\/v2\/comments?post=293970"}],"version-history":[{"count":0,"href":"https:\/\/tucomarca.whitekongsoftware.com\/ca\/wp-json\/wp\/v2\/posts\/293970\/revisions"}],"wp:featuredmedia":[{"embeddable":true,"href":"https:\/\/tucomarca.whitekongsoftware.com\/ca\/wp-json\/wp\/v2\/media\/293968"}],"wp:attachment":[{"href":"https:\/\/tucomarca.whitekongsoftware.com\/ca\/wp-json\/wp\/v2\/media?parent=293970"}],"wp:term":[{"taxonomy":"category","embeddable":true,"href":"https:\/\/tucomarca.whitekongsoftware.com\/ca\/wp-json\/wp\/v2\/categories?post=293970"},{"taxonomy":"post_tag","embeddable":true,"href":"https:\/\/tucomarca.whitekongsoftware.com\/ca\/wp-json\/wp\/v2\/tags?post=293970"}],"curies":[{"name":"wp","href":"https:\/\/api.w.org\/{rel}","templated":true}]}}