{"id":293785,"date":"2026-02-23T18:00:00","date_gmt":"2026-02-23T17:00:00","guid":{"rendered":"https:\/\/www.tucomarca.com\/wordpress\/segunda\/?p=293785"},"modified":"2026-02-23T19:04:38","modified_gmt":"2026-02-23T18:04:38","slug":"bunyol-i-sant-antoni-de-requena-entre-altres-pobles-es-manifesten-a-valencia-contra-la-installacio-de-plantes-de-biometa-en-els-seus-termes","status":"publish","type":"post","link":"https:\/\/tucomarca.whitekongsoftware.com\/ca\/bunyol-i-sant-antoni-de-requena-entre-altres-pobles-es-manifesten-a-valencia-contra-la-installacio-de-plantes-de-biometa-en-els-seus-termes\/","title":{"rendered":"Bunyol i Sant Antoni de Requena, entre altres pobles, es manifesten a Val\u00e8ncia contra la instal\u00b7laci\u00f3 de plantes de biomet\u00e0 en els seus termes"},"content":{"rendered":"\n<p class=\"wp-block-paragraph\">Ve\u00efns de Bunyol, Sant Antoni de Requena i altres municipis de l&#8217;interior de la prov\u00edncia afectats s&#8217;han manifestat a Val\u00e8ncia per a mostrar el seu rebuig a la instal\u00b7laci\u00f3 de plantes de biomet\u00e0 en els seus termes municipals.<\/p>\n\n\n\n<p class=\"wp-block-paragraph\">Les poblacions implicades van participar en la concentraci\u00f3 celebrada en la capital valenciana per a expressar la seua preocupaci\u00f3 davant la proliferaci\u00f3 d&#8217;aquesta mena d&#8217;infraestructures energ\u00e8tiques, que, segons denuncien, es projecten majorit\u00e0riament en municipis de l&#8217;interior.<\/p>\n\n\n\n<p class=\"wp-block-paragraph\">Els assistents van explicar que, com ve ocorrent amb altres macroinfraestructures, s\u00f3n aquestes localitats les que assumeixen quasi en exclusiva les conseq\u00fc\u00e8ncies, al mateix temps que van advertir que a la prov\u00edncia de Val\u00e8ncia hi ha previstes m\u00e9s d&#8217;un centenar de plantes.<\/p>\n\n\n\n<p class=\"wp-block-paragraph\">A la comarca de La Foia de Bunyol est\u00e0 projectada una instal\u00b7laci\u00f3 en el terme de Bunyol, situada molt prop del nucli urb\u00e0. Col\u00b7lectius ve\u00efnals alerten que aquesta proximitat podria traduir-se en mol\u00e8sties per olors, possibles afeccions mediambientals i un augment del tr\u00e0nsit de vehicles pesants en la zona.<\/p>\n\n\n\n<p class=\"wp-block-paragraph\">Amb aquesta mobilitzaci\u00f3, els municipis afectats busquen visibilitzar la seua postura i reclamar que es tinga en compte l&#8217;opini\u00f3 dels ve\u00efns abans d&#8217;autoritzar aquest tipus de projectes.<\/p>\n\n\n\n<figure class=\"wp-block-image size-large\"><img loading=\"lazy\" decoding=\"async\" width=\"1024\" height=\"768\" src=\"https:\/\/www.tucomarca.com\/wordpress\/segunda\/wp-content\/uploads\/2026\/02\/BiometanoManifest4-1024x768.jpg\" alt=\"\" class=\"wp-image-293782\" srcset=\"https:\/\/tucomarca.whitekongsoftware.com\/wp-content\/uploads\/2026\/02\/BiometanoManifest4-1024x768.jpg 1024w, https:\/\/tucomarca.whitekongsoftware.com\/wp-content\/uploads\/2026\/02\/BiometanoManifest4-300x225.jpg 300w, https:\/\/tucomarca.whitekongsoftware.com\/wp-content\/uploads\/2026\/02\/BiometanoManifest4-768x576.jpg 768w, https:\/\/tucomarca.whitekongsoftware.com\/wp-content\/uploads\/2026\/02\/BiometanoManifest4-1536x1152.jpg 1536w, https:\/\/tucomarca.whitekongsoftware.com\/wp-content\/uploads\/2026\/02\/BiometanoManifest4-678x509.jpg 678w, https:\/\/tucomarca.whitekongsoftware.com\/wp-content\/uploads\/2026\/02\/BiometanoManifest4-326x245.jpg 326w, https:\/\/tucomarca.whitekongsoftware.com\/wp-content\/uploads\/2026\/02\/BiometanoManifest4-80x60.jpg 80w, https:\/\/tucomarca.whitekongsoftware.com\/wp-content\/uploads\/2026\/02\/BiometanoManifest4.jpg 2048w\" sizes=\"auto, (max-width: 1024px) 100vw, 1024px\" \/><\/figure>\n","protected":false},"excerpt":{"rendered":"<div class=\"mh-excerpt\">Ve\u00efns de Bunyol, Sant Antoni de Requena i altres municipis de l&#8217;interior de la prov\u00edncia afectats s&#8217;han manifestat a Val\u00e8ncia per a mostrar el seu rebuig a la instal\u00b7laci\u00f3 de plantes de biomet\u00e0 en els <a class=\"mh-excerpt-more\" href=\"https:\/\/tucomarca.whitekongsoftware.com\/ca\/bunyol-i-sant-antoni-de-requena-entre-altres-pobles-es-manifesten-a-valencia-contra-la-installacio-de-plantes-de-biometa-en-els-seus-termes\/\" title=\"Bunyol i Sant Antoni de Requena, entre altres pobles, es manifesten a Val\u00e8ncia contra la instal\u00b7laci\u00f3 de plantes de biomet\u00e0 en els seus termes\">[+] <\/a><\/div>\n","protected":false},"author":1,"featured_media":293787,"comment_status":"closed","ping_status":"open","sticky":false,"template":"","format":"standard","meta":{"footnotes":""},"categories":[10911,10898,10948,10894,10904,10912,10903,10947,10909,11057,10896,10897],"tags":[10913,10914,10910,17318],"class_list":["post-293785","post","type-post","status-publish","format-standard","has-post-thumbnail","category-bunol-ca","category-ventana-ca","category-infraestructuras-ca","category-la-comarca-ca","category-sin-categorizar-ca","category-la-hoya-ca","category-medio-ambiente-la-comarca-ca","category-politica","category-requena-utiel-ca","category-san-antonio-ca","category-seccion-ca","category-sucesos-la-comarca-ca","tag-bunol-ca","tag-la-hoya-de-bunol-chiva-ca","tag-requena-utiel-ca","tag-san-antonio-ca"],"_links":{"self":[{"href":"https:\/\/tucomarca.whitekongsoftware.com\/ca\/wp-json\/wp\/v2\/posts\/293785","targetHints":{"allow":["GET"]}}],"collection":[{"href":"https:\/\/tucomarca.whitekongsoftware.com\/ca\/wp-json\/wp\/v2\/posts"}],"about":[{"href":"https:\/\/tucomarca.whitekongsoftware.com\/ca\/wp-json\/wp\/v2\/types\/post"}],"author":[{"embeddable":true,"href":"https:\/\/tucomarca.whitekongsoftware.com\/ca\/wp-json\/wp\/v2\/users\/1"}],"replies":[{"embeddable":true,"href":"https:\/\/tucomarca.whitekongsoftware.com\/ca\/wp-json\/wp\/v2\/comments?post=293785"}],"version-history":[{"count":0,"href":"https:\/\/tucomarca.whitekongsoftware.com\/ca\/wp-json\/wp\/v2\/posts\/293785\/revisions"}],"wp:featuredmedia":[{"embeddable":true,"href":"https:\/\/tucomarca.whitekongsoftware.com\/ca\/wp-json\/wp\/v2\/media\/293787"}],"wp:attachment":[{"href":"https:\/\/tucomarca.whitekongsoftware.com\/ca\/wp-json\/wp\/v2\/media?parent=293785"}],"wp:term":[{"taxonomy":"category","embeddable":true,"href":"https:\/\/tucomarca.whitekongsoftware.com\/ca\/wp-json\/wp\/v2\/categories?post=293785"},{"taxonomy":"post_tag","embeddable":true,"href":"https:\/\/tucomarca.whitekongsoftware.com\/ca\/wp-json\/wp\/v2\/tags?post=293785"}],"curies":[{"name":"wp","href":"https:\/\/api.w.org\/{rel}","templated":true}]}}