{"id":293685,"date":"2026-02-20T11:45:00","date_gmt":"2026-02-20T10:45:00","guid":{"rendered":"https:\/\/www.tucomarca.com\/wordpress\/segunda\/?p=293685"},"modified":"2026-02-20T19:07:05","modified_gmt":"2026-02-20T18:07:05","slug":"mompo-i-funez-critiquen-labando-de-sanchez-en-les-politiques-socials-dels-municipis-afectats-per-la-dana","status":"publish","type":"post","link":"https:\/\/tucomarca.whitekongsoftware.com\/ca\/mompo-i-funez-critiquen-labando-de-sanchez-en-les-politiques-socials-dels-municipis-afectats-per-la-dana\/","title":{"rendered":"Momp\u00f3 i F\u00fanez critiquen &#8220;l&#8217;aband\u00f3&#8221; de S\u00e1nchez en les pol\u00edtiques socials dels municipis afectats per la DANA"},"content":{"rendered":"\n<h3 class=\"wp-block-heading\">El PP de la prov\u00edncia de Val\u00e8ncia celebra unes jornades de Pol\u00edtica Social: \u201cLa salut mental \u00e9s fonamental en la reconstrucci\u00f3, per\u00f2 el Govern ha tardat 477 a convocar la Comissi\u00f3 Mixta\u201d.<\/h3>\n\n\n\n<h3 class=\"wp-block-heading\">F\u00fanez: \u201cL&#8217;any passat es van recaptar 300.000 milions d&#8217;euros en impostos; no obstant aix\u00f2, vivim una crisi de servicis p\u00fablics\u201d.<\/h3>\n\n\n\n<p class=\"wp-block-paragraph\">El PP de la prov\u00edncia de Val\u00e8ncia ha celebrat este dijous i divendres unes jornades de Pol\u00edtica Social, a les quals ha assistit la vicesecret\u00e0ria de Sanitat i Pol\u00edtica Social de l&#8217;Executiva Nacional del PP, Carmen F\u00fanez. Estes jornades estan dirigides als responsables d&#8217;accions socials dels ajuntaments per a enfortir les l\u00ednies de treball davant \u201cl&#8217;aband\u00f3 que estos servicis p\u00fablics patixen a les mans de S\u00e1nchez\u201d.<\/p>\n\n\n\n<p class=\"wp-block-paragraph\">En la primera sessi\u00f3, este dijous, F\u00fanez, el president provincial Vicent Momp\u00f3, i la secret\u00e0ria general Reme Mazzolari, s&#8217;han reunit amb els responsables municipals afectats per la dana. \u201cLa reconstrucci\u00f3 no \u00e9s \u00fanicament ciment. Parlem tamb\u00e9 de salut mental\u201d, ha def\u00e9s Momp\u00f3, al mateix temps que ha enlletgit que el Govern d&#8217;Espanya haja tardat 477 dies en convocar la Comissi\u00f3 Mixta de la Dana: \u201ca la Palma, despr\u00e9s de l&#8217;erupci\u00f3 volc\u00e0nica, nom\u00e9s nou dies despr\u00e9s ja existia un \u00f2rgan de reconstrucci\u00f3\u201d.<\/p>\n\n\n\n<p class=\"wp-block-paragraph\">Per aix\u00f2, ha advertit Momp\u00f3, \u201cla nostra prov\u00edncia ni va ser urgent ni priorit\u00e0ria per al govern de Pedro S\u00e1nchez\u201d. A m\u00e9s, ha def\u00e9s, si es feren les obres antiriuades d&#8217;una vegada, les persones afectades no tindrien por cada vegada que plou, aix\u00f2 tamb\u00e9 \u00e9s pol\u00edtica social\u201d.<\/p>\n\n\n\n<p class=\"wp-block-paragraph\">En este sentit, en la visita a l&#8217;Associaci\u00f3 de Familiars de Malalts d&#8217;Alzheimer de Val\u00e8ncia (AFAV) este divendres, Momp\u00f3 ha esgrimit que \u201c\u00e9s un exemple de com hauria de respondre una societat quan alg\u00fa patix. Espanya necessita m\u00e9s administracions que treballen en eixa mateixa l\u00f2gica: efic\u00e0cia, proximitat i humanitat. S\u00f3n una demostraci\u00f3 de com es treballa despr\u00e9s d&#8217;una trag\u00e8dia com la que patim les valencianes i els valencians\u201d.<\/p>\n\n\n\n<p class=\"wp-block-paragraph\">No obstant aix\u00f2, ha lamentat Carmen F\u00fanez, \u201cel Govern no t\u00e9 en la seua agenda l&#8217;Alzheimer; l&#8217;estrat\u00e8gia de malalties neurodegeneratives porta sense revisar-se 15 anys i el Pla Integral d&#8217;Alzheimer est\u00e0 caducat des de 2023\u201d. \u201cAix\u00f2 reflectix que vivim una crisi en els servicis p\u00fablics\u201d, ha advertit F\u00fanez que s&#8217;ha preguntat \u201cen mans de qui estem i que estan fent amb els diners dels espanyols quan l&#8217;any passat es van recaptar 300.000 milions d&#8217;euros perqu\u00e8 es paguen m\u00e9s que mai i no es revertix en millors servicis p\u00fablics\u201d.<\/p>\n\n\n\n<p class=\"wp-block-paragraph\">Sobre la vaga de metges, F\u00fanez ha argumentat que \u201csi la salut \u00e9s el primer per a qualsevol persona, la sanitat ha de ser el primer per a qualsevol Govern, per\u00f2 per al Govern de Pedro S\u00e1nchez no ho \u00e9s\u201d. Per a F\u00fanez, \u201cel Govern est\u00e0 en crisi pol\u00edtica, ens porta a una crisi de servicis p\u00fablics, i \u00e9s hip\u00f2crita i incoherent en igualtat, immigraci\u00f3 i vivenda\u201d, entre altres.<\/p>\n\n\n\n<p class=\"wp-block-paragraph\">A part de visitar AFAV, tamb\u00e9 han anat a Mam\u00e1s en Acci\u00f3n i l&#8217;associaci\u00f3 ESPURNA a Torrent per a con\u00e9ixer les seues reivindicacions i poder donar-los resposta des de les diferents institucions. Les jornades conclouran amb una reuni\u00f3 dels representants del partit amb els responsables d&#8217;accions socials als ajuntaments de la prov\u00edncia.<\/p>\n","protected":false},"excerpt":{"rendered":"<div class=\"mh-excerpt\">El PP de la prov\u00edncia de Val\u00e8ncia celebra unes jornades de Pol\u00edtica Social: \u201cLa salut mental \u00e9s fonamental en la reconstrucci\u00f3, per\u00f2 el Govern ha tardat 477 a convocar la Comissi\u00f3 Mixta\u201d. F\u00fanez: \u201cL&#8217;any passat <a class=\"mh-excerpt-more\" href=\"https:\/\/tucomarca.whitekongsoftware.com\/ca\/mompo-i-funez-critiquen-labando-de-sanchez-en-les-politiques-socials-dels-municipis-afectats-per-la-dana\/\" title=\"Momp\u00f3 i F\u00fanez critiquen &#8220;l&#8217;aband\u00f3&#8221; de S\u00e1nchez en les pol\u00edtiques socials dels municipis afectats per la DANA\">[+] <\/a><\/div>\n","protected":false},"author":12,"featured_media":293684,"comment_status":"open","ping_status":"open","sticky":false,"template":"","format":"standard","meta":{"footnotes":""},"categories":[21466,21465,10898,10948,8,10894,10904,72,10903,10947,142,10896,3,10897],"tags":[10899,10914,10910],"class_list":["post-293685","post","type-post","status-publish","format-standard","has-post-thumbnail","category-dana-ca","category-dana","category-ventana-ca","category-infraestructuras-ca","category-la-comarca","category-la-comarca-ca","category-sin-categorizar-ca","category-sin-categorizar","category-medio-ambiente-la-comarca-ca","category-politica","category-politica-la-comarca","category-seccion-ca","category-seccion","category-sucesos-la-comarca-ca","tag-camp-de-turia-ca","tag-la-hoya-de-bunol-chiva-ca","tag-requena-utiel-ca"],"_links":{"self":[{"href":"https:\/\/tucomarca.whitekongsoftware.com\/ca\/wp-json\/wp\/v2\/posts\/293685","targetHints":{"allow":["GET"]}}],"collection":[{"href":"https:\/\/tucomarca.whitekongsoftware.com\/ca\/wp-json\/wp\/v2\/posts"}],"about":[{"href":"https:\/\/tucomarca.whitekongsoftware.com\/ca\/wp-json\/wp\/v2\/types\/post"}],"author":[{"embeddable":true,"href":"https:\/\/tucomarca.whitekongsoftware.com\/ca\/wp-json\/wp\/v2\/users\/12"}],"replies":[{"embeddable":true,"href":"https:\/\/tucomarca.whitekongsoftware.com\/ca\/wp-json\/wp\/v2\/comments?post=293685"}],"version-history":[{"count":0,"href":"https:\/\/tucomarca.whitekongsoftware.com\/ca\/wp-json\/wp\/v2\/posts\/293685\/revisions"}],"wp:featuredmedia":[{"embeddable":true,"href":"https:\/\/tucomarca.whitekongsoftware.com\/ca\/wp-json\/wp\/v2\/media\/293684"}],"wp:attachment":[{"href":"https:\/\/tucomarca.whitekongsoftware.com\/ca\/wp-json\/wp\/v2\/media?parent=293685"}],"wp:term":[{"taxonomy":"category","embeddable":true,"href":"https:\/\/tucomarca.whitekongsoftware.com\/ca\/wp-json\/wp\/v2\/categories?post=293685"},{"taxonomy":"post_tag","embeddable":true,"href":"https:\/\/tucomarca.whitekongsoftware.com\/ca\/wp-json\/wp\/v2\/tags?post=293685"}],"curies":[{"name":"wp","href":"https:\/\/api.w.org\/{rel}","templated":true}]}}