{"id":293662,"date":"2026-02-20T11:30:00","date_gmt":"2026-02-20T10:30:00","guid":{"rendered":"https:\/\/www.tucomarca.com\/wordpress\/segunda\/?p=293662"},"modified":"2026-02-20T18:58:31","modified_gmt":"2026-02-20T17:58:31","slug":"la-diputacio-de-valencia-licitara-en-2026-les-obres-de-recuperacio-de-la-carretera-historica-del-puerto-de-contreras-referent-a-nivell-nacional-del-patrimoni-de-les-obres-publiques","status":"publish","type":"post","link":"https:\/\/tucomarca.whitekongsoftware.com\/ca\/la-diputacio-de-valencia-licitara-en-2026-les-obres-de-recuperacio-de-la-carretera-historica-del-puerto-de-contreras-referent-a-nivell-nacional-del-patrimoni-de-les-obres-publiques\/","title":{"rendered":"La Diputaci\u00f3 de Val\u00e8ncia licitar\u00e0 en 2026 les obres de recuperaci\u00f3 de la carretera hist\u00f2rica del Puerto de Contreras, referent a nivell nacional del patrimoni de les obres p\u00fabliques"},"content":{"rendered":"\n<h3 class=\"wp-block-heading\">L&#8217;\u00e0rea provincial de Carreteres que dirigix Reme Mazzolari retornar\u00e0 a l&#8217;antiga N-III la seua aparen\u00e7a pr\u00e8via a 1969 i la convertir\u00e0 en un referent nacional del patrimoni de l&#8217;obra p\u00fablica.<\/h3>\n\n\n\n<h3 class=\"wp-block-heading\">L&#8217;anunci s&#8217;emmarca en una visita t\u00e8cnica a l&#8217;antic tram en Contreras organitzada junt als Col\u00b7legis d&#8217;Enginyers de Camins de la Comunitat Valenciana i de Castilla-La Mancha.<\/h3>\n\n\n\n<p class=\"wp-block-paragraph\">La Diputaci\u00f3 de Val\u00e8ncia licitar\u00e0 enguany les obres de recuperaci\u00f3 de la carretera hist\u00f2rica del Puerto de Contreras, l&#8217;antic tra\u00e7at de la N-III entre Villargordo del Cabriel i el pont sobre el riu Cabriol. L&#8217;actuaci\u00f3 compta amb un pressupost de 3,3 milions.<\/p>\n\n\n\n<p class=\"wp-block-paragraph\">La diputada de Carreteres, Reme Mazzolari, explica que &#8220;l&#8217;objectiu \u00e9s retornar a esta via l&#8217;esplendor que va tindre abans de ser abandonada en 1969 i convertir-lo en un espai de refer\u00e8ncia per a l&#8217;estudi i la divulgaci\u00f3 del patrimoni viari&#8221;.<\/p>\n\n\n\n<p class=\"wp-block-paragraph\">L&#8217;anunci de la tamb\u00e9 vicepresidenta segona de la Diputaci\u00f3 s&#8217;ha realitzat en el marc de la visita institucional i t\u00e8cnica celebrada en el Paso de les Cabrillas, punt simb\u00f2lic que marca la divis\u00f2ria entre Castilla-La Mancha i la Comunitat Valenciana.&nbsp;<\/p>\n\n\n\n<p class=\"wp-block-paragraph\">La jornada ha sigut organitzada de manera conjunta entre la Diputaci\u00f3 de Val\u00e8ncia i el Col\u00b7legi d&#8217;Enginyers de Camins de la Comunitat Valenciana i de Castilla-La Mancha, i ha servit a m\u00e9s per a escenificar el trasp\u00e0s de l&#8217;organitzaci\u00f3 del pr\u00f2xim Congr\u00e9s del Patrimoni de l&#8217;Obra P\u00fablica i de l&#8217;Enginyeria Civil que se celebrar\u00e0 en territori valenci\u00e0.<\/p>\n\n\n\n<p class=\"wp-block-paragraph\">Entre les activitats programades, ha tingut lloc una visita guiada a c\u00e0rrec de Jos\u00e9 Mar\u00eda Coronado; Rita Ruiz i Francisco Javier Rodr\u00edguez, professors de la Escuela de Ingenier\u00eda de Caminos de la Universidad de Castilla-La Mancha, aix\u00ed com de Luis Arciniega, catedr\u00e0tic d&#8217;Hist\u00f2ria de l&#8217;Art a la Universitat de Val\u00e8ncia i director de la C\u00e0tedra, Demetrio Ribes. Aix\u00ed mateix, l&#8217;autor del projecte, Fernando Gonz\u00e1lez-Moralejo ha realitzat l&#8217;explicaci\u00f3 t\u00e8cnica dels detalls del projecte les obres del qual estan a punt de licitar-se. Tamb\u00e9 ha assistit a esta visita institucional i t\u00e8cnica l&#8217;alcalde de Villargordo del Cabriel, Galo Valle.<\/p>\n\n\n\n<p class=\"wp-block-paragraph\"><strong>Un tra\u00e7at \u201cfossilitzat\u201d \u00fanic a Espanya<\/strong><\/p>\n\n\n\n<p class=\"wp-block-paragraph\">El tram hist\u00f2ric del Puerto de Contreras va ser projectat per Lucio del Valle en el segle XIX com a part de la carretera de Madrid a Val\u00e8ncia i durant la primera mitat del segle XX va ser adaptat a la creixent pres\u00e8ncia dels autom\u00f2bils, dins del que es va denominar el \u201cCircuito Nacional de Firmes Especiales\u201d. El seu tra\u00e7at va quedar fora de servici a la fi de la d\u00e8cada dels 60, despr\u00e9s de la construcci\u00f3 de l&#8217;embassament de Contreras i la variant de la carretera per la coronaci\u00f3 de la presa, la qual cosa va provocar el seu aband\u00f3, per\u00f2 tamb\u00e9 va permetre la seua conservaci\u00f3 quasi intacta durant d\u00e8cades.<\/p>\n\n\n\n<p class=\"wp-block-paragraph\">Segons el projecte t\u00e8cnic de recuperaci\u00f3 que es troba pr\u00f2xim a la seua finalitzaci\u00f3, esta circumst\u00e0ncia ha perm\u00e9s que es conserve com un dels millors exemples a Espanya de carretera hist\u00f2rica adaptada a l&#8217;autom\u00f2bil en la primera mitat del segle XX, amb les seues muralletes, guardarrodes, fites quilom\u00e8triques, obres de drenatge i l&#8217;emblem\u00e0tic pont de set arcs sobre el Cabriol.<\/p>\n\n\n\n<p class=\"wp-block-paragraph\">L&#8217;actuaci\u00f3, que abastar\u00e0 una longitud de m\u00e9s de deu quil\u00f2metres, es desenvolupar\u00e0 seguint els criteris t\u00e8cnics establits pel grup de treball de la Escuela de Ingenier\u00eda de Caminos de Ciudad Real, en col\u00b7laboraci\u00f3 amb la Diputaci\u00f3 i permetr\u00e0, a m\u00e9s de posar en valor els valors patrimonials de l&#8217;antiga carretera, donar accessibilitat a un paratge d&#8217;un alt valor ambiental, a l&#8217;entorn de Parc Natural de las Hoces del Cabriel.<\/p>\n\n\n\n<p class=\"wp-block-paragraph\">Reme Mazzolari ha subratllat que \u201cno es tracta nom\u00e9s de recuperar una carretera, sin\u00f3 de preservar un fragment essencial de la nostra mem\u00f2ria col\u00b7lectiva. Les carreteres no sols connecten territoris: creen paisatge cultural, generen identitat i expliquen com hem sigut capaces de superar les dificultats del territori\u201d.<\/p>\n\n\n\n<p class=\"wp-block-paragraph\"><strong>Recuperaci\u00f3 patrimonial i accessibilitat compatible<\/strong><\/p>\n\n\n\n<p class=\"wp-block-paragraph\">El projecte perseguix retornar a la carretera l&#8217;aparen\u00e7a que tenia abans de l&#8217;obertura de la variant en 1969, aplicant criteris de restauraci\u00f3 que diferencien clarament els elements originals de les reposicions contempor\u00e0nies.<\/p>\n\n\n\n<p class=\"wp-block-paragraph\">Entre les principals actuacions previstes es troben la rehabilitaci\u00f3 del ferm mitjan\u00e7ant t\u00e8cniques compatibles amb la seua est\u00e8tica hist\u00f2rica; la restauraci\u00f3 i reposici\u00f3 de muralletes, guardarrodes i tanques met\u00e0l\u00b7liques conforme a la normativa de 1939 i 1962; la recuperaci\u00f3 de fites quilom\u00e8triques i senyalitzaci\u00f3; la neteja i consolidaci\u00f3 de les 23 obres de drenatge existents; la posada en valor de dos clavegueres visitables; la creaci\u00f3 de miradors accessibles en corbes representatives del tra\u00e7at; i la restauraci\u00f3 integral del pont de Lucio del Valle, incloent-hi l&#8217;eliminaci\u00f3 de paviments moderns i la recuperaci\u00f3 de la seua cota original.<\/p>\n\n\n\n<p class=\"wp-block-paragraph\">Aix\u00ed mateix, es contempla la reconstrucci\u00f3 reinterpretada de l&#8217;antiga casella de peons caminers com a espai did\u00e0ctic i d&#8217;\u00fas p\u00fablic, vinculant enginyeria, paisatge i mem\u00f2ria hist\u00f2rica.<\/p>\n\n\n\n<p class=\"wp-block-paragraph\">La futura via mantindr\u00e0 un \u00fas compatible per a vehicles lleugers, ciclistes i vianants, amb limitaci\u00f3 de velocitat i senyalitzaci\u00f3 espec\u00edfica de carretera hist\u00f2rica, convertint el recorregut en una experi\u00e8ncia cultural en si mateixa.<\/p>\n\n\n\n<p class=\"wp-block-paragraph\"><\/p>\n","protected":false},"excerpt":{"rendered":"<div class=\"mh-excerpt\">L&#8217;\u00e0rea provincial de Carreteres que dirigix Reme Mazzolari retornar\u00e0 a l&#8217;antiga N-III la seua aparen\u00e7a pr\u00e8via a 1969 i la convertir\u00e0 en un referent nacional del patrimoni de l&#8217;obra p\u00fablica. L&#8217;anunci s&#8217;emmarca en una visita <a class=\"mh-excerpt-more\" href=\"https:\/\/tucomarca.whitekongsoftware.com\/ca\/la-diputacio-de-valencia-licitara-en-2026-les-obres-de-recuperacio-de-la-carretera-historica-del-puerto-de-contreras-referent-a-nivell-nacional-del-patrimoni-de-les-obres-publiques\/\" title=\"La Diputaci\u00f3 de Val\u00e8ncia licitar\u00e0 en 2026 les obres de recuperaci\u00f3 de la carretera hist\u00f2rica del Puerto de Contreras, referent a nivell nacional del patrimoni de les obres p\u00fabliques\">[+] <\/a><\/div>\n","protected":false},"author":12,"featured_media":293660,"comment_status":"open","ping_status":"open","sticky":false,"template":"","format":"standard","meta":{"footnotes":""},"categories":[10898,128,10948,10894,8,10903,10947,142,27,10909,10896,3,45,120,11061],"tags":[21628,21629,3677,11246,23951,23950],"class_list":["post-293662","post","type-post","status-publish","format-standard","has-post-thumbnail","category-ventana-ca","category-infraestructuras","category-infraestructuras-ca","category-la-comarca-ca","category-la-comarca","category-medio-ambiente-la-comarca-ca","category-politica","category-politica-la-comarca","category-requena-utiel","category-requena-utiel-ca","category-seccion-ca","category-seccion","category-ventana","category-villargordo-del-cabriel","category-villargordo-del-cabriel-ca","tag-carreteras-de-la-diputacion","tag-carreteras-de-la-diputacion-ca","tag-diputacio-de-valencia","tag-diputacio-de-valencia-ca","tag-puerto-de-contreras"],"_links":{"self":[{"href":"https:\/\/tucomarca.whitekongsoftware.com\/ca\/wp-json\/wp\/v2\/posts\/293662","targetHints":{"allow":["GET"]}}],"collection":[{"href":"https:\/\/tucomarca.whitekongsoftware.com\/ca\/wp-json\/wp\/v2\/posts"}],"about":[{"href":"https:\/\/tucomarca.whitekongsoftware.com\/ca\/wp-json\/wp\/v2\/types\/post"}],"author":[{"embeddable":true,"href":"https:\/\/tucomarca.whitekongsoftware.com\/ca\/wp-json\/wp\/v2\/users\/12"}],"replies":[{"embeddable":true,"href":"https:\/\/tucomarca.whitekongsoftware.com\/ca\/wp-json\/wp\/v2\/comments?post=293662"}],"version-history":[{"count":0,"href":"https:\/\/tucomarca.whitekongsoftware.com\/ca\/wp-json\/wp\/v2\/posts\/293662\/revisions"}],"wp:featuredmedia":[{"embeddable":true,"href":"https:\/\/tucomarca.whitekongsoftware.com\/ca\/wp-json\/wp\/v2\/media\/293660"}],"wp:attachment":[{"href":"https:\/\/tucomarca.whitekongsoftware.com\/ca\/wp-json\/wp\/v2\/media?parent=293662"}],"wp:term":[{"taxonomy":"category","embeddable":true,"href":"https:\/\/tucomarca.whitekongsoftware.com\/ca\/wp-json\/wp\/v2\/categories?post=293662"},{"taxonomy":"post_tag","embeddable":true,"href":"https:\/\/tucomarca.whitekongsoftware.com\/ca\/wp-json\/wp\/v2\/tags?post=293662"}],"curies":[{"name":"wp","href":"https:\/\/api.w.org\/{rel}","templated":true}]}}