{"id":293652,"date":"2026-02-20T11:15:00","date_gmt":"2026-02-20T10:15:00","guid":{"rendered":"https:\/\/www.tucomarca.com\/wordpress\/segunda\/?p=293652"},"modified":"2026-02-20T18:44:46","modified_gmt":"2026-02-20T17:44:46","slug":"ava-asaja-demana-una-interprofessional-i-normes-de-comercialitzacio-especifiques-del-caqui-per-a-reduir-el-desaprofitament-alimentari","status":"publish","type":"post","link":"https:\/\/tucomarca.whitekongsoftware.com\/ca\/ava-asaja-demana-una-interprofessional-i-normes-de-comercialitzacio-especifiques-del-caqui-per-a-reduir-el-desaprofitament-alimentari\/","title":{"rendered":"AVA-Asaja demana una interprofessional i normes de comercialitzaci\u00f3 espec\u00edfiques del caqui per a reduir el desaprofitament alimentari"},"content":{"rendered":"\n<h3 class=\"wp-block-heading\">La sectorial del caqui secunda, igual que succeeix amb el pl\u00e0tan de Can\u00e0ries, fomentar el consum de fruits amb ratlles en la pell: \u201cS\u00f3n signe de naturalitat\u201d.<\/h3>\n\n\n\n<p class=\"wp-block-paragraph\">L&#8217;Associaci\u00f3 Valenciana d&#8217;Agricultors (AVA-Asaja) va reclamar al Govern espanyol, concretament al Ministeri d&#8217;Agricultura, que aprove unes normes de comercialitzaci\u00f3 espec\u00edfiques del caqui -com tenen els c\u00edtrics o les pomes- a fi d&#8217;establir obligat\u00f2riament l&#8217;eixida comercial de fruits amb ratlles o defectes visibles en la pell, mentre no afecten la qualitat organol\u00e8ptica, i reduir aix\u00ed el desaprofitament alimentari r\u00e8cord que protagonitza aquest cultiu a peu de camp, amb rebutjos que superen el 40% de la producci\u00f3 en molts camps. Aquesta va ser una de les principals reivindicacions que va subratllar la sectorial del caqui de AVA-Asaja que va tindre lloc ahir en la Finca Sinyent amb l&#8217;assist\u00e8ncia d&#8217;un centenar de productors.<\/p>\n\n\n\n<p class=\"wp-block-paragraph\">El caqui no t\u00e9 encara una norma espec\u00edfica a Espanya i la Uni\u00f3 Europea, per la qual cosa ha de complir les normes de comercialitzaci\u00f3 gen\u00e8riques de fruites i hortalisses, que no s&#8217;adapten a les necessitats particulars del cultiu. El president de AVA-Asaja, Crist\u00f3bal Aguado, va criticar que \u201cmentre el Govern espanyol no establisca aquestes normes espec\u00edfiques i les eleve a la UE, els operadors comercials continuaran triant quins caquis es recol\u00b7lecten i quins caquis es tiren al s\u00f2l, deixant camps sencers encatifats de fruites que perfectament podrien ser consumides. Aix\u00f2 \u00e9s un crim, una ru\u00efna per al productor i un desaprofitament alimentari que no podem continuar tolerant\u201d.<\/p>\n\n\n\n<p class=\"wp-block-paragraph\">A m\u00e9s, tenint la Comunitat Valenciana el 90% de la producci\u00f3 i la comercialitzaci\u00f3 del caqui espanyol i europeu, AVA-Asaja va criticar la falta d&#8217;organitzaci\u00f3 del sector i va donar suport a la posada en marxa d&#8217;una interprofessional que defense unes normes de comercialitzaci\u00f3 pr\u00f2pies i que promocione el consum de caquis \u201cque no tinguen per qu\u00e8 semblar-se a una bola de billar impol\u00b7luta, sin\u00f3 que puguen tindre defectes est\u00e8tics en la pell. Igual que es va conscienciar amb el pl\u00e0tan de Can\u00e0ries, la pell del caqui tampoc es menja i unes simples taques o ratlles no poden implicar el seu desaprofitament, al contrari, s\u00f3n signe de naturalitat i frescor\u201d.<\/p>\n\n\n\n<p class=\"wp-block-paragraph\"><strong>Campanya \u201cagredol\u00e7a\u201d<\/strong><\/p>\n\n\n\n<p class=\"wp-block-paragraph\">Despr\u00e9s de la desastrosa campanya de 2024, amb la irrupci\u00f3 de la DANA en plena recol\u00b7lecci\u00f3, la sectorial del caqui de AVA-Asaja va fer balan\u00e7 d&#8217;una campanya \u201cagredol\u00e7a\u201d: El cultiu va obtindre una major rendibilitat, excepte en nombrosos casos que van patir temporals de pedra, atacs de plagues i exc\u00e9s d&#8217;humitat per les pluges de desembre. La nota positiva van ser els preus en origen, estabilitzats entre 0,4 i 0,65 \u20ac\/kg per davall dels quals no es poden compensar els elevats costos de producci\u00f3.<\/p>\n\n\n\n<p class=\"wp-block-paragraph\">Les primeres previsions d&#8217;aforament es van situar en 300.000 tones, per\u00f2 les pedres van rebaixar un 20% aquestes estimacions. La principal plaga va tornar a ser el cotonet, que en alguns camps no va poder mantindre&#8217;s a ratlla, aix\u00ed com les mosques blanques, la taca foliar i l&#8217;\u00faltima plaga a arribar, el trips de Sud-\u00e0frica. AVA-Asaja va reclamar l&#8217;autoritzaci\u00f3 de m\u00e9s mat\u00e8ries fitosanit\u00e0ries i biol\u00f2giques que tinguen una efic\u00e0cia contrastada i siguen econ\u00f2micament viables. Un exemple clamor\u00f3s \u00e9s la cria i alliberament massiu del Anagyrus fusciventris, el parasitoide m\u00e9s efica\u00e7 contra el cotonet, Pseudococcus longispinus, que el Ministeri per a la Transici\u00f3 Ecol\u00f2gica es nega a autoritzar, malgrat tractar-se de control biol\u00f2gic, perqu\u00e8 ho cataloga com a esp\u00e8cie ex\u00f2tica quan ja \u00e9s present des de fa d\u00e8cades.<\/p>\n","protected":false},"excerpt":{"rendered":"<div class=\"mh-excerpt\">La sectorial del caqui secunda, igual que succeeix amb el pl\u00e0tan de Can\u00e0ries, fomentar el consum de fruits amb ratlles en la pell: \u201cS\u00f3n signe de naturalitat\u201d. L&#8217;Associaci\u00f3 Valenciana d&#8217;Agricultors (AVA-Asaja) va reclamar al Govern <a class=\"mh-excerpt-more\" href=\"https:\/\/tucomarca.whitekongsoftware.com\/ca\/ava-asaja-demana-una-interprofessional-i-normes-de-comercialitzacio-especifiques-del-caqui-per-a-reduir-el-desaprofitament-alimentari\/\" title=\"AVA-Asaja demana una interprofessional i normes de comercialitzaci\u00f3 espec\u00edfiques del caqui per a reduir el desaprofitament alimentari\">[+] <\/a><\/div>\n","protected":false},"author":12,"featured_media":293651,"comment_status":"open","ping_status":"open","sticky":false,"template":"","format":"standard","meta":{"footnotes":""},"categories":[10905,169,10898,10948,8,10894,72,10904,10902,142,10947,10896,3,45],"tags":[20201,20202,11924,328,5923,14614,11199,11077],"class_list":["post-293652","post","type-post","status-publish","format-standard","has-post-thumbnail","category-agricultura-la-comarca-ca","category-agricultura-la-comarca","category-ventana-ca","category-infraestructuras-ca","category-la-comarca","category-la-comarca-ca","category-sin-categorizar","category-sin-categorizar-ca","category-la-ribera-ca","category-politica-la-comarca","category-politica","category-seccion-ca","category-seccion","category-ventana","tag-agricultura-valenciana","tag-agricultura-valenciana-ca","tag-ava-asaja-ca","tag-ava-asaja","tag-caqui","tag-caqui-ca","tag-la-comunitat-ca","tag-la-ribera-alta-ca"],"_links":{"self":[{"href":"https:\/\/tucomarca.whitekongsoftware.com\/ca\/wp-json\/wp\/v2\/posts\/293652","targetHints":{"allow":["GET"]}}],"collection":[{"href":"https:\/\/tucomarca.whitekongsoftware.com\/ca\/wp-json\/wp\/v2\/posts"}],"about":[{"href":"https:\/\/tucomarca.whitekongsoftware.com\/ca\/wp-json\/wp\/v2\/types\/post"}],"author":[{"embeddable":true,"href":"https:\/\/tucomarca.whitekongsoftware.com\/ca\/wp-json\/wp\/v2\/users\/12"}],"replies":[{"embeddable":true,"href":"https:\/\/tucomarca.whitekongsoftware.com\/ca\/wp-json\/wp\/v2\/comments?post=293652"}],"version-history":[{"count":0,"href":"https:\/\/tucomarca.whitekongsoftware.com\/ca\/wp-json\/wp\/v2\/posts\/293652\/revisions"}],"wp:featuredmedia":[{"embeddable":true,"href":"https:\/\/tucomarca.whitekongsoftware.com\/ca\/wp-json\/wp\/v2\/media\/293651"}],"wp:attachment":[{"href":"https:\/\/tucomarca.whitekongsoftware.com\/ca\/wp-json\/wp\/v2\/media?parent=293652"}],"wp:term":[{"taxonomy":"category","embeddable":true,"href":"https:\/\/tucomarca.whitekongsoftware.com\/ca\/wp-json\/wp\/v2\/categories?post=293652"},{"taxonomy":"post_tag","embeddable":true,"href":"https:\/\/tucomarca.whitekongsoftware.com\/ca\/wp-json\/wp\/v2\/tags?post=293652"}],"curies":[{"name":"wp","href":"https:\/\/api.w.org\/{rel}","templated":true}]}}