{"id":293644,"date":"2026-02-20T11:00:00","date_gmt":"2026-02-20T10:00:00","guid":{"rendered":"https:\/\/www.tucomarca.com\/wordpress\/segunda\/?p=293644"},"modified":"2026-02-25T12:54:59","modified_gmt":"2026-02-25T11:54:59","slug":"la-diputacio-aprova-el-seu-pla-de-formacio-per-a-6-500-empleats-publics-de-la-provincia","status":"publish","type":"post","link":"https:\/\/tucomarca.whitekongsoftware.com\/ca\/la-diputacio-aprova-el-seu-pla-de-formacio-per-a-6-500-empleats-publics-de-la-provincia\/","title":{"rendered":"La Diputaci\u00f3 aprova el seu Pla de Formaci\u00f3 per a 6.500 empleats p\u00fablics de la prov\u00edncia"},"content":{"rendered":"\n<h3 class=\"wp-block-heading\">L&#8217;\u00e0rea de Formaci\u00f3 que dirigix el diputat Ricardo Gabald\u00f3n aposta enguany per refor\u00e7ar les compet\u00e8ncies digitals del personal de les entitats locals, incloent com a novetat l&#8217;alfabetitzaci\u00f3 en Intel\u00b7lig\u00e8ncia Artificial.<\/h3>\n\n\n\n<h3 class=\"wp-block-heading\">Gabald\u00f3n destaca que \u201cels 200 cursos que oferix anualment la Diputaci\u00f3 s&#8217;han convertit en la principal ferramenta de formaci\u00f3 per a la majoria d&#8217;ajuntaments de la prov\u00edncia\u201d.<\/h3>\n\n\n\n<p class=\"wp-block-paragraph\">El ple de la Diputaci\u00f3 de Val\u00e8ncia ha donat llum verda, sense cap vot en contra, al Pla General de Formaci\u00f3 2026, dirigit a tot el personal pertanyent a la pr\u00f2pia corporaci\u00f3, als ajuntaments i a la resta d&#8217;entitats locals de la prov\u00edncia. El pla d&#8217;enguany, dotat amb un pressupost de m\u00e9s de 400.000 euros, est\u00e0 compost per 200 cursos formatius i compta amb 6.500 places i m\u00e9s de 5.000 hores de formaci\u00f3. Les sol\u00b7licituds per a inscriure&#8217;s poden presentar-se fins al 9 de mar\u00e7 en la p\u00e0gina web de la instituci\u00f3.<\/p>\n\n\n\n<p class=\"wp-block-paragraph\">No obstant aix\u00f2, igual que ha succe\u00eft en anys anteriors, el nombre d&#8217;activitats formatives s&#8217;ampliar\u00e0 quan es convoque la subvenci\u00f3 del pla Agrupat de Formaci\u00f3 Cont\u00ednua (fons de formaci\u00f3 per a l&#8217;ocupaci\u00f3 que convoca la Generalitat Valenciana a trav\u00e9s de l&#8217;Institut Valenci\u00e0 d&#8217;Administraci\u00f3 P\u00fablica).<\/p>\n\n\n\n<p class=\"wp-block-paragraph\">El Pla de Formaci\u00f3 de la Diputaci\u00f3 es consolida, d&#8217;esta manera, com la principal ferramenta de formaci\u00f3 per als ajuntaments de la prov\u00edncia, \u201cespecialment per als m\u00e9s xicotets\u201d, segons destaca el diputat de Formaci\u00f3, Ricardo Gabald\u00f3n, que afig que \u201cen 2025 pr\u00e0cticament totes les entitats locals, entre ajuntaments i mancomunitats, han participat en alguna de les activitats que hem organitzat. De fet, podem afirmar que el 89% de les accions formatives realitzades pel personal dels ajuntaments han sigut organitzades pel Servici de Formaci\u00f3 de la Diputaci\u00f3 de Val\u00e8ncia\u201d.<\/p>\n\n\n\n<p class=\"wp-block-paragraph\"><strong>Novetats<\/strong><\/p>\n\n\n\n<p class=\"wp-block-paragraph\">La principal novetat que presenta el pla elaborat per l&#8217;\u00e0rea de Formaci\u00f3 de la corporaci\u00f3 provincial \u00e9s la forta aposta per la formaci\u00f3 en noves tecnologies dirigida als empleats p\u00fablics dels ajuntaments de la prov\u00edncia. En este sentit, destaca l&#8217;important cap\u00edtol de formaci\u00f3 relativa a compet\u00e8ncies digitals, administraci\u00f3 electr\u00f2nica i transformaci\u00f3 digital. A m\u00e9s, en els cursos destinats al personal de nou ingr\u00e9s, s&#8217;ha incl\u00f2s per primera vegada un apartat relacionat amb alfabetitzaci\u00f3 en Intel\u00b7lig\u00e8ncia Artificial.<\/p>\n\n\n\n<p class=\"wp-block-paragraph\">Tamb\u00e9 cal destacar la introducci\u00f3, amb la col\u00b7laboraci\u00f3 de la Generalitat Valenciana, d&#8217;un curs que haur\u00e0 de realitzar tot el personal de la Diputaci\u00f3 sobre \u2018Com actuar davant cat\u00e0strofes naturals\u2019, amb l&#8217;objectiu que els empleats de l&#8217;ens provincial s\u00e0pien reaccionar en cas de fen\u00f2mens com el de la dana del 29-O de 2024.<\/p>\n\n\n\n<p class=\"wp-block-paragraph\">Quant a la resta de continguts, a m\u00e9s de la formaci\u00f3 digital, cal assenyalar les mat\u00e8ries relatives a valenci\u00e0, contractaci\u00f3, gesti\u00f3 econ\u00f2mica, fons europeus, igualtat, protecci\u00f3 de dades, ciberseguretat, protocol d&#8217;assetjament sexual, prevenci\u00f3 de riscos laborals i salut laboral. Per a l&#8217;elaboraci\u00f3 del Pla de Formaci\u00f3 s&#8217;han tingut en compte les necessitats traslladades i propostes pels diferents servicis de la Dip\u00f9taci\u00f3n.<\/p>\n\n\n\n<p class=\"wp-block-paragraph\">Com \u00e9s habitual, la corporaci\u00f3 provincial mant\u00e9 una important oferta de cursos en l\u00ednia, ja que estes modalitats afavorixen la participaci\u00f3 i faciliten l&#8217;acc\u00e9s a la formaci\u00f3 a un major nombre d&#8217;empleats. No obstant aix\u00f2, continua havent-hi nombroses accions formatives de car\u00e0cter presencial, aix\u00ed com amb formats mixtos, combinant la presencialitat i les classes a dist\u00e0ncia. Totes les accions formatives seran impartides per un professorat expert en les mat\u00e8ries de refer\u00e8ncia, procedent de l&#8217;\u00e0mbit universitari i tamb\u00e9 del professional, o b\u00e9 de la pr\u00f2pia administraci\u00f3 provincial i els ajuntaments.&nbsp;<\/p>\n\n\n\n<p class=\"wp-block-paragraph\">Cal destacar, aix\u00ed mateix, l&#8217;aposta de descentralitzar part de les accions formatives en diferents municipis de la prov\u00edncia, amb la finalitat de facilitar la presencialitat dels empleats p\u00fablics dels municipis d&#8217;interior.<\/p>\n\n\n\n<p class=\"wp-block-paragraph\"><strong>DIVALDirectia<\/strong><\/p>\n\n\n\n<p class=\"wp-block-paragraph\">Un altre dels pilars del Pla de Formaci\u00f3 \u00e9s la continu\u00eftat dels itineraris formatius DIVALDirectia Tem\u00e0tica, dirigit a c\u00e0rrecs electes, on s&#8217;aborden temes d&#8217;actualitat i d&#8217;inter\u00e9s per a eixos c\u00e0rrecs electes (des de la dana les confer\u00e8ncies s&#8217;han centrat en refor\u00e7ar la gesti\u00f3 d&#8217;emerg\u00e8ncies i situacions catastr\u00f2fiques); i DIVALDirectia, per a personal amb responsabilitats directives, que complix la seua sexta edici\u00f3 plenament consolidada.&nbsp;<\/p>\n\n\n\n<p class=\"wp-block-paragraph\">\u201cHem rebut m\u00e9s de 700 sol\u00b7licituds per a acudir als cursos que oferix DIVALDirectia, la qual cosa dona mostra de l&#8217;\u00e8xit i la import\u00e0ncia que estan tenint estos itineraris per a la formaci\u00f3 del personal directiu dels nostres ajuntaments\u201d, ha manifestat Ricardo Gabald\u00f3n. A aix\u00f2 cal afegir el manteniment de DIVALComunica, que t\u00e9 la finalitat de millorar la comunicaci\u00f3 dels empleats p\u00fablics amb la ciutadania, simplificant el llenguatge administratiu.<\/p>\n","protected":false},"excerpt":{"rendered":"<div class=\"mh-excerpt\">L&#8217;\u00e0rea de Formaci\u00f3 que dirigix el diputat Ricardo Gabald\u00f3n aposta enguany per refor\u00e7ar les compet\u00e8ncies digitals del personal de les entitats locals, incloent com a novetat l&#8217;alfabetitzaci\u00f3 en Intel\u00b7lig\u00e8ncia Artificial. Gabald\u00f3n destaca que \u201cels 200 <a class=\"mh-excerpt-more\" href=\"https:\/\/tucomarca.whitekongsoftware.com\/ca\/la-diputacio-aprova-el-seu-pla-de-formacio-per-a-6-500-empleats-publics-de-la-provincia\/\" title=\"La Diputaci\u00f3 aprova el seu Pla de Formaci\u00f3 per a 6.500 empleats p\u00fablics de la prov\u00edncia\">[+] <\/a><\/div>\n","protected":false},"author":12,"featured_media":293643,"comment_status":"open","ping_status":"open","sticky":false,"template":"","format":"standard","meta":{"footnotes":""},"categories":[10898,10948,10894,8,72,10904,10947,142,10909,10896,3,11059,45],"tags":[11246,23949,23945,10910],"class_list":["post-293644","post","type-post","status-publish","format-standard","has-post-thumbnail","category-ventana-ca","category-infraestructuras-ca","category-la-comarca-ca","category-la-comarca","category-sin-categorizar","category-sin-categorizar-ca","category-politica","category-politica-la-comarca","category-requena-utiel-ca","category-seccion-ca","category-seccion","category-utiel-ca","category-ventana","tag-diputacio-de-valencia-ca","tag-divaldirectia","tag-plan-de-formacion","tag-requena-utiel-ca"],"_links":{"self":[{"href":"https:\/\/tucomarca.whitekongsoftware.com\/ca\/wp-json\/wp\/v2\/posts\/293644","targetHints":{"allow":["GET"]}}],"collection":[{"href":"https:\/\/tucomarca.whitekongsoftware.com\/ca\/wp-json\/wp\/v2\/posts"}],"about":[{"href":"https:\/\/tucomarca.whitekongsoftware.com\/ca\/wp-json\/wp\/v2\/types\/post"}],"author":[{"embeddable":true,"href":"https:\/\/tucomarca.whitekongsoftware.com\/ca\/wp-json\/wp\/v2\/users\/12"}],"replies":[{"embeddable":true,"href":"https:\/\/tucomarca.whitekongsoftware.com\/ca\/wp-json\/wp\/v2\/comments?post=293644"}],"version-history":[{"count":0,"href":"https:\/\/tucomarca.whitekongsoftware.com\/ca\/wp-json\/wp\/v2\/posts\/293644\/revisions"}],"wp:featuredmedia":[{"embeddable":true,"href":"https:\/\/tucomarca.whitekongsoftware.com\/ca\/wp-json\/wp\/v2\/media\/293643"}],"wp:attachment":[{"href":"https:\/\/tucomarca.whitekongsoftware.com\/ca\/wp-json\/wp\/v2\/media?parent=293644"}],"wp:term":[{"taxonomy":"category","embeddable":true,"href":"https:\/\/tucomarca.whitekongsoftware.com\/ca\/wp-json\/wp\/v2\/categories?post=293644"},{"taxonomy":"post_tag","embeddable":true,"href":"https:\/\/tucomarca.whitekongsoftware.com\/ca\/wp-json\/wp\/v2\/tags?post=293644"}],"curies":[{"name":"wp","href":"https:\/\/api.w.org\/{rel}","templated":true}]}}