{"id":293634,"date":"2026-02-19T11:30:00","date_gmt":"2026-02-19T10:30:00","guid":{"rendered":"https:\/\/www.tucomarca.com\/wordpress\/segunda\/?p=293634"},"modified":"2026-02-20T09:17:37","modified_gmt":"2026-02-20T08:17:37","slug":"la-generalitat-aposta-per-generar-espais-lliures-de-lgtbiqfobia-en-lesport-i-afavorir-la-practica-esportiva-inclusiva","status":"publish","type":"post","link":"https:\/\/tucomarca.whitekongsoftware.com\/ca\/la-generalitat-aposta-per-generar-espais-lliures-de-lgtbiqfobia-en-lesport-i-afavorir-la-practica-esportiva-inclusiva\/","title":{"rendered":"La Generalitat aposta per generar espais lliures de LGTBIQ+f\u00f2bia en l\u2019esport i afavorir la pr\u00e0ctica esportiva inclusiva"},"content":{"rendered":"\n<h3 class=\"wp-block-heading\">La secret\u00e0ria auton\u00f2mica d\u2019Igualtat i Diversitat participa en una marxa per a commemorar el \u2018Dia Internacional contra la LGTBIQ+f\u00f2bia en l\u2019Esport\u2019 i superar les actituds hom\u00f2fobes en l\u2019\u00e0mbit esportiu.<\/h3>\n\n\n\n<p class=\"wp-block-paragraph\">La secret\u00e0ria auton\u00f2mica d\u2019Igualtat i Diversitat, Asunci\u00f3n Quinz\u00e1, ha subratllat la necessitat \u201cd\u2019aconseguir entre totes les persones i entitats esportives un esport inclusiu, erradicant tota forma de LGTBIQ+f\u00f2bia dels esdeveniments i activitats esportives, molt especialment en el cas de les disciplines d\u2019equip\u201d.<\/p>\n\n\n\n<p class=\"wp-block-paragraph\">Quinz\u00e1 s\u2019ha manifestat en estos termes amb motiu de la commemoraci\u00f3 este dijous del \u2018Dia Internacional contra la LGTBIQ+f\u00f2bia en l\u2019Esport\u2019 i la celebraci\u00f3 d\u2019una marxa en la ciutat de Val\u00e8ncia, que recorrer\u00e0 el trajecte entre la Casa Diversitat i l\u2019escultura de Nept\u00fa situada en l\u2019antic llit del riu T\u00faria, i en la qual tamb\u00e9 participar\u00e0 el director general de Diversitat, Stephane Soriano, juntament amb senderistes i representants d\u2019entitats LGTBIQ+.<\/p>\n\n\n\n<p class=\"wp-block-paragraph\">Esta iniciativa, impulsada per part de la Vicepresid\u00e8ncia Primera i Conselleria de Vivenda, Ocupaci\u00f3, Joventut i Igualtat en col\u00b7laboraci\u00f3 amb Senderistes Valencians i l\u2019Espai de la Mem\u00f2ria, t\u00e9 el lema \u2018Puja amb orgull, baixa sense por\u2019 i pret\u00e9n contribuir a erradicar la discriminaci\u00f3 LGTBIQ+ en l\u2019\u00e0mbit esportiu, aix\u00ed com visibilitzar les persones d\u2019este col\u00b7lectiu que practiquen esport i activitat f\u00edsica, afavorir l\u2019exist\u00e8ncia de clubs esportius i equips realment segurs per a totes les persones, a m\u00e9s de generar espais d\u2019educaci\u00f3, respecte i toler\u00e0ncia zero davant els insults i actituds LGTBIQ+f\u00f2biques.<\/p>\n\n\n\n<figure class=\"wp-block-image size-large\"><img loading=\"lazy\" decoding=\"async\" width=\"1024\" height=\"691\" src=\"http:\/\/www.tucomarca.com\/wordpress\/segunda\/wp-content\/uploads\/2026\/02\/LGTBIQDeporte2-1024x691.jpg\" alt=\"\" class=\"wp-image-293631\" srcset=\"https:\/\/tucomarca.whitekongsoftware.com\/wp-content\/uploads\/2026\/02\/LGTBIQDeporte2-1024x691.jpg 1024w, https:\/\/tucomarca.whitekongsoftware.com\/wp-content\/uploads\/2026\/02\/LGTBIQDeporte2-300x202.jpg 300w, https:\/\/tucomarca.whitekongsoftware.com\/wp-content\/uploads\/2026\/02\/LGTBIQDeporte2-768x518.jpg 768w, https:\/\/tucomarca.whitekongsoftware.com\/wp-content\/uploads\/2026\/02\/LGTBIQDeporte2.jpg 1181w\" sizes=\"auto, (max-width: 1024px) 100vw, 1024px\" \/><\/figure>\n\n\n\n<p class=\"wp-block-paragraph\">La secret\u00e0ria auton\u00f2mica ha recalcat que \u201cl\u2019esport no \u00e9s un lloc a on triar entre ser qui eres o formar part d\u2019un equip\u201d, i ha recordat que estes actituds \u201cno tenen cabuda en cap espai, i molt menys en l\u2019esport, que ha de ser sin\u00f2nim d\u2019igualtat, respecte i treball en equip i un espai a on cada persona puga ser ella mateixa sense por de patir exclusi\u00f3, burles o viol\u00e8ncia\u201d.<\/p>\n\n\n\n<p class=\"wp-block-paragraph\">Asunci\u00f3n Quinz\u00e1 ha subratllat \u201cla necessitat de garantir que totes les persones que patixen qualsevol tracte discriminatori puguen gaudir d\u2019una vida sense estigmes. Sabem que este objectiu solament es pot aconseguir a trav\u00e9s de la implicaci\u00f3 de totes les administracions p\u00fabliques i de la col\u00b7laboraci\u00f3 amb les entitats socials que treballen incansablement en este \u00e0mbit\u201d, ha indicat.<\/p>\n\n\n\n<p class=\"wp-block-paragraph\">En este sentit, Quinz\u00e1 ha posat en relleu iniciatives impulsades per part de la Vicepresid\u00e8ncia Primera i Conselleria de Vivenda, Ocupaci\u00f3, Joventut i Igualtat amb el prop\u00f2sit de contribuir a una pr\u00e0ctica esportiva m\u00e9s inclusiva, segura, lliure i respectuosa.<\/p>\n\n\n\n<p class=\"wp-block-paragraph\">Este \u00e9s el cas de la campanya \u2018Ata en corto la LGTBIQ+fobia\u2019, dirigida contra les actituds de discriminaci\u00f3 en l\u2019esport i que s\u2019emmarca dins del protocol d\u2019\u2018Espais Lliures de LGTBIQ+f\u00f2bia\u2019. Un programa que t\u00e9 com a objectiu \u201cgarantir que tots els espais, siguen p\u00fablics o privats, tant esportius com culturals, siguen segurs i respectuosos per a les persones LGTBIQ+, sense cap tipus de discriminaci\u00f3 o viol\u00e8ncia verbal, f\u00edsica o psicol\u00f2gica\u201d, ha explicat la secret\u00e0ria auton\u00f2mica.<\/p>\n\n\n\n<p class=\"wp-block-paragraph\">Durant la marxa, els participants compartiran experi\u00e8ncies i informaci\u00f3 amb les persones que es troben practicant esport pel llit del riu. En finalitzar es llegir\u00e0 un manifest contra la discriminaci\u00f3 en l\u2019\u00e0mbit esportiu i es posar\u00e0 en relleu l\u2019especial atenci\u00f3 als esports d\u2019equip, com el futbol, el b\u00e0squet o el rugbi, per ser a on m\u00e9s casos de LGTBIQ+f\u00f2bia es registren.<\/p>\n\n\n\n<p class=\"wp-block-paragraph\">Es tracta de disciplines en les quals el contacte amb persones heterosexuals \u00e9s m\u00e9s gran i, en conseq\u00fc\u00e8ncia, tamb\u00e9 a on m\u00e9s comentaris i actituds hom\u00f2fobes es continuen produint.<\/p>\n\n\n\n<p class=\"wp-block-paragraph\">Davant d\u2019aix\u00f2, el manifest reivindicar\u00e0 el fet de poder estar presents i visibles en tots els \u00e0mbits esportius, a m\u00e9s d\u2019incidir en qu\u00e8 quan es practica esport en un entorn inclusiu i segur, l\u2019experi\u00e8ncia es multiplica en valor i en gratificaci\u00f3 personal, enfortim l\u2019autoestima i la companyonia.<\/p>\n\n\n\n<p class=\"wp-block-paragraph\">Per aix\u00f2, s\u2019aprofitar\u00e0 esta ocasi\u00f3 per a real\u00e7ar l\u2019exist\u00e8ncia d\u2019un teixit associatiu divers i molt actiu que ha aconseguit que l\u2019esport forme part del dia a dia del col\u00b7lectiu LGTBIQ+, creant h\u00e0bits saludables, vincles d\u2019amistat i un espai en el qual moltes persones poden viure l\u2019esport amb llibertat.&nbsp;<\/p>\n\n\n\n<p class=\"wp-block-paragraph\"><strong>Diversitat en l\u2019esport<\/strong><\/p>\n\n\n\n<p class=\"wp-block-paragraph\">El 19 de febrer es commemora el \u2018Dia Internacional contra la LGTBIQ+f\u00f2bia en l\u2019Esport\u2019 amb l\u2019objectiu d\u2019erradicar la discriminaci\u00f3 i de donar visibilitat a les persones pertanyents al col\u00b7lectiu LGTBIQ+ que practiquen esport i activitat f\u00edsica.<\/p>\n\n\n\n<p class=\"wp-block-paragraph\">Es commemora este dia amb motiu de la data de naixement de Justin Fashanu, futbolista de 37 anys que es va su\u00efcidar a Londres a causa de les pressions rebudes des que en 1990 declarara la seua homosexualitat al diari&nbsp;<em>The Sun<\/em>.<\/p>\n\n\n\n<p class=\"wp-block-paragraph\">Este fet va marcar un abans i un despr\u00e9s en el m\u00f3n de l\u2019esport i ha servit per a conscienciar sobre l\u2019irrellevant que hauria de ser per a la societat l\u2019orientaci\u00f3 sexual dels i les esportistes, que haurien de ser valorats per les fites i \u00e8xits aconseguits.<\/p>\n\n\n\n<p class=\"wp-block-paragraph\">\u201cCom a societat hem de fer un pas m\u00e9s contra la LGTBIQ+f\u00f2bia, contra el silenci, contra la normalitzaci\u00f3 de l\u2019insult i en favor de la visibilitzaci\u00f3\u201d, ha def\u00e9s Asunci\u00f3n Quinz\u00e1, qui ha recordat que \u201cla diversitat tamb\u00e9 juga en l\u2019esport\u201d.<\/p>\n","protected":false},"excerpt":{"rendered":"<div class=\"mh-excerpt\">La secret\u00e0ria auton\u00f2mica d\u2019Igualtat i Diversitat participa en una marxa per a commemorar el \u2018Dia Internacional contra la LGTBIQ+f\u00f2bia en l\u2019Esport\u2019 i superar les actituds hom\u00f2fobes en l\u2019\u00e0mbit esportiu. La secret\u00e0ria auton\u00f2mica d\u2019Igualtat i Diversitat, <a class=\"mh-excerpt-more\" href=\"https:\/\/tucomarca.whitekongsoftware.com\/ca\/la-generalitat-aposta-per-generar-espais-lliures-de-lgtbiqfobia-en-lesport-i-afavorir-la-practica-esportiva-inclusiva\/\" title=\"La Generalitat aposta per generar espais lliures de LGTBIQ+f\u00f2bia en l\u2019esport i afavorir la pr\u00e0ctica esportiva inclusiva\">[+] <\/a><\/div>\n","protected":false},"author":12,"featured_media":293630,"comment_status":"open","ping_status":"open","sticky":false,"template":"","format":"standard","meta":{"footnotes":""},"categories":[10952,10892,6,11003,10898,8,10894,72,10904,142,10947,3,45],"tags":[545,14244,10716,11498,22043,22042],"class_list":["post-293634","post","type-post","status-publish","format-standard","has-post-thumbnail","category-benaguasil-ca","category-camp-de-turia-ca","category-deportes","category-sports","category-ventana-ca","category-la-comarca","category-la-comarca-ca","category-sin-categorizar","category-sin-categorizar-ca","category-politica-la-comarca","category-politica","category-seccion","category-ventana","tag-deporte","tag-deporte-ca","tag-generalitat-valenciana","tag-generalitat-valenciana-ca","tag-lgtbiqfobia-ca","tag-lgtbiqfobia"],"_links":{"self":[{"href":"https:\/\/tucomarca.whitekongsoftware.com\/ca\/wp-json\/wp\/v2\/posts\/293634","targetHints":{"allow":["GET"]}}],"collection":[{"href":"https:\/\/tucomarca.whitekongsoftware.com\/ca\/wp-json\/wp\/v2\/posts"}],"about":[{"href":"https:\/\/tucomarca.whitekongsoftware.com\/ca\/wp-json\/wp\/v2\/types\/post"}],"author":[{"embeddable":true,"href":"https:\/\/tucomarca.whitekongsoftware.com\/ca\/wp-json\/wp\/v2\/users\/12"}],"replies":[{"embeddable":true,"href":"https:\/\/tucomarca.whitekongsoftware.com\/ca\/wp-json\/wp\/v2\/comments?post=293634"}],"version-history":[{"count":0,"href":"https:\/\/tucomarca.whitekongsoftware.com\/ca\/wp-json\/wp\/v2\/posts\/293634\/revisions"}],"wp:featuredmedia":[{"embeddable":true,"href":"https:\/\/tucomarca.whitekongsoftware.com\/ca\/wp-json\/wp\/v2\/media\/293630"}],"wp:attachment":[{"href":"https:\/\/tucomarca.whitekongsoftware.com\/ca\/wp-json\/wp\/v2\/media?parent=293634"}],"wp:term":[{"taxonomy":"category","embeddable":true,"href":"https:\/\/tucomarca.whitekongsoftware.com\/ca\/wp-json\/wp\/v2\/categories?post=293634"},{"taxonomy":"post_tag","embeddable":true,"href":"https:\/\/tucomarca.whitekongsoftware.com\/ca\/wp-json\/wp\/v2\/tags?post=293634"}],"curies":[{"name":"wp","href":"https:\/\/api.w.org\/{rel}","templated":true}]}}