{"id":293545,"date":"2026-02-18T11:45:00","date_gmt":"2026-02-18T10:45:00","guid":{"rendered":"https:\/\/www.tucomarca.com\/wordpress\/segunda\/?p=293545"},"modified":"2026-02-18T20:49:03","modified_gmt":"2026-02-18T19:49:03","slug":"setaigues-rep-a-la-fallera-major-infantil-de-valencia-marta-mercader-i-a-la-seua-cort-dhonor","status":"publish","type":"post","link":"https:\/\/tucomarca.whitekongsoftware.com\/ca\/setaigues-rep-a-la-fallera-major-infantil-de-valencia-marta-mercader-i-a-la-seua-cort-dhonor\/","title":{"rendered":"Setaig\u00fces rep a la Fallera Major Infantil de Val\u00e8ncia, Marta Mercader, i a la seua Cort d&#8217;Honor"},"content":{"rendered":"\n<p class=\"wp-block-paragraph\">La localitat de Setaig\u00fces va viure en la vesprada del passat dimarts una jornada especialment emotiva amb la visita de la Fallera Major Infantil de Val\u00e8ncia, Marta Mercader, acompanyada per la seua Cort d&#8217;Honor.<\/p>\n\n\n\n<p class=\"wp-block-paragraph\">El municipi va voler correspondre a aquesta trobada institucional i festiva amb un reconeixement simb\u00f2lic, fent lliurament a la m\u00e0xima representant infantil de les Falles de la Medalla d&#8217;Or de la Vila, en agra\u00efment per la seua proximitat i per exercir com a ambaixadora i entusiasta d&#8217;un poble que, segons va manifestar, tamb\u00e9 sent com a propi.<\/p>\n\n\n\n<p class=\"wp-block-paragraph\">Durant la recepci\u00f3, se&#8217;ls va obsequiar a m\u00e9s amb unes caixes de dol\u00e7os t\u00edpics locals, un detall amb el qual l&#8217;Ajuntament va voler mostrar la tradici\u00f3 gastron\u00f2mica del municipi i l&#8217;hospitalitat dels seus ve\u00efns i ve\u00efnes, que van participar amb entusiasme en l&#8217;acte.<\/p>\n\n\n\n<p class=\"wp-block-paragraph\">Des del consistori es va traslladar l&#8217;agra\u00efment a la Junta Central Fallera per l&#8217;organitzaci\u00f3 d&#8217;aquesta visita, que va permetre estr\u00e9nyer lla\u00e7os entre el m\u00f3n faller i la localitat.<\/p>\n\n\n\n<p class=\"wp-block-paragraph\">La jornada va concloure amb un missatge d&#8217;afecte cap a Marta Mercader i la seua Cort d&#8217;Honor, als qui se&#8217;ls va desitjar unes festes inoblidables, recordant-los que Setaig\u00fces sempre tindr\u00e0 les seues portes obertes per a rebre-les.<\/p>\n\n\n\n<figure class=\"wp-block-image size-large\"><img loading=\"lazy\" decoding=\"async\" width=\"1024\" height=\"1024\" src=\"http:\/\/www.tucomarca.com\/wordpress\/segunda\/wp-content\/uploads\/2026\/02\/SieteAguasFMIV2-1024x1024.jpg\" alt=\"\" class=\"wp-image-293541\" srcset=\"https:\/\/tucomarca.whitekongsoftware.com\/wp-content\/uploads\/2026\/02\/SieteAguasFMIV2-1024x1024.jpg 1024w, https:\/\/tucomarca.whitekongsoftware.com\/wp-content\/uploads\/2026\/02\/SieteAguasFMIV2-300x300.jpg 300w, https:\/\/tucomarca.whitekongsoftware.com\/wp-content\/uploads\/2026\/02\/SieteAguasFMIV2-290x290.jpg 290w, https:\/\/tucomarca.whitekongsoftware.com\/wp-content\/uploads\/2026\/02\/SieteAguasFMIV2-768x768.jpg 768w, https:\/\/tucomarca.whitekongsoftware.com\/wp-content\/uploads\/2026\/02\/SieteAguasFMIV2-1536x1536.jpg 1536w, https:\/\/tucomarca.whitekongsoftware.com\/wp-content\/uploads\/2026\/02\/SieteAguasFMIV2.jpg 1715w\" sizes=\"auto, (max-width: 1024px) 100vw, 1024px\" \/><\/figure>\n","protected":false},"excerpt":{"rendered":"<div class=\"mh-excerpt\">La localitat de Setaig\u00fces va viure en la vesprada del passat dimarts una jornada especialment emotiva amb la visita de la Fallera Major Infantil de Val\u00e8ncia, Marta Mercader, acompanyada per la seua Cort d&#8217;Honor. El <a class=\"mh-excerpt-more\" href=\"https:\/\/tucomarca.whitekongsoftware.com\/ca\/setaigues-rep-a-la-fallera-major-infantil-de-valencia-marta-mercader-i-a-la-seua-cort-dhonor\/\" title=\"Setaig\u00fces rep a la Fallera Major Infantil de Val\u00e8ncia, Marta Mercader, i a la seua Cort d&#8217;Honor\">[+] <\/a><\/div>\n","protected":false},"author":12,"featured_media":293544,"comment_status":"open","ping_status":"open","sticky":false,"template":"","format":"image","meta":{"footnotes":""},"categories":[10894,10912,11004,11007,11008,10896,10979],"tags":[23940,10914,11157],"class_list":["post-293545","post","type-post","status-publish","format-image","has-post-thumbnail","category-la-comarca-ca","category-la-hoya-ca","category-la-semana-en-imagenes-ca","category-ocio-y-cultura-ca","category-pueblos-en-fiestas-ca","category-seccion-ca","category-siete-aguas-ca","tag-fmiv-marta-mercader-ca","tag-la-hoya-de-bunol-chiva-ca","tag-siete-aguas-ca","post_format-post-format-image"],"_links":{"self":[{"href":"https:\/\/tucomarca.whitekongsoftware.com\/ca\/wp-json\/wp\/v2\/posts\/293545","targetHints":{"allow":["GET"]}}],"collection":[{"href":"https:\/\/tucomarca.whitekongsoftware.com\/ca\/wp-json\/wp\/v2\/posts"}],"about":[{"href":"https:\/\/tucomarca.whitekongsoftware.com\/ca\/wp-json\/wp\/v2\/types\/post"}],"author":[{"embeddable":true,"href":"https:\/\/tucomarca.whitekongsoftware.com\/ca\/wp-json\/wp\/v2\/users\/12"}],"replies":[{"embeddable":true,"href":"https:\/\/tucomarca.whitekongsoftware.com\/ca\/wp-json\/wp\/v2\/comments?post=293545"}],"version-history":[{"count":0,"href":"https:\/\/tucomarca.whitekongsoftware.com\/ca\/wp-json\/wp\/v2\/posts\/293545\/revisions"}],"wp:featuredmedia":[{"embeddable":true,"href":"https:\/\/tucomarca.whitekongsoftware.com\/ca\/wp-json\/wp\/v2\/media\/293544"}],"wp:attachment":[{"href":"https:\/\/tucomarca.whitekongsoftware.com\/ca\/wp-json\/wp\/v2\/media?parent=293545"}],"wp:term":[{"taxonomy":"category","embeddable":true,"href":"https:\/\/tucomarca.whitekongsoftware.com\/ca\/wp-json\/wp\/v2\/categories?post=293545"},{"taxonomy":"post_tag","embeddable":true,"href":"https:\/\/tucomarca.whitekongsoftware.com\/ca\/wp-json\/wp\/v2\/tags?post=293545"}],"curies":[{"name":"wp","href":"https:\/\/api.w.org\/{rel}","templated":true}]}}