{"id":293266,"date":"2026-02-16T11:45:00","date_gmt":"2026-02-16T10:45:00","guid":{"rendered":"https:\/\/www.tucomarca.com\/wordpress\/segunda\/?p=293266"},"modified":"2026-02-16T19:07:15","modified_gmt":"2026-02-16T18:07:15","slug":"la-generalitat-paga-632-milions-deuros-en-ajudes-del-pla-ara-empreses-per-a-reactivar-els-negocis-afectats-per-la-dana","status":"publish","type":"post","link":"https:\/\/tucomarca.whitekongsoftware.com\/ca\/la-generalitat-paga-632-milions-deuros-en-ajudes-del-pla-ara-empreses-per-a-reactivar-els-negocis-afectats-per-la-dana\/","title":{"rendered":"La Generalitat paga 63,2 milions d&#8217;euros en ajudes del Pla \u2018Ara Empreses\u2019 per a reactivar els negocis afectats per la DANA"},"content":{"rendered":"\n<h3 class=\"wp-block-heading\">S&#8217;ha liquidat el 75,5% del pressupost concedit.<\/h3>\n\n\n\n<h3 class=\"wp-block-heading\">De les 2.324 sol\u00b7licituds rebudes s&#8217;han aprovat 2.120.<\/h3>\n\n\n\n<h3 class=\"wp-block-heading\">P\u00e9rez Llorca: \u201cL&#8217;ampliaci\u00f3 dels terminis de justificaci\u00f3 ha sigut clau per a no deixar arrere a cap empresa\u201d.<\/h3>\n\n\n\n<p class=\"wp-block-paragraph\">La Generalitat, a trav\u00e9s de l&#8217;Institut Valenci\u00e0 de Competitivitat i Innovaci\u00f3 (Ivace+i), ha pagat 63,2 milions d&#8217;euros dels 83,6 milions concedits a trav\u00e9s del Programa \u2018Llaura Empreses\u2019.<\/p>\n\n\n\n<p class=\"wp-block-paragraph\">Aquesta xifra suposa que el 75,5% de les ajudes previstes estan a la disposici\u00f3 d&#8217;ind\u00fastries, comer\u00e7os, hostaleria i serveis afectats per la riuada.<\/p>\n\n\n\n<p class=\"wp-block-paragraph\">Per al president de la Generalitat, Juanfran P\u00e9rez Llorca, &#8220;haver pagat el 75,5% de les ajudes concedides hui dia posa en relleu el comprom\u00eds adquirit pel Consell d&#8217;estar al costat de la reconstrucci\u00f3 oferint solucions i no barreres burocr\u00e0tiques\u201d.<\/p>\n\n\n\n<p class=\"wp-block-paragraph\">El programa \u2018Llaura Empreses\u2019, dissenyat per Ivace+i en col\u00b7laboraci\u00f3 amb associacions empresarials, de comerciants i ajuntaments, es va crear per a donar una resposta immediata i ajudar a la reactivaci\u00f3 i recuperaci\u00f3 del teixit industrial danyat.<\/p>\n\n\n\n<p class=\"wp-block-paragraph\">A trav\u00e9s d&#8217;aquest Pla dotat amb fons 100% de la Generalitat, s&#8217;han cobert les despeses de l&#8217;adquisici\u00f3, reparaci\u00f3 o substituci\u00f3 de maquin\u00e0ria, els derivats de la reactivaci\u00f3 de l&#8217;activitat, de la reparaci\u00f3, adaptaci\u00f3 o millora d&#8217;instal\u00b7lacions, aix\u00ed com els de les auditories de justificaci\u00f3.<\/p>\n\n\n\n<p class=\"wp-block-paragraph\">De les 2.324 sol\u00b7licituds rebudes, Ivace+i ha aprovat 2.120, de les quals 1.707 corresponen al sector comercie, hostaleria i serveis i els 413 restants al sector industrial.<\/p>\n\n\n\n<p class=\"wp-block-paragraph\">Fins a la data, s&#8217;han finan\u00e7at amb prop de 43 milions d&#8217;euros 1.439 sol\u00b7licituds de comer\u00e7os. Per part seua, el sector industrial ha rebut un suport econ\u00f2mic de 20,3 milions d&#8217;euros per a cobrir les necessitats de 365 ind\u00fastries que havien presentat la seua sol\u00b7licitud.<\/p>\n\n\n\n<p class=\"wp-block-paragraph\">El cap del Consell ha destacat l&#8217;esfor\u00e7 i resili\u00e8ncia del teixit industrial de les zones afectades \u201cels qui han liderat la reactivaci\u00f3 en condicions d&#8217;extrema dificultat\u201d, al mateix temps que ha assenyalat que la gesti\u00f3 administrativa flexible per part de Ivace+i ha ajudat al fet que cap sol\u00b7licitud es quedara fora de termini\u201d.<\/p>\n\n\n\n<p class=\"wp-block-paragraph\">P\u00e9rez Llorca ha indicat que, davant la complexitat de les reparacions i les peticions dels afectats, Ivace+i va ampliar el termini de justificaci\u00f3 en dues ocasions despr\u00e9s del tancament inicial del 31 d&#8217;octubre, permetent que les empreses pogueren completar els seus tr\u00e0mits fins al passat 15 de gener.<\/p>\n\n\n\n<p class=\"wp-block-paragraph\"><strong>Mesures complement\u00e0ries<\/strong><\/p>\n\n\n\n<p class=\"wp-block-paragraph\">Amb l&#8217;objectiu que les ajudes del Pla \u2018Ara Empreses\u2019 arribara a tots els racons dels municipis afectats, Ivace+i va establir una seriosa de mesures complement\u00e0ries.<\/p>\n\n\n\n<p class=\"wp-block-paragraph\">Es va activar un servei d&#8217;oficines m\u00f2bils d&#8217;informaci\u00f3 i assessorament amb una ruta establida pels municipis afectats. Es va contractar agents de proximitat per a informar, resoldre dubtes i ajudar els afectats a presentar les seues sol\u00b7licituds. Aquests agents van visitar un total de 3.268 establiments de 34 municipis.<\/p>\n\n\n\n<p class=\"wp-block-paragraph\">Amb l&#8217;ajuda de les associacions empresarials, de comerciants i d&#8217;ajuntaments, t\u00e8cnics de Ivace+i han participat en una vintena de jornades informatives.<\/p>\n","protected":false},"excerpt":{"rendered":"<div class=\"mh-excerpt\">S&#8217;ha liquidat el 75,5% del pressupost concedit. De les 2.324 sol\u00b7licituds rebudes s&#8217;han aprovat 2.120. P\u00e9rez Llorca: \u201cL&#8217;ampliaci\u00f3 dels terminis de justificaci\u00f3 ha sigut clau per a no deixar arrere a cap empresa\u201d. La Generalitat, <a class=\"mh-excerpt-more\" href=\"https:\/\/tucomarca.whitekongsoftware.com\/ca\/la-generalitat-paga-632-milions-deuros-en-ajudes-del-pla-ara-empreses-per-a-reactivar-els-negocis-afectats-per-la-dana\/\" title=\"La Generalitat paga 63,2 milions d&#8217;euros en ajudes del Pla \u2018Ara Empreses\u2019 per a reactivar els negocis afectats per la DANA\">[+] <\/a><\/div>\n","protected":false},"author":12,"featured_media":171460,"comment_status":"open","ping_status":"open","sticky":false,"template":"","format":"standard","meta":{"footnotes":""},"categories":[21466,10898,10948,10894,10904,10903,10947,10896,10897],"tags":[15409,11498,22085],"class_list":["post-293266","post","type-post","status-publish","format-standard","has-post-thumbnail","category-dana-ca","category-ventana-ca","category-infraestructuras-ca","category-la-comarca-ca","category-sin-categorizar-ca","category-medio-ambiente-la-comarca-ca","category-politica","category-seccion-ca","category-sucesos-la-comarca-ca","tag-dana-2-ca","tag-generalitat-valenciana-ca","tag-plan-ara-empreses-ca"],"_links":{"self":[{"href":"https:\/\/tucomarca.whitekongsoftware.com\/ca\/wp-json\/wp\/v2\/posts\/293266","targetHints":{"allow":["GET"]}}],"collection":[{"href":"https:\/\/tucomarca.whitekongsoftware.com\/ca\/wp-json\/wp\/v2\/posts"}],"about":[{"href":"https:\/\/tucomarca.whitekongsoftware.com\/ca\/wp-json\/wp\/v2\/types\/post"}],"author":[{"embeddable":true,"href":"https:\/\/tucomarca.whitekongsoftware.com\/ca\/wp-json\/wp\/v2\/users\/12"}],"replies":[{"embeddable":true,"href":"https:\/\/tucomarca.whitekongsoftware.com\/ca\/wp-json\/wp\/v2\/comments?post=293266"}],"version-history":[{"count":0,"href":"https:\/\/tucomarca.whitekongsoftware.com\/ca\/wp-json\/wp\/v2\/posts\/293266\/revisions"}],"wp:featuredmedia":[{"embeddable":true,"href":"https:\/\/tucomarca.whitekongsoftware.com\/ca\/wp-json\/wp\/v2\/media\/171460"}],"wp:attachment":[{"href":"https:\/\/tucomarca.whitekongsoftware.com\/ca\/wp-json\/wp\/v2\/media?parent=293266"}],"wp:term":[{"taxonomy":"category","embeddable":true,"href":"https:\/\/tucomarca.whitekongsoftware.com\/ca\/wp-json\/wp\/v2\/categories?post=293266"},{"taxonomy":"post_tag","embeddable":true,"href":"https:\/\/tucomarca.whitekongsoftware.com\/ca\/wp-json\/wp\/v2\/tags?post=293266"}],"curies":[{"name":"wp","href":"https:\/\/api.w.org\/{rel}","templated":true}]}}