{"id":293260,"date":"2026-02-15T12:30:00","date_gmt":"2026-02-15T11:30:00","guid":{"rendered":"https:\/\/www.tucomarca.com\/wordpress\/segunda\/?p=293260"},"modified":"2026-02-25T13:17:29","modified_gmt":"2026-02-25T12:17:29","slug":"emergencies-demana-mantindre-la-vigilancia-davant-possibles-despreniments-i-caiguda-darbres-a-causa-dels-efectes-del-temporal-de-vent","status":"publish","type":"post","link":"https:\/\/tucomarca.whitekongsoftware.com\/ca\/emergencies-demana-mantindre-la-vigilancia-davant-possibles-despreniments-i-caiguda-darbres-a-causa-dels-efectes-del-temporal-de-vent\/","title":{"rendered":"Emerg\u00e8ncies demana mantindre la vigil\u00e0ncia davant possibles despreniments i caiguda d&#8217;arbres a causa dels efectes del temporal de vent"},"content":{"rendered":"\n<h3 class=\"wp-block-heading\">Les previsions indiquen que l&#8217;episodi de vent en la Comunitat Valenciana dona una treva, per\u00f2 que es poden reactivar els avisos.<\/h3>\n\n\n\n<h3 class=\"wp-block-heading\">El tel\u00e8fon d&#8217;emerg\u00e8ncies 112 ha gestionat en dos dies a causa del vent un total de 1.681 incidents i ha at\u00e9s 2.297 anomenades.<\/h3>\n\n\n\n<h3 class=\"wp-block-heading\">El nivell de preemerg\u00e8ncia per risc d&#8217;incendis forestals \u00e9s extrem a la prov\u00edncia de Castell\u00f3 i alt en la resta de la Comunitat Valenciana.<\/h3>\n\n\n\n<p class=\"wp-block-paragraph\">La Conselleria d&#8217;Emerg\u00e8ncies i Interior, a trav\u00e9s del Centre de Coordinaci\u00f3 d&#8217;Emerg\u00e8ncies de la Generalitat (CCE), ha em\u00e9s una nota informativa en la qual adverteix que s&#8217;ha de mantindre la vigil\u00e0ncia i extremar les precaucions davant possibles caigudes d&#8217;arbres i despreniments d&#8217;estructures, especialment, en les zones que han patit danys significatius pels efectes del temporal de vent encara actiu.<\/p>\n\n\n\n<p class=\"wp-block-paragraph\">Des del Centre de Coordinaci\u00f3 d&#8217;Emerg\u00e8ncies s&#8217;informa en la citada nota que, encara que el temporal de vent est\u00e0 donant una breu treva, les previsions de la Aemet indiquen que a partir d&#8217;aquesta mateixa vesprada es preveu la reactivaci\u00f3 d&#8217;avisos, inicialment a l&#8217;interior sud de la Comunitat, amb nivells grocs, una situaci\u00f3 que podria estendre&#8217;s dem\u00e0 al mat\u00ed a zones del litoral.<\/p>\n\n\n\n<p class=\"wp-block-paragraph\">En funci\u00f3 dels avisos de la Aemet, el Centre de Coordinaci\u00f3 d&#8217;Emerg\u00e8ncies ha realitzat aquest mat\u00ed una actualitzaci\u00f3 del seu butllet\u00ed de fen\u00f2mens adversos donant per finalitzades l&#8217;alerta per vents nivell roig a la prov\u00edncia de Castell\u00f3 i l&#8217;alerta taronja per vents a les prov\u00edncies de Val\u00e8ncia i Alacant, aix\u00ed com totes les alertes per fen\u00f2mens costaners en el litoral valenci\u00e0.<\/p>\n\n\n\n<p class=\"wp-block-paragraph\">Encara que s&#8217;han donat per finalitzades aquestes alertes, es rebaixa el nivell a groc per vents a la prov\u00edncia de Castell\u00f3, interior i litoral nord de Val\u00e8ncia i interior i litoral sud d&#8217;Alacant pel que, tal com indica la nota informativa, el temporal continua actiu en espera que es puguen emetre nous avisos en el transcurs de la vesprada.<\/p>\n\n\n\n<p class=\"wp-block-paragraph\">El document ha sigut rem\u00e9s als municipis i organismes competents en la gesti\u00f3 d&#8217;emerg\u00e8ncies perqu\u00e8 mantinguen una vigil\u00e0ncia activa de tots els avisos emesos pel Centre de Coordinaci\u00f3 d&#8217;Emerg\u00e8ncies durant aquests dies amb l&#8217;objectiu de garantir l&#8217;activaci\u00f3 primerenca dels protocols d&#8217;actuaci\u00f3 i l&#8217;adopci\u00f3 de les mesures preventives necess\u00e0ries en cada \u00e0mbit territorial.<\/p>\n\n\n\n<p class=\"wp-block-paragraph\">D&#8217;altra banda, el tel\u00e8fon d&#8217;emerg\u00e8ncies \u201c1\u00b71\u00b72 Comunitat Valenciana\u201d ha gestionat en dos dies, des del 13\/02 a les 11.00 hores fins hui 15\/02 a les 11.00 hores, un total de 1.681 incidents relacionats amb el temporal de vent (463 a Alacant, 802 a Val\u00e8ncia i 416 a Castell\u00f3). Les crides rebudes en aquest mateix per\u00edode han sigut 2.268 (1.152 a Val\u00e8ncia, 575 a Alacant i 570 a Castell\u00f3).<\/p>\n\n\n\n<p class=\"wp-block-paragraph\">La major part de les actuacions continuen sent causades per arbres caiguts i despreniments de branques i palmeres; mobiliari urb\u00e0 despla\u00e7at; caiguda de rebles de les fa\u00e7anes dels edificis o estructures met\u00e0l\u00b7liques; trencaments de cristalls; tanques i cartells publicitaris despresos; antenes despenjades o pals d&#8217;enllumenat derrocats.<\/p>\n\n\n\n<p class=\"wp-block-paragraph\">Finalment, des del Centre de Coordinaci\u00f3 d&#8217;Emerg\u00e8ncies s&#8217;ha establit per a hui risc extrem d&#8217;incendi forestal a la prov\u00edncia de Castell\u00f3 i alt en la resta de la Comunitat Valenciana i es fa una crida a la ciutadania perqu\u00e8 observen les mesures preventives necess\u00e0ries, aix\u00ed com recorda que amb nivell 3 extrem est\u00e0 prohibit realitzar focs i els treballs amb maquin\u00e0ria el\u00e8ctrica en terreny forestal.<\/p>\n\n\n\n<p class=\"wp-block-paragraph\">Des de la Conselleria d&#8217;Emerg\u00e8ncies i Interior s&#8217;insisteix en la import\u00e0ncia de repassar els consells de protecci\u00f3 civil dirigits a la poblaci\u00f3, que poden consultar-se en la web del 1\u00b71\u00b72, www.112cv.gva.es; en la xarxa X @gva112 o a trav\u00e9s de l&#8217;App GVA 112 Avisos (disponible en Google Play i App Store).<\/p>\n","protected":false},"excerpt":{"rendered":"<div class=\"mh-excerpt\">Les previsions indiquen que l&#8217;episodi de vent en la Comunitat Valenciana dona una treva, per\u00f2 que es poden reactivar els avisos. El tel\u00e8fon d&#8217;emerg\u00e8ncies 112 ha gestionat en dos dies a causa del vent un <a class=\"mh-excerpt-more\" href=\"https:\/\/tucomarca.whitekongsoftware.com\/ca\/emergencies-demana-mantindre-la-vigilancia-davant-possibles-despreniments-i-caiguda-darbres-a-causa-dels-efectes-del-temporal-de-vent\/\" title=\"Emerg\u00e8ncies demana mantindre la vigil\u00e0ncia davant possibles despreniments i caiguda d&#8217;arbres a causa dels efectes del temporal de vent\">[+] <\/a><\/div>\n","protected":false},"author":1,"featured_media":293225,"comment_status":"open","ping_status":"open","sticky":false,"template":"","format":"standard","meta":{"footnotes":""},"categories":[11046,10898,10948,10894,10904,10912,10902,10903,10947,10896,10897],"tags":[11247,11199,13644],"class_list":["post-293260","post","type-post","status-publish","format-standard","has-post-thumbnail","category-los-serranos-ca","category-ventana-ca","category-infraestructuras-ca","category-la-comarca-ca","category-sin-categorizar-ca","category-la-hoya-ca","category-la-ribera-ca","category-medio-ambiente-la-comarca-ca","category-politica","category-seccion-ca","category-sucesos-la-comarca-ca","tag-emergencias-ca","tag-la-comunitat-ca","tag-viento-ca"],"_links":{"self":[{"href":"https:\/\/tucomarca.whitekongsoftware.com\/ca\/wp-json\/wp\/v2\/posts\/293260","targetHints":{"allow":["GET"]}}],"collection":[{"href":"https:\/\/tucomarca.whitekongsoftware.com\/ca\/wp-json\/wp\/v2\/posts"}],"about":[{"href":"https:\/\/tucomarca.whitekongsoftware.com\/ca\/wp-json\/wp\/v2\/types\/post"}],"author":[{"embeddable":true,"href":"https:\/\/tucomarca.whitekongsoftware.com\/ca\/wp-json\/wp\/v2\/users\/1"}],"replies":[{"embeddable":true,"href":"https:\/\/tucomarca.whitekongsoftware.com\/ca\/wp-json\/wp\/v2\/comments?post=293260"}],"version-history":[{"count":0,"href":"https:\/\/tucomarca.whitekongsoftware.com\/ca\/wp-json\/wp\/v2\/posts\/293260\/revisions"}],"wp:featuredmedia":[{"embeddable":true,"href":"https:\/\/tucomarca.whitekongsoftware.com\/ca\/wp-json\/wp\/v2\/media\/293225"}],"wp:attachment":[{"href":"https:\/\/tucomarca.whitekongsoftware.com\/ca\/wp-json\/wp\/v2\/media?parent=293260"}],"wp:term":[{"taxonomy":"category","embeddable":true,"href":"https:\/\/tucomarca.whitekongsoftware.com\/ca\/wp-json\/wp\/v2\/categories?post=293260"},{"taxonomy":"post_tag","embeddable":true,"href":"https:\/\/tucomarca.whitekongsoftware.com\/ca\/wp-json\/wp\/v2\/tags?post=293260"}],"curies":[{"name":"wp","href":"https:\/\/api.w.org\/{rel}","templated":true}]}}