{"id":293190,"date":"2026-02-15T10:00:00","date_gmt":"2026-02-15T09:00:00","guid":{"rendered":"https:\/\/www.tucomarca.com\/wordpress\/segunda\/?p=293190"},"modified":"2026-02-15T12:14:07","modified_gmt":"2026-02-15T11:14:07","slug":"la-policia-local-dutiel-passa-a-ampliar-la-seua-plantilla-amb-6-nous-agents","status":"publish","type":"post","link":"https:\/\/tucomarca.whitekongsoftware.com\/ca\/la-policia-local-dutiel-passa-a-ampliar-la-seua-plantilla-amb-6-nous-agents\/","title":{"rendered":"La Policia Local d&#8217;Utiel passa a ampliar la seua plantilla amb 6 nous agents"},"content":{"rendered":"\n<p class=\"wp-block-paragraph\">Despr\u00e9s de la seua recent presa de possessi\u00f3 i la finalitzaci\u00f3 d&#8217;accions formatives en l&#8217;Institut Valenci\u00e0 de Seguretat P\u00fablica i Emerg\u00e8ncies (IVASPE), dilluns passat, els 6 efectius de la Policia Local d&#8217;Utiel iniciaven els seus serveis en la prefectura de policia Local d&#8217;Utiel.<\/p>\n\n\n\n<p class=\"wp-block-paragraph\">L&#8217;alcalde d&#8217;Utiel, Ricardo Gabald\u00f3n i el regidor de Seguretat Ciutadana, Juan Ortol\u00e1, han rebut aquesta setmana als agents recentment incorporats que han estat acompanyats de l&#8217;Inspector Jeje de la Policia Local, Juan Miguel Junquero.<\/p>\n\n\n\n<p class=\"wp-block-paragraph\">L&#8217;alcalde d&#8217;Utiel ha donat la benvinguda als nous efectius i ha remarcat que \u00e9s fonamental augmentar els efectius del cos de la Policia Local per a ampliar els operatius de seguretat ciutadania i facilitar la cooperaci\u00f3 i coordinaci\u00f3 en situacions d&#8217;emerg\u00e8ncia.<\/p>\n","protected":false},"excerpt":{"rendered":"<div class=\"mh-excerpt\">Despr\u00e9s de la seua recent presa de possessi\u00f3 i la finalitzaci\u00f3 d&#8217;accions formatives en l&#8217;Institut Valenci\u00e0 de Seguretat P\u00fablica i Emerg\u00e8ncies (IVASPE), dilluns passat, els 6 efectius de la Policia Local d&#8217;Utiel iniciaven els seus <a class=\"mh-excerpt-more\" href=\"https:\/\/tucomarca.whitekongsoftware.com\/ca\/la-policia-local-dutiel-passa-a-ampliar-la-seua-plantilla-amb-6-nous-agents\/\" title=\"La Policia Local d&#8217;Utiel passa a ampliar la seua plantilla amb 6 nous agents\">[+] <\/a><\/div>\n","protected":false},"author":12,"featured_media":293189,"comment_status":"open","ping_status":"open","sticky":false,"template":"","format":"standard","meta":{"footnotes":""},"categories":[10948,10894,10947,10909,10896,11059],"tags":[23924,10910,11174],"class_list":["post-293190","post","type-post","status-publish","format-standard","has-post-thumbnail","category-infraestructuras-ca","category-la-comarca-ca","category-politica","category-requena-utiel-ca","category-seccion-ca","category-utiel-ca","tag-policia-local-de-utiel-ca","tag-requena-utiel-ca","tag-utiel-ca"],"_links":{"self":[{"href":"https:\/\/tucomarca.whitekongsoftware.com\/ca\/wp-json\/wp\/v2\/posts\/293190","targetHints":{"allow":["GET"]}}],"collection":[{"href":"https:\/\/tucomarca.whitekongsoftware.com\/ca\/wp-json\/wp\/v2\/posts"}],"about":[{"href":"https:\/\/tucomarca.whitekongsoftware.com\/ca\/wp-json\/wp\/v2\/types\/post"}],"author":[{"embeddable":true,"href":"https:\/\/tucomarca.whitekongsoftware.com\/ca\/wp-json\/wp\/v2\/users\/12"}],"replies":[{"embeddable":true,"href":"https:\/\/tucomarca.whitekongsoftware.com\/ca\/wp-json\/wp\/v2\/comments?post=293190"}],"version-history":[{"count":0,"href":"https:\/\/tucomarca.whitekongsoftware.com\/ca\/wp-json\/wp\/v2\/posts\/293190\/revisions"}],"wp:featuredmedia":[{"embeddable":true,"href":"https:\/\/tucomarca.whitekongsoftware.com\/ca\/wp-json\/wp\/v2\/media\/293189"}],"wp:attachment":[{"href":"https:\/\/tucomarca.whitekongsoftware.com\/ca\/wp-json\/wp\/v2\/media?parent=293190"}],"wp:term":[{"taxonomy":"category","embeddable":true,"href":"https:\/\/tucomarca.whitekongsoftware.com\/ca\/wp-json\/wp\/v2\/categories?post=293190"},{"taxonomy":"post_tag","embeddable":true,"href":"https:\/\/tucomarca.whitekongsoftware.com\/ca\/wp-json\/wp\/v2\/tags?post=293190"}],"curies":[{"name":"wp","href":"https:\/\/api.w.org\/{rel}","templated":true}]}}